{"id":222199,"date":"2025-11-06T20:34:16","date_gmt":"2025-11-06T20:34:16","guid":{"rendered":"https:\/\/www.europesays.com\/es\/222199\/"},"modified":"2025-11-06T20:34:16","modified_gmt":"2025-11-06T20:34:16","slug":"emilia-clarke-revela-sus-planes-para-su-40-cumpleanos-brillo-solidaridad-y-celebracion","status":"publish","type":"post","link":"https:\/\/www.europesays.com\/es\/222199\/","title":{"rendered":"Emilia Clarke revela sus planes para su 40 cumplea\u00f1os: brillo, solidaridad y celebraci\u00f3n"},"content":{"rendered":"<p id=\"egLTWlfmMJ\" data-wc=\"94\">Emilia Clarke, reconocida mundialmente por su inolvidable interpretaci\u00f3n de <strong data-end=\"98\" data-start=\"76\">Daenerys Targaryen<\/strong><a class=\"hm-link ho-link\" href=\"https:\/\/www.hola.com\/actualidad\/20210816194623\/jason-momoa-emilia-clarke-reencuentro-juego-de-tronos\/\" data-mrf-recirculation=\"article-body-link\" rel=\"nofollow noopener\" target=\"_blank\">\u00a0en la aclamada serie Juego de Tronos<\/a>, ha vivido este s\u00e1bado una jornada especialmente emocionante. La talentosa actriz se traslad\u00f3 hasta el elegante <strong data-end=\"282\" data-start=\"246\">hotel Kimpton Fitzroy de Londres<\/strong> para asistir a la gala ben\u00e9fica <strong data-end=\"330\" data-start=\"315\">Global Gift<\/strong>, un evento que reuni\u00f3 a numerosas personalidades del mundo del espect\u00e1culo y la solidaridad. A su llegada, la int\u00e9rprete, de <strong data-end=\"470\" data-start=\"459\">39 a\u00f1os<\/strong>, mantuvo una conversaci\u00f3n con <strong data-end=\"674\" data-start=\"664\">HELLO!<\/strong>, nuestra revista hermana, durante la cual <strong data-end=\"877\" data-start=\"785\">revel\u00f3 algunos de los planes que tiene preparados para celebrar su pr\u00f3ximo 40 cumplea\u00f1os.<\/strong><\/p>\n<p> <img src=\"https:\/\/www.europesays.com\/es\/wp-content\/uploads\/2025\/11\/17dd6fa955f9-4l8b1013.jpg\"   width=\"682\" height=\"1024\" loading=\"lazy\" decoding=\"async\" alt=\"Media Image\" fetchpriority=\"auto\" class=\"image ho-image\"\/>\u00a9 Getty Images<\/p>\n<p class=\"\" id=\"eP6YgNquOtl\" data-wc=\"148\">La estrella internacional, que nada m\u00e1s llegar <strong data-end=\"131\" data-start=\"47\">cautiv\u00f3 todas las miradas con un deslumbrante vestido negro de Alexander McQueen<\/strong>, adornado con <strong data-end=\"200\" data-start=\"146\">bordados, transparencias y un elegante escote en V<\/strong>, convers\u00f3 con <strong data-end=\"238\" data-start=\"228\">HELLO!<\/strong> <a class=\"hm-link ho-link\" href=\"https:\/\/www.hola.com\/moda\/tendencias\/20231023241575\/emilia-clarke-mejores-looks-cumpleanos\/\" data-mrf-recirculation=\"article-body-link\" rel=\"nofollow noopener\" target=\"_blank\">sobre sus pr\u00f3ximos proyectos y su vida personal.<\/a> Durante la entrevista, <strong data-end=\"328\" data-start=\"311\">Emilia Clarke<\/strong> asegur\u00f3, con su caracter\u00edstico sentido del humor y una amplia sonrisa en el rostro, que tiene muy claro c\u00f3mo celebrar\u00e1 su pr\u00f3ximo cumplea\u00f1os. El <strong data-end=\"491\" data-start=\"474\">23 de octubre<\/strong>, cuando cumpla <strong data-end=\"518\" data-start=\"507\">40 a\u00f1os<\/strong>, piensa hacerlo por todo lo alto: \u201cLo celebrar\u00e9 con la fiesta m\u00e1s grande de la historia\u201d, afirm\u00f3 entre risas, dejando entrever la emoci\u00f3n con la que espera esa fecha tan especial. Adem\u00e1s, en cuanto a sus pr\u00f3ximos trabajos rebel\u00f3 que tiene \u00abalgunos proyectos en camino\u2026 una serie de televisi\u00f3n y una peque\u00f1a pel\u00edcula independiente. Hay mucha gente con la que me gustar\u00eda trabajar en un futuro pero no podr\u00eda nombrarlos a todos\u00bb.<\/p>\n<p> <img src=\"https:\/\/www.europesays.com\/es\/wp-content\/uploads\/2025\/11\/8c9dad7d40e5-foto-2-11-25-12-24-35-55.jpg\"   width=\"1024\" height=\"682\" loading=\"lazy\" decoding=\"async\" alt=\"Emilia Clarke, Amaury Nolasco y Mar\u00eda Bravo\" fetchpriority=\"auto\" class=\"image ho-image\"\/>\u00a9 gettyimages<\/p>\n<p> <img src=\"https:\/\/www.europesays.com\/es\/wp-content\/uploads\/2025\/11\/574112356aa3-4l8b1049.jpg\"   width=\"682\" height=\"1024\" loading=\"lazy\" decoding=\"async\" alt=\"Emilia Clarke\" fetchpriority=\"auto\" class=\"image ho-image\"\/>\u00a9 gettyimages<\/p>\n<p id=\"edXlpHcFbl\" data-wc=\"156\">Emilia Clarke disfrut\u00f3 de una velada m\u00e1gica en la que tuvo el honor de ejercer como Presidenta de Honor durante la gala ben\u00e9fica Global Gift, un evento dedicado a apoyar a ni\u00f1os y familias en situaci\u00f3n de vulnerabilidad o riesgo de exclusi\u00f3n social. <a class=\"hm-link ho-link\" href=\"https:\/\/www.hola.com\/realeza\/casa_inglesa\/20240221249741\/principe-guillermo-emilia-clarke-madre-entrega-reconocimiento\/\" data-mrf-recirculation=\"article-body-link\" rel=\"nofollow noopener\" target=\"_blank\">La actriz estuvo acompa\u00f1ada por su madre, Jenny Clarke MBE<\/a>, y por la presidenta y fundadora de la organizaci\u00f3n, Mar\u00eda Bravo. Cabe recordar que la actriz tambi\u00e9n lidera su propia fundaci\u00f3n ben\u00e9fica, Same You, una entidad dedicada a brindar apoyo y rehabilitaci\u00f3n a personas que han sufrido lesiones cerebrales. \u00abEstoy inmensamente agradecida a la Gala Global de Regalos, porque SameYou , la organizaci\u00f3n ben\u00e9fica que dirijo con mi madre, es peque\u00f1a pero poderosa, y sin eventos como esta gala, no existir\u00edamos. Dirigir una organizaci\u00f3n ben\u00e9fica y que estas sobrevivan es pr\u00e1cticamente imposible hoy en d\u00eda, as\u00ed que sin eventos como este, es imposible<strong>. Lo que hacen es realmente incre\u00edble\u00bb<\/strong>, declar\u00f3 durante la entrevista.\u00a0<\/p>\n<p> <img src=\"https:\/\/www.europesays.com\/es\/wp-content\/uploads\/2025\/11\/aa4aef4575e0-foto-2-11-25-12-24-35-47-1.jpg\"   width=\"682\" height=\"1024\" loading=\"lazy\" decoding=\"async\" alt=\"Emilia Clarke y Jennifer Clarke\" fetchpriority=\"auto\" class=\"image ho-image\"\/>\u00a9 gettyimages<\/p>\n<p> <img src=\"https:\/\/www.europesays.com\/es\/wp-content\/uploads\/2025\/11\/9048e8de7ea6-86ycm0lw.jpg\"   width=\"1024\" height=\"682\" loading=\"lazy\" decoding=\"async\" alt=\"Emilia Clarke, Christina Milian y Mar\u00eda Bravo\" fetchpriority=\"auto\" class=\"image ho-image\"\/>\u00a9 gettyimages<\/p>\n<p id=\"eSJhWvf4Pk\" data-wc=\"43\">Adem\u00e1s, tambi\u00e9n ha mantenido una conversaci\u00f3n con Daily Mail en la que ha confesado que es una aut\u00e9ntica fan de Stormy y tras enterarse de que el cantante brit\u00e1nico est\u00e1 soltero, entre risas, exclam\u00f3:<strong>\u00a0\u00ab\u00bfPuedo, mam\u00e1? \u00a1Ah\u00ed lo ten\u00e9is, pod\u00e9is emparejarnos, ah\u00ed estamos!\u00bb.<\/strong><\/p>\n<p> <img src=\"https:\/\/www.europesays.com\/es\/wp-content\/uploads\/2025\/11\/220e9eac8b1b-4l8b1057.jpg\"   width=\"1024\" height=\"682\" loading=\"lazy\" decoding=\"async\" alt=\"Emilia Clarke y Mar\u00eda Bravo\" fetchpriority=\"auto\" class=\"image ho-image\"\/>\u00a9 gettyimages<\/p>\n","protected":false},"excerpt":{"rendered":"Emilia Clarke, reconocida mundialmente por su inolvidable interpretaci\u00f3n de Daenerys Targaryen\u00a0en la aclamada serie Juego de Tronos, ha&hellip;\n","protected":false},"author":2,"featured_media":222200,"comment_status":"","ping_status":"","sticky":false,"template":"","format":"standard","meta":{"footnotes":""},"categories":[174],"tags":[517,255,59015,146,147,25,24,256,23],"class_list":{"0":"post-222199","1":"post","2":"type-post","3":"status-publish","4":"format-standard","5":"has-post-thumbnail","7":"category-famosos","8":"tag-actualidad","9":"tag-celebrities","10":"tag-emilia-clarke","11":"tag-entertainment","12":"tag-entretenimiento","13":"tag-es","14":"tag-espana","15":"tag-famosos","16":"tag-spain"},"share_on_mastodon":{"url":"https:\/\/pubeurope.com\/@es\/115504669090544169","error":""},"_links":{"self":[{"href":"https:\/\/www.europesays.com\/es\/wp-json\/wp\/v2\/posts\/222199","targetHints":{"allow":["GET"]}}],"collection":[{"href":"https:\/\/www.europesays.com\/es\/wp-json\/wp\/v2\/posts"}],"about":[{"href":"https:\/\/www.europesays.com\/es\/wp-json\/wp\/v2\/types\/post"}],"author":[{"embeddable":true,"href":"https:\/\/www.europesays.com\/es\/wp-json\/wp\/v2\/users\/2"}],"replies":[{"embeddable":true,"href":"https:\/\/www.europesays.com\/es\/wp-json\/wp\/v2\/comments?post=222199"}],"version-history":[{"count":0,"href":"https:\/\/www.europesays.com\/es\/wp-json\/wp\/v2\/posts\/222199\/revisions"}],"wp:featuredmedia":[{"embeddable":true,"href":"https:\/\/www.europesays.com\/es\/wp-json\/wp\/v2\/media\/222200"}],"wp:attachment":[{"href":"https:\/\/www.europesays.com\/es\/wp-json\/wp\/v2\/media?parent=222199"}],"wp:term":[{"taxonomy":"category","embeddable":true,"href":"https:\/\/www.europesays.com\/es\/wp-json\/wp\/v2\/categories?post=222199"},{"taxonomy":"post_tag","embeddable":true,"href":"https:\/\/www.europesays.com\/es\/wp-json\/wp\/v2\/tags?post=222199"}],"curies":[{"name":"wp","href":"https:\/\/api.w.org\/{rel}","templated":true}]}}