{"id":222210,"date":"2025-11-06T20:42:11","date_gmt":"2025-11-06T20:42:11","guid":{"rendered":"https:\/\/www.europesays.com\/es\/222210\/"},"modified":"2025-11-06T20:42:11","modified_gmt":"2025-11-06T20:42:11","slug":"gran-hermano-listo-para-arrancar-una-edicion-especial-que-abre-su-nueva-etapa-en-telecinco-con-gh-20","status":"publish","type":"post","link":"https:\/\/www.europesays.com\/es\/222210\/","title":{"rendered":"&#8216;Gran Hermano&#8217;, listo para arrancar una edici\u00f3n especial que abre su nueva etapa en Telecinco con &#8216;GH 20&#8217;"},"content":{"rendered":"<p class=\"article-text\">\n        Vuelve la vida en directo. <strong>Mediaset <\/strong>despliega las alfombras para acoger en <strong>Telecinco <\/strong>el <strong>estreno <\/strong>de <strong>Gran Hermano 20<\/strong>, dando el pistoletazo de salida a una edici\u00f3n plaga de novedades y sorpresas para, ya de paso, conmemorar la llegada del formato a nuestro pa\u00eds hace ahora 25 a\u00f1os. El reality show por excelencia de nuestra peque\u00f1a pantalla se enfrenta a numerosos retos para atrapar a los espectadores como anta\u00f1o, y el primer paso es precisamente su<strong> gala inaugural<\/strong>. Por primera vez,<strong> Jorge Javier V\u00e1zquez <\/strong>presentar\u00e1 desde la <strong>nueva casa<\/strong>.\n    <\/p>\n<p>    <a href=\"https:\/\/www.eldiario.es\/vertele\/noticias\/sera-gala-estreno-gh-20-jorge-javier-nueva-casa-feria-plato_1_12744187.html\" data-mrf-recirculation=\"saber-mas\" data-dl-event=\"saber-mas\" rel=\"nofollow noopener\" target=\"_blank\"><\/p>\n<p class=\"know-more__title\">As\u00ed ser\u00e1 la gala de estreno de &#8216;GH 20&#8217;, con Jorge Javier desde la nueva casa y una feria en su plat\u00f3<\/p>\n<p>            <img decoding=\"async\" class=\"lazy\" loading=\"lazy\" data-src=\"https:\/\/static.eldiario.es\/clip\/500fb7d7-ba23-4fe9-964b-5e3dc37b7ae9_16-9-aspect-ratio_default_0.jpg\" src=\"data:image\/svg+xml,%3Csvg xmlns=\" http:=\"\" viewbox=\"0 0 880 495\" alt=\"As\u00ed ser\u00e1 la gala de estreno de 'GH 20', con Jorge Javier desde la nueva casa y una feria en su plat\u00f3\"\/><\/p>\n<p>                        <\/a><\/p>\n<p class=\"article-text\">\n        El espect\u00e1culo est\u00e1 garantizado durante la noche de este <strong>jueves 6 de noviembre<\/strong>, con el estreno del programa. En esta ocasi\u00f3n, el arranque de GH ser\u00e1 muy distinto a lo que fue habitual en ediciones previas tanto con famosos como con participantes an\u00f3nimos: <strong>el presentador no estar\u00e1 en plat\u00f3<\/strong>, sino que capitanear\u00e1 la gala desde el municipio madrile\u00f1o de <strong>Tres Cantos<\/strong>. La ubicaci\u00f3n de la casa cambi\u00f3, dejando atr\u00e1s al m\u00edtico Guadalix de la Sierra, para dar un giro de 180 grados y dotar al programa de mayor espectacularidad.\n    <\/p>\n<p class=\"article-text\">\n        Como no pod\u00eda ser de otro modo, la gala de estreno sirve para desvelar el secreto mejor guardado de la edici\u00f3n: <strong>la nueva casa<\/strong> que se ha construido desde cero. Anunciada como \u201cla m\u00e1s grande de todo el mundo\u201d, la audiencia descubrir\u00e1 c\u00f3mo se han aprovechado esos <strong>1.700 metros cuadrados<\/strong>, de los cuales 1.150 est\u00e1n destinados a la convivencia. Hasta ahora, unos planos descubiertos por Mediaset avanzaron que las instalaciones cuentan con hasta<strong> 14 espacios distintos<\/strong>.\n    <\/p>\n<p class=\"article-text\">\n        V\u00e1zquez ser\u00e1 el encargado de inaugurar la edici\u00f3n \u201ccomo nunca antes lo hab\u00eda hecho\u201d: dentro del hogar que acoger\u00e1 a la nueva hornada de concursantes, todos ellos con edades comprendidas entre los 20 y los 50 a\u00f1os. En realidad, no estar\u00e1 solo. <strong>Nagore Robles<\/strong> confirm\u00f3 durante el Debate final de la segunda edici\u00f3n de Supervivientes All Stars que har\u00eda las veces de <strong>copresentadora<\/strong>. De este modo, el espacio producido por Mediaset en colaboraci\u00f3n con Zeppelin (Banijay Iberia) contar\u00e1 con dos rostros al frente de su estreno, en el caso de Robles encarg\u00e1ndose del despliegue como si fuera una feria instalado a las afueras del plat\u00f3 en la sede del grupo en Fuencarral.\n    <\/p>\n<p class=\"article-text\">\n        No es la primera vez que Gran Hermano apuesta por romper esa distancia entre el plat\u00f3 y la casa. En GH 15, <strong>Mercedes Mil\u00e1 <\/strong>present\u00f3 el arranque del programa <strong>desde Guadalix de la Sierra<\/strong> en un escenario exterior e incluso lleg\u00f3 a convivir unas horas con los concursantes. Adem\u00e1s, el formato <strong>ya experiment\u00f3<\/strong> en el pasado <strong>con copresentadores<\/strong> que reforzaban la narrativa del directo, conectando asiduamente con la maestra de ceremonias bien desde la casa o bien desde las instalaciones de Telecinco.\n    <\/p>\n<p>            <img decoding=\"async\" class=\"lazy\" loading=\"lazy\" data-src=\"https:\/\/static.eldiario.es\/clip\/1560605a-68a1-446b-bf72-2d5ee590b763_16-9-discover-aspect-ratio_default_0.jpg\" src=\"data:image\/svg+xml,%3Csvg xmlns=\" http:=\"\" viewbox=\"0 0 1200 675\" alt=\"Almudena Mart\u00ednez 'Chiqui', en la nueva casa de 'GH 20'\"\/><\/p>\n<p>    La gala adelanta su inicio y el casting permanece abierto hasta el estreno<\/p>\n<p class=\"article-text\">\n        Otra de las novedades tiene que ver con el horario: <strong>la gala arrancar\u00e1 a las 21:45 horas<\/strong> y no pasadas las 22:00, adelantando su inicio respecto a ediciones anteriores. Mediaset anunci\u00f3 la puesta en marcha de esta estrategia con el objetivo de <strong>atrapar a los espectadores<\/strong> antes de que conectasen con los grandes titanes de la competencia \u2014<strong>El Hormiguero<\/strong> y <strong>La Revuelta<\/strong>\u2014, reconfigurando su prime time semanal de lunes a jueves. La decisi\u00f3n ya se materializ\u00f3 con el arranque de La isla de las tentaciones el pasado lunes.\n    <\/p>\n<p>    <a href=\"https:\/\/www.eldiario.es\/vertele\/noticias\/mediaset-cambio-planes-ultima-hora-no-corono-ganador-gh-20-empezar-gran-hermano_1_12745169.html\" data-mrf-recirculation=\"saber-mas-abajo\" data-dl-event=\"saber-mas-abajo\" rel=\"nofollow noopener\" target=\"_blank\"><\/p>\n<p class=\"know-more__title\">Mediaset cambi\u00f3 sus planes a \u00faltima hora y no coron\u00f3 al ganador de &#8216;Uno de GH 20&#8217; antes de empezar &#8216;Gran Hermano&#8217;<\/p>\n<p>            <img decoding=\"async\" class=\"lazy\" loading=\"lazy\" data-src=\"https:\/\/static.eldiario.es\/clip\/19f4e51a-e3e6-4a40-a655-c619bf7d11c4_16-9-aspect-ratio_default_0.jpg\" src=\"data:image\/svg+xml,%3Csvg xmlns=\" http:=\"\" viewbox=\"0 0 880 495\" alt=\"Mediaset cambi\u00f3 sus planes a \u00faltima hora y no coron\u00f3 al ganador de 'Uno de GH 20' antes de empezar 'Gran Hermano'\"\/><\/p>\n<p>                        <\/a><\/p>\n<p class=\"article-text\">\n        Al margen de descubrir la nueva casa y el adelanto horario de la gala, Jorge Javier V\u00e1zquez es el encargado de<strong> cerrar la fase de casting <\/strong>en directo. El plantel de concursantes no se conocer\u00e1 al 100% hasta que se produzca el estreno de Gran Hermano 20, con la intenci\u00f3n de mantener el suspense en todo momento. Esa lista de participantes ya cuenta con un nombre: <strong>Mamadou<\/strong>, el joven de 22 a\u00f1os que llega al reality show desde Barcelona que <a href=\"https:\/\/www.eldiario.es\/vertele\/noticias\/telecinco-presenta-gh-20-primer-concursante-oficial-foco-nueva-casa-explicacion-sobera_1_12727657.html\" target=\"_blank\" data-mrf-recirculation=\"links-noticia\" class=\"link\" rel=\"nofollow noopener\">se confirm\u00f3 por sorpresa<\/a> durante la presentaci\u00f3n ante la prensa. E iba a contar con dos, pero Mediaset cambi\u00f3 de planes a \u00faltima hora y <a href=\"https:\/\/www.eldiario.es\/vertele\/noticias\/mediaset-cambio-planes-ultima-hora-no-corono-ganador-gh-20-empezar-gran-hermano_1_12745169.html\" data-mrf-recirculation=\"links-noticia\" class=\"link\" rel=\"nofollow noopener\" target=\"_blank\">no anunci\u00f3 al ganador de <\/a><a href=\"https:\/\/www.eldiario.es\/vertele\/noticias\/mediaset-cambio-planes-ultima-hora-no-corono-ganador-gh-20-empezar-gran-hermano_1_12745169.html\" data-mrf-recirculation=\"links-noticia\" class=\"link\" rel=\"nofollow noopener\" target=\"_blank\">Uno de GH 20<\/a>.\n    <\/p>\n","protected":false},"excerpt":{"rendered":"Vuelve la vida en directo. Mediaset despliega las alfombras para acoger en Telecinco el estreno de Gran Hermano&hellip;\n","protected":false},"author":2,"featured_media":222211,"comment_status":"","ping_status":"","sticky":false,"template":"","format":"standard","meta":{"footnotes":""},"categories":[91],"tags":[4248,490,16237,2197,146,147,25,24,12608,314,37023,3956,37,2983,795,23,692],"class_list":{"0":"post-222210","1":"post","2":"type-post","3":"status-publish","4":"format-standard","5":"has-post-thumbnail","7":"category-entretenimiento","8":"tag-4248","9":"tag-abre","10":"tag-arrancar","11":"tag-edicion","12":"tag-entertainment","13":"tag-entretenimiento","14":"tag-es","15":"tag-espana","16":"tag-especial","17":"tag-etapa","18":"tag-gh","19":"tag-gran","20":"tag-hermano","21":"tag-listo","22":"tag-nueva","23":"tag-spain","24":"tag-telecinco"},"share_on_mastodon":{"url":"https:\/\/pubeurope.com\/@es\/115504699453105279","error":""},"_links":{"self":[{"href":"https:\/\/www.europesays.com\/es\/wp-json\/wp\/v2\/posts\/222210","targetHints":{"allow":["GET"]}}],"collection":[{"href":"https:\/\/www.europesays.com\/es\/wp-json\/wp\/v2\/posts"}],"about":[{"href":"https:\/\/www.europesays.com\/es\/wp-json\/wp\/v2\/types\/post"}],"author":[{"embeddable":true,"href":"https:\/\/www.europesays.com\/es\/wp-json\/wp\/v2\/users\/2"}],"replies":[{"embeddable":true,"href":"https:\/\/www.europesays.com\/es\/wp-json\/wp\/v2\/comments?post=222210"}],"version-history":[{"count":0,"href":"https:\/\/www.europesays.com\/es\/wp-json\/wp\/v2\/posts\/222210\/revisions"}],"wp:featuredmedia":[{"embeddable":true,"href":"https:\/\/www.europesays.com\/es\/wp-json\/wp\/v2\/media\/222211"}],"wp:attachment":[{"href":"https:\/\/www.europesays.com\/es\/wp-json\/wp\/v2\/media?parent=222210"}],"wp:term":[{"taxonomy":"category","embeddable":true,"href":"https:\/\/www.europesays.com\/es\/wp-json\/wp\/v2\/categories?post=222210"},{"taxonomy":"post_tag","embeddable":true,"href":"https:\/\/www.europesays.com\/es\/wp-json\/wp\/v2\/tags?post=222210"}],"curies":[{"name":"wp","href":"https:\/\/api.w.org\/{rel}","templated":true}]}}