{"id":222224,"date":"2025-11-06T20:53:16","date_gmt":"2025-11-06T20:53:16","guid":{"rendered":"https:\/\/www.europesays.com\/es\/222224\/"},"modified":"2025-11-06T20:53:16","modified_gmt":"2025-11-06T20:53:16","slug":"el-corredor-britanico-que-podria-ser-su-arma-total","status":"publish","type":"post","link":"https:\/\/www.europesays.com\/es\/222224\/","title":{"rendered":"el corredor brit\u00e1nico que podr\u00eda ser su arma total"},"content":{"rendered":"<p>En la temporada 2026 se abrir\u00e1n muchos escenarios nuevos. El m\u00e1s importante, el trienio con el que volver\u00e1 a empezar la lucha por evitar el descenso. Para <a href=\"https:\/\/ciclismoaldia.es\/movistar-team\" title=\"Movistar Team\" rel=\"nofollow noopener\" target=\"_blank\">Movistar Team<\/a> ese es el principal objetivo. Y por ello, el equipo telef\u00f3nico no ha querido quedarse atr\u00e1s y ha creado su nuevo filial que contar\u00e1 con hasta 12 grandes perlas de este deporte. Una de ellas ser\u00e1 <a href=\"https:\/\/ciclismoaldia.es\/lucas-jackson\" title=\"Lucas Jackson\" rel=\"nofollow noopener\" target=\"_blank\">Lucas Jackson<\/a>.<\/p>\n<p>El joven corredor de 18 a\u00f1os es brit\u00e1nico de nacimiento. Sin embargo, lleva a\u00f1os afianz\u00e1ndose como una promesa de futuro en las carreteras espa\u00f1olas. Antes de fichar por la Movistar Team Academy, con un contrato de dos a\u00f1os (hasta el final de 2027, donde esperar\u00e1 subir al primer equipo del conjunto navarro), Jackson form\u00f3 parte del equipo alicantino Saxun.<\/p>\n<p>All\u00ed, Lucas Jackson demostr\u00f3 que no es un ciclista corriente. En los \u00faltimos tiempos ofreci\u00f3 un nivel muy alto, con logros muy destacados para su edad, como la victoria en la clasificaci\u00f3n general de la Itzulia J\u00fanior.<\/p>\n<p>Pero lo que hace tan especial al brit\u00e1nico de Movistar Team es su capacidad para rendir en cualquier tipo de carrera y superficie, incluida la contrarreloj (gan\u00f3 la crono de la Itzulia). Es uno de los corredores m\u00e1s completos de la categor\u00eda, y por ello despert\u00f3 el inter\u00e9s de muchos gigantes del World Tour antes de decantarse por el equipo de <a href=\"https:\/\/es.wikipedia.org\/wiki\/Eusebio_Unzu%C3%A9\" target=\"_blank\" rel=\"nofollow noopener\">Eusebio Unzu\u00e9<\/a>.<img decoding=\"async\" width=\"500\" height=\"280\" loading=\"lazy\" src=\"https:\/\/www.europesays.com\/es\/wp-content\/uploads\/2025\/11\/movistar-team-1193239045-678f2fe9965ea.jpg@webp.webp\" class=\"w-auto h-auto\" alt=\"Movistar Team iniciar\u00e1 en 2026 un cap\u00edtulo ilusionante con Lucas Jackson en su filial\"\/><\/p>\n<p>Movistar Team iniciar\u00e1 en 2026 un cap\u00edtulo ilusionante con Lucas Jackson en su filial<\/p>\n<p>\u00bfFuturo ganador de monumentos?<\/p>\n<p>En Movistar Team, hist\u00f3ricamente, siempre se ha buscado a esa estrella capaz de ganar, o al menos disputar, las principales vueltas por etapas del calendario. Los corredores de clasificaci\u00f3n general han sido lo que m\u00e1s han buscado. Y aunque Lucas Jackson tambi\u00e9n podr\u00eda ser uno de ellos, esa capacidad \u00abtodoterreno\u00bb que tiene hace so\u00f1ar con un techo a\u00fan m\u00e1s alto.<\/p>\n<p>Desde la marcha de Alejandro Valverde, el equipo telef\u00f3nico no ha tenido ning\u00fan gran clasic\u00f3mano. Por eso, las capacidades de Lucas Jackson le sit\u00faan en un contexto muy favorable para destacar en la escuadra espa\u00f1ola World Tour.<\/p>\n<p>\u00bfGanador de monumentos? Qui\u00e9n sabe, pero lo que est\u00e1 claro es que en el brit\u00e1nico, que sabe muy bien lo que es correr en Espa\u00f1a, Movistar Team tiene a un diamante en bruto a\u00fan por explotar. No hay prisa, por supuesto. Solo es un ciclista de 18 a\u00f1os reci\u00e9n cumplidos que a\u00fan no ha disputado ninguna carrera como profesional.<\/p>\n<p>A\u00fan as\u00ed, este tipo de fichajes son los que antes Movistar no pod\u00eda permitirse, ya que no ten\u00eda ese equipo sub 23 que se llevaba demandando varios a\u00f1os. Para mantenerse en el World Tour cuando acabe este pr\u00f3ximo trienio (al final de la temporada 2028), el conjunto de Unzu\u00e9 ten\u00eda que crear este filial. Ya lo ha hecho, y ahora solo queda esperar a que lleguen poco a poco los resultados con sus grandes promesas del futuro del ciclismo.<\/p>\n","protected":false},"excerpt":{"rendered":"En la temporada 2026 se abrir\u00e1n muchos escenarios nuevos. El m\u00e1s importante, el trienio con el que volver\u00e1&hellip;\n","protected":false},"author":2,"featured_media":222225,"comment_status":"","ping_status":"","sticky":false,"template":"","format":"standard","meta":{"footnotes":""},"categories":[273],"tags":[313,312,168,25,24,23,167],"class_list":{"0":"post-222224","1":"post","2":"type-post","3":"status-publish","4":"format-standard","5":"has-post-thumbnail","7":"category-ciclismo","8":"tag-ciclismo","9":"tag-cycling","10":"tag-deportes","11":"tag-es","12":"tag-espana","13":"tag-spain","14":"tag-sports"},"share_on_mastodon":{"url":"https:\/\/pubeurope.com\/@es\/115504742856362931","error":""},"_links":{"self":[{"href":"https:\/\/www.europesays.com\/es\/wp-json\/wp\/v2\/posts\/222224","targetHints":{"allow":["GET"]}}],"collection":[{"href":"https:\/\/www.europesays.com\/es\/wp-json\/wp\/v2\/posts"}],"about":[{"href":"https:\/\/www.europesays.com\/es\/wp-json\/wp\/v2\/types\/post"}],"author":[{"embeddable":true,"href":"https:\/\/www.europesays.com\/es\/wp-json\/wp\/v2\/users\/2"}],"replies":[{"embeddable":true,"href":"https:\/\/www.europesays.com\/es\/wp-json\/wp\/v2\/comments?post=222224"}],"version-history":[{"count":0,"href":"https:\/\/www.europesays.com\/es\/wp-json\/wp\/v2\/posts\/222224\/revisions"}],"wp:featuredmedia":[{"embeddable":true,"href":"https:\/\/www.europesays.com\/es\/wp-json\/wp\/v2\/media\/222225"}],"wp:attachment":[{"href":"https:\/\/www.europesays.com\/es\/wp-json\/wp\/v2\/media?parent=222224"}],"wp:term":[{"taxonomy":"category","embeddable":true,"href":"https:\/\/www.europesays.com\/es\/wp-json\/wp\/v2\/categories?post=222224"},{"taxonomy":"post_tag","embeddable":true,"href":"https:\/\/www.europesays.com\/es\/wp-json\/wp\/v2\/tags?post=222224"}],"curies":[{"name":"wp","href":"https:\/\/api.w.org\/{rel}","templated":true}]}}