{"id":222232,"date":"2025-11-06T20:58:09","date_gmt":"2025-11-06T20:58:09","guid":{"rendered":"https:\/\/www.europesays.com\/es\/222232\/"},"modified":"2025-11-06T20:58:09","modified_gmt":"2025-11-06T20:58:09","slug":"encontre-una-oportunidad-en-esta-foto-para-comunicar-el-sufrimiento-de-mi-pueblo","status":"publish","type":"post","link":"https:\/\/www.europesays.com\/es\/222232\/","title":{"rendered":"\u201cEncontr\u00e9 una oportunidad en esta foto para comunicar el sufrimiento de mi pueblo\u201d"},"content":{"rendered":"<p data-gtm-element-container=\"modulo-texto-link\" class=\"paragraph\">\u00bfSe puede resumir Gaza, todo el horror, en una sola fotograf\u00eda? El certamen World Press Photo 2025 lo ha hecho, y no es una imagen tomada en los escombros de la franja palestina sino en un hospital de Doha (Qatar). Es la foto de Mahmud Ajjour, un ni\u00f1o a quien un bombardeo israel\u00ed arranc\u00f3 un brazo y mutil\u00f3 el otro cuando hu\u00eda con su familia en Ciudad de Gaza en marzo del 2024. La autora galardonada es la tambi\u00e9n gazat\u00ed Samar Abu Elouf, varias veces premiada anteriormente y que tambi\u00e9n fue evacuada, en su caso por el medio con el cual colaboraba, el The New York Times.\u00a0 La fotoreportera ha sido invitada a Barcelona para la inauguraci\u00f3n de la exposici\u00f3n del WPPh en el Centre de Cultura Contempor\u00e0nia (CCCB), del 7 de noviembre al 14 de diciembre.<\/p>\n<p data-gtm-element-container=\"modulo-texto-link\" class=\"paragraph\"><strong>-Mahmud Ajjour, nueve a\u00f1os es una foto intensamente dram\u00e1tica que al mismo tiempo desprende belleza, de alg\u00fan modo es como un monumento.<\/strong><\/p>\n<p data-gtm-element-container=\"modulo-texto-link\" class=\"paragraph\">-S\u00ed, es una buena reflexi\u00f3n. La he recibido de otras personas. Aunque es una foto simple, que se tom\u00f3 en unos minutos, quiz\u00e1s es por la luz, y tambi\u00e9n porque es una foto sincera que pone de manifiesto el gran sufrimiento de Mahmud.<\/p>\n<p>                <img loading=\"lazy\" decoding=\"async\" data-full-src=\"https:\/\/www.lavanguardia.com\/uploads\/2025\/09\/23\/68d2b60c02692.jpeg\" alt=\"Mahmoud Ajjour, de nueve a\u00f1os\" de=\"\" la=\"\" fot=\"\" palestina=\"\" abu=\"\" elouf=\"\" es=\"\" imagen=\"\" premiada=\"\" en=\"\" width=\"449\" height=\"674\" src=\"https:\/\/www.europesays.com\/es\/wp-content\/uploads\/2025\/11\/68d2b60c02692.jpeg\" class=\"lazy\"\/><\/p>\n<p class=\"caption-title \">SAMAR\u00a0<\/p>\n<p>                    ABU ELOUF\/WORLD PRESS PHOTO 25<\/p>\n<p data-gtm-element-container=\"modulo-texto-link\" class=\"paragraph\"><strong>-\u00bfC\u00f3mo est\u00e1 Mahmud?<\/strong><\/p>\n<p data-gtm-element-container=\"modulo-texto-link\" class=\"paragraph\">-Vive en el mismo complejo residencial donde reciben tratamiento palestinos heridos en Doha. Mahmud es una persona fuerte, resistente, intenta adaptarse y emplear sus pies para su vida diaria. No se rinde.<\/p>\n<p data-gtm-element-container=\"modulo-texto-link\" class=\"paragraph\"><strong>-\u00bfQu\u00e9 busca como fot\u00f3grafa?<\/strong><\/p>\n<p data-gtm-element-container=\"modulo-texto-link\" class=\"paragraph\">-Dar a conocer la historia de los gazat\u00edes a todo el mundo. Encontr\u00e9 una oportunidad en esta foto para comunicar el sufrimiento de mi pueblo a todo el mundo. Yo llevo quince a\u00f1os trabajando como fotoperiodista en Gaza y nunca se ha subrayado nuestro trabajo y se le ha dado importancia como en la \u00faltima guerra.<\/p>\n<p data-gtm-element-container=\"modulo-texto-link\" class=\"paragraph\"><strong>-Gaza es, sin duda, el lugar del mundo con m\u00e1s fotoperiodistas por kil\u00f3metro cuadrado&#8230;<\/strong><\/p>\n<p data-gtm-element-container=\"modulo-texto-link\" class=\"paragraph\">-\u00a1Ja, Ja! S\u00ed, es cierto. Lamentablemente, porque no hay oportunidades de trabajo y porque, tristemente, todo lo que hay son acontecimientos de guerra, y cada uno intenta reflejarlo a su manera.<\/p>\n<p data-gtm-element-container=\"modulo-texto-link\" class=\"paragraph\"><strong>-\u00bfCu\u00e1l es la suya?<\/strong><\/p>\n<p data-gtm-element-container=\"modulo-texto-link\" class=\"paragraph\">-Yo trato las cosas desde un \u00e1ngulo, una perspectiva humana, no me gusta la pol\u00edtica, yo quiero dar a conocer la vida de la gente. Hac\u00eda muchas fotos ya antes de la guerra. En las fotos yo relejo la pregunta de todo el mundo en Gaza: por qu\u00e9 estamos viviendo esta situaci\u00f3n, qu\u00e9 hemos hecho para merecer este castigo constante. Queremos vivir como todo el mundo.<\/p>\n<p data-gtm-element-container=\"modulo-texto-link\" class=\"paragraph\"><strong>-\u00bfC\u00f3mo se trabaja con tantos compa\u00f1eros alrededor?<\/strong><\/p>\n<p data-gtm-element-container=\"modulo-texto-link\" class=\"paragraph\">-Nos complementamos, nos apoyamos mutuamente, todos estamos relatando la misma historia, cada uno a su manera. Por eso nos apoyamos. No hay ninguna competencia, todos tenemos el mismo objetivo, dar a conocer la realidad.<\/p>\n<p data-gtm-element-container=\"modulo-texto-link\" class=\"paragraph\">&#8211;<strong>M\u00e1s de 250 han sido asesinados&#8230;<\/strong><\/p>\n<p data-gtm-element-container=\"modulo-texto-link\" class=\"paragraph\">-Mariam Abu Dagga era amiga m\u00eda&#8230; [Miriam Abu Dagga, de la agencia AP, muri\u00f3 en el bombardeo del hospital Al Nasser el pasado 25 de agosto con otros cuatro periodistas y un total de veinte personas]<\/p>\n<p data-gtm-element-container=\"modulo-texto-link\" class=\"paragraph\"><strong>-\u00bfTrabajar con medios extranjeros ha sido muy complicado en estas circunstancias?<\/strong><\/p>\n<p data-gtm-element-container=\"modulo-texto-link\" class=\"paragraph\">-Esta \u00faltima guerra ha recibido un foco medi\u00e1tico mucho m\u00e1s amplio que las anteriores. En mi caso, con el The New York Times todo lo que hac\u00eda lo publicaban. Pero cuando hac\u00edan la transferencia, ten\u00eda miedo de que se bloquearan los honorarios porque el banco palestino sufr\u00eda,\u00a0 la mayor\u00eda de las sucursales en Gaza fueron bombardeadas. Si quiero hacer una transferencia a mi familia es complicad\u00edsimo.<\/p>\n<p>                <img loading=\"lazy\" decoding=\"async\" data-full-src=\"https:\/\/www.lavanguardia.com\/uploads\/2025\/11\/06\/690cd4cf1ba0c.jpeg\" alt=\"Samar Abu Elouf, durante la Marcha del Retorno, en Gaza\" width=\"449\" height=\"299\" src=\"https:\/\/www.europesays.com\/es\/wp-content\/uploads\/2025\/11\/690cd4cf1ba0c.jpeg\" class=\"lazy\"\/><\/p>\n<p class=\"caption-title \">Samar Abu Elouf, durante la Marcha del Retorno, en Gaza<\/p>\n<p>                    SAMAR ABU ELOUF<\/p>\n<p data-gtm-element-container=\"modulo-texto-link\" class=\"paragraph\"><strong>-\u00bfC\u00f3mo empez\u00f3?<\/strong><\/p>\n<p data-gtm-element-container=\"modulo-texto-link\" class=\"paragraph\">-Empec\u00e9 de una forma dif\u00edcil, no ten\u00eda recursos para contar una c\u00e1mara ni ten\u00eda el apoyo de mi familia para ser fotoperiodista. En los primeros cuatro a\u00f1os ped\u00eda c\u00e1maras prestadas a otros periodistas, hac\u00eda las fotos y devolv\u00eda la c\u00e1mara. Justo antes de la\u00a0 guerra del 2014 hab\u00eda comprado una c\u00e1mara a plazos y desafortunadamente durante la guerra me rompieron la c\u00e1mara. Despu\u00e9s, una delegaci\u00f3n alemana estaba reunida con j\u00f3venes y cuando se enteraron de lo que me hab\u00eda pasado me apoyaron brind\u00e1ndome una c\u00e1mara nueva. Y esta es la c\u00e1mara que me acompa\u00f1\u00f3 en los \u00faltimos diez a\u00f1os. Una Canon Mark 3.<\/p>\n<p data-gtm-element-container=\"modulo-texto-link\" class=\"paragraph\"><strong>-Hay una foto famosa de usted en la que aparece, durante la Marcha del Retorno en Gaza, en el 2018, con una cacerola en la cabeza a falta de casco y una bolsa de pl\u00e1stico simulando un chaleco antibalas porque no pod\u00eda permitirse comprarlos. \u00bfLe averg\u00fcenza ahora esa imagen?<\/strong><\/p>\n<p data-gtm-element-container=\"modulo-texto-link\" class=\"paragraph\">-\u00a1Ja, ja! Ninguna verg\u00fcenza. Estoy orgullosa de todo lo que he hecho, porque cada logro que he alcanzado es consecuencia de un gran sudor y un gran trabajo. El primer objeto que cog\u00ed al salir de Gaza fue la cacerola y la bolsa. Tiene valor para m\u00ed, porque empec\u00e9 de la nada, soy autodidacta y todo lo que he logrado me enorgullece mucho.<\/p>\n<p data-gtm-element-container=\"modulo-texto-link\" class=\"paragraph\"><strong>-\u00bfC\u00f3mo est\u00e1 su familia, ahora en Gaza?<\/strong><\/p>\n<p data-gtm-element-container=\"modulo-texto-link\" class=\"paragraph\">-La situaci\u00f3n es muy dif\u00edcil, han perdido todo, no tienen casa, alimentos, medicinas&#8230; Viven muertos de miedo. Esta es la situaci\u00f3n de mi familia. Fueron desplazados por bombardeos unas cuantas veces&#8230; Volver\u00e9 si dios quiere.<\/p>\n","protected":false},"excerpt":{"rendered":"\u00bfSe puede resumir Gaza, todo el horror, en una sola fotograf\u00eda? El certamen World Press Photo 2025 lo&hellip;\n","protected":false},"author":2,"featured_media":222233,"comment_status":"","ping_status":"","sticky":false,"template":"","format":"standard","meta":{"footnotes":""},"categories":[173],"tags":[229,233,231,230,232,234,146,147,25,24,23],"class_list":{"0":"post-222232","1":"post","2":"type-post","3":"status-publish","4":"format-standard","5":"has-post-thumbnail","7":"category-arte-y-diseno","8":"tag-arte","9":"tag-arte-y-diseno","10":"tag-arts","11":"tag-arts-and-design","12":"tag-design","13":"tag-diseno","14":"tag-entertainment","15":"tag-entretenimiento","16":"tag-es","17":"tag-espana","18":"tag-spain"},"share_on_mastodon":{"url":"https:\/\/pubeurope.com\/@es\/115504762320388791","error":""},"_links":{"self":[{"href":"https:\/\/www.europesays.com\/es\/wp-json\/wp\/v2\/posts\/222232","targetHints":{"allow":["GET"]}}],"collection":[{"href":"https:\/\/www.europesays.com\/es\/wp-json\/wp\/v2\/posts"}],"about":[{"href":"https:\/\/www.europesays.com\/es\/wp-json\/wp\/v2\/types\/post"}],"author":[{"embeddable":true,"href":"https:\/\/www.europesays.com\/es\/wp-json\/wp\/v2\/users\/2"}],"replies":[{"embeddable":true,"href":"https:\/\/www.europesays.com\/es\/wp-json\/wp\/v2\/comments?post=222232"}],"version-history":[{"count":0,"href":"https:\/\/www.europesays.com\/es\/wp-json\/wp\/v2\/posts\/222232\/revisions"}],"wp:featuredmedia":[{"embeddable":true,"href":"https:\/\/www.europesays.com\/es\/wp-json\/wp\/v2\/media\/222233"}],"wp:attachment":[{"href":"https:\/\/www.europesays.com\/es\/wp-json\/wp\/v2\/media?parent=222232"}],"wp:term":[{"taxonomy":"category","embeddable":true,"href":"https:\/\/www.europesays.com\/es\/wp-json\/wp\/v2\/categories?post=222232"},{"taxonomy":"post_tag","embeddable":true,"href":"https:\/\/www.europesays.com\/es\/wp-json\/wp\/v2\/tags?post=222232"}],"curies":[{"name":"wp","href":"https:\/\/api.w.org\/{rel}","templated":true}]}}