{"id":222306,"date":"2025-11-06T21:49:08","date_gmt":"2025-11-06T21:49:08","guid":{"rendered":"https:\/\/www.europesays.com\/es\/222306\/"},"modified":"2025-11-06T21:49:08","modified_gmt":"2025-11-06T21:49:08","slug":"solo-lamine-vuelve-a-ser-lamine-en-el-barca-de-flick-recuperado-fisicamente-y-calmado-en-lo-emocional-futbol-deportes","status":"publish","type":"post","link":"https:\/\/www.europesays.com\/es\/222306\/","title":{"rendered":"Solo Lamine vuelve a ser Lamine en el Bar\u00e7a de Flick: recuperado f\u00edsicamente y calmado en lo emocional | F\u00fatbol | Deportes"},"content":{"rendered":"<p class=\"\">Lamine Yamal quer\u00eda dar un mensaje. Esta vez opt\u00f3 por enviarlo primero en el campo. Se guard\u00f3, sin embargo, una carta: despu\u00e9s de ense\u00f1ar que su talento estaba de regreso frente al Brujas, el 10 sac\u00f3 su desparpajo. \u201cSi me pitan\u201d, advirti\u00f3 sobre los pocos silbidos que recibi\u00f3 de la hinchada del Brujas, todav\u00eda con la amargura en los labios por un empate dif\u00edcil de digerir para el Barcelona, \u201ces porque saben que hago bien mi trabajo\u201d. Acto seguido record\u00f3 c\u00f3mo vivi\u00f3 sus \u00faltimos dos meses, cuando su nombre saltaba de la boca de Hansi Flick a la de Luis de la Fuente, <a href=\"https:\/\/elpais.com\/deportes\/futbol\/2025-10-03\/de-la-fuente-convoca-a-lamine-yamal-para-los-proximos-partidos-de-espana.html\" target=\"_self\" rel=\"nofollow noopener\" title=\"https:\/\/elpais.com\/deportes\/futbol\/2025-10-03\/de-la-fuente-convoca-a-lamine-yamal-para-los-proximos-partidos-de-espana.html\">ambos enfrentados por la gesti\u00f3n de minutos de Lamine<\/a>. \u201cSe habl\u00f3 mucho de mi pubalgia, de que estaba demasiado triste, pero yo estaba igual que siempre. Estaba concentrado en lo m\u00edo e intentar jugar a este nivel, que es como mejor me siento y mejor me lo paso\u201d, subray\u00f3 el delantero del Barcelona.<\/p>\n<p>M\u00e1s informaci\u00f3n<\/p>\n<p class=\"\">Ocurr\u00eda, en cualquier caso, que Lamine no solo hac\u00eda ruido en la prensa deportiva, sino tambi\u00e9n en la del coraz\u00f3n. Su medi\u00e1tica y agitada relaci\u00f3n <a href=\"https:\/\/elpais.com\/gente\/2025-11-01\/lamine-yamal-anuncia-su-ruptura-con-nicki-nicole.html\" target=\"_self\" rel=\"nofollow noopener\" title=\"https:\/\/elpais.com\/gente\/2025-11-01\/lamine-yamal-anuncia-su-ruptura-con-nicki-nicole.html\">con la cantante argentina Nicki Nicole lleg\u00f3 a su fin. <\/a>Una ruptura que celebran en la Ciudad Deportiva del Barcelona. \u201cNo estamos demasiado seguros de que le hiciera bien a Lamine\u201d, sosten\u00edan. M\u00e1s all\u00e1 de su conflicto personal, el 10 tambi\u00e9n necesitaba purgar su comportamiento en el cl\u00e1sico, bocazas en la previa, callado en el Bernab\u00e9u. \u201cEs muy listo, sabe perfectamente lo que hizo bien y lo que hizo mal. Aprendi\u00f3\u201d, advert\u00edan desde su entorno. Una actitud que corroboran en la Ciudad Deportiva. \u201cAcostumbra a ser el mejor en todos los entrenamientos, pero en los \u00faltimos d\u00edas estaba muy activo. Quer\u00eda coger ritmo\u201d, explican fuentes del \u00e1rea deportiva. Lamine marc\u00f3 en la victoria frente al Elche, para despu\u00e9s salvar al Bar\u00e7a en Brujas.<\/p>\n<p class=\"\">El problema para Flick es que solo cont\u00f3 con Lamine. Y eso es mucho para el Barcelona, pero no es suficiente. Menos en la Champions League. \u201cEst\u00e1 bien que Lamine haya hecho un buen partido, pero tenemos que hablar de muchas cosas\u201d, expuso el preparador del Barcelona.<\/p>\n<p class=\"\">Y las cosas que Flick asegura que tienen que hablar, hace tiempo que las hablan en el \u00e1rea deportiva: \u201cLos partidos no los ganan los m\u00e1s valientes, sino los m\u00e1s inteligentes\u201d. Pero el preparador alem\u00e1n, siempre con los o\u00eddos cerrados al ruido externo, tambi\u00e9n se hace el sordo frente al interno. \u201cPodemos hablar de cambiarlo todo, pero no soy un entrenador que haga ese tipo de cambios. Queremos jugar seg\u00fan nuestro ADN, no queremos defender en bloque bajo y ganar 1-0 en transici\u00f3n\u201d, se defendi\u00f3 el alem\u00e1n. Fue curioso su alegato en la sala de prensa: nadie lo hab\u00eda atacado. El mensaje, entonces, ten\u00eda otros destinatarios.<\/p>\n<p class=\"\">Hace tiempo que Flick hace equilibrios pol\u00edticos en el Barcelona: puso el grito en el cielo cuando no inscrib\u00edan a Rashford, frunci\u00f3 el ce\u00f1o con el l\u00edo del regreso al Camp Nou y cedi\u00f3 ante las disputas internas en el departamento m\u00e9dico. Sufre tambi\u00e9n las opiniones divididas en la gesti\u00f3n del vestuario; hay quienes afirman que protege demasiado a Lamine, mientras que otros aseguran que es el \u00fanico que intenta controlar un ego que amenaza con volverse incontrolable. \u201cTiene que centrarse en esforzarse mucho\u201d, solt\u00f3 p\u00fablicamente el preparador.<\/p>\n<p class=\"\">Lamine ya parece que se acuerda de Lamine. El Bar\u00e7a de Flick, en cambio, parece olvidado del Bar\u00e7a de Flick. La presi\u00f3n no funciona, tampoco la recuperaci\u00f3n tras p\u00e9rdida. Pocas debilidades manifiestan m\u00e1s que el problema para lanzar el fuera de juego, sin una voz l\u00edder desde que se march\u00f3 I\u00f1igo Mart\u00ednez.<\/p>\n<p class=\"\">El buen nivel de Eric Garc\u00eda no es suficiente para borrar la huella del central vasco, sobre todo despu\u00e9s de que bajaran el nivel Kound\u00e9, Cubars\u00ed y Balde. Ni siquiera el buen nivel del d\u00fao que forman Pedri (ahora lesionado) y De Jong funciona para controlar los partidos. El Barcelona del golpe por golpe echa de menos a Raphinha y Lewandowski, y Lamine se queda solo. Flick lo sabe, pero por ahora no encuentra soluciones.<\/p>\n","protected":false},"excerpt":{"rendered":"Lamine Yamal quer\u00eda dar un mensaje. Esta vez opt\u00f3 por enviarlo primero en el campo. Se guard\u00f3, sin&hellip;\n","protected":false},"author":2,"featured_media":222307,"comment_status":"","ping_status":"","sticky":false,"template":"","format":"standard","meta":{"footnotes":""},"categories":[93],"tags":[1540,168,1539,25,24,881,4970,282,1538,8138,23,167,17500],"class_list":{"0":"post-222306","1":"post","2":"type-post","3":"status-publish","4":"format-standard","5":"has-post-thumbnail","7":"category-deportes","8":"tag-competiciones","9":"tag-deportes","10":"tag-entrenadores","11":"tag-es","12":"tag-espana","13":"tag-fc-barcelona","14":"tag-flick","15":"tag-futbol","16":"tag-futbolistas","17":"tag-lamine-yamal","18":"tag-spain","19":"tag-sports","20":"tag-uefa-champions-league"},"share_on_mastodon":{"url":"https:\/\/pubeurope.com\/@es\/115504962774149439","error":""},"_links":{"self":[{"href":"https:\/\/www.europesays.com\/es\/wp-json\/wp\/v2\/posts\/222306","targetHints":{"allow":["GET"]}}],"collection":[{"href":"https:\/\/www.europesays.com\/es\/wp-json\/wp\/v2\/posts"}],"about":[{"href":"https:\/\/www.europesays.com\/es\/wp-json\/wp\/v2\/types\/post"}],"author":[{"embeddable":true,"href":"https:\/\/www.europesays.com\/es\/wp-json\/wp\/v2\/users\/2"}],"replies":[{"embeddable":true,"href":"https:\/\/www.europesays.com\/es\/wp-json\/wp\/v2\/comments?post=222306"}],"version-history":[{"count":0,"href":"https:\/\/www.europesays.com\/es\/wp-json\/wp\/v2\/posts\/222306\/revisions"}],"wp:featuredmedia":[{"embeddable":true,"href":"https:\/\/www.europesays.com\/es\/wp-json\/wp\/v2\/media\/222307"}],"wp:attachment":[{"href":"https:\/\/www.europesays.com\/es\/wp-json\/wp\/v2\/media?parent=222306"}],"wp:term":[{"taxonomy":"category","embeddable":true,"href":"https:\/\/www.europesays.com\/es\/wp-json\/wp\/v2\/categories?post=222306"},{"taxonomy":"post_tag","embeddable":true,"href":"https:\/\/www.europesays.com\/es\/wp-json\/wp\/v2\/tags?post=222306"}],"curies":[{"name":"wp","href":"https:\/\/api.w.org\/{rel}","templated":true}]}}