{"id":222308,"date":"2025-11-06T21:51:09","date_gmt":"2025-11-06T21:51:09","guid":{"rendered":"https:\/\/www.europesays.com\/es\/222308\/"},"modified":"2025-11-06T21:51:09","modified_gmt":"2025-11-06T21:51:09","slug":"barbara-rey-reacciona-a-la-publicacion-de-las-memorias-de-juan-carlos-i-y-deja-una-frase-demoledora","status":"publish","type":"post","link":"https:\/\/www.europesays.com\/es\/222308\/","title":{"rendered":"B\u00e1rbara Rey reacciona a la publicaci\u00f3n de las memorias de Juan Carlos I y deja una frase demoledora"},"content":{"rendered":"<p>La actriz espa\u00f1ola Mar\u00eda Garc\u00eda, conocida como <b>B\u00e1rbara Rey ha reaccionado con una frase muy potente a las publicaciones de las memorias del<a href=\"https:\/\/www.huffingtonpost.es\/life\/influencers-celebrities\/el-rey-juan-carlos-dedica-sorprendente-halago-reina-letizia-deja-claro-idea-pasa-familia-real-britanica.html\" rel=\"nofollow noopener\" target=\"_blank\"> rey em\u00e9rito Juan Carlos I<\/a><\/b>, Reconciliaci\u00f3n, lanzadas en Francia este mes de noviembre y en <a href=\"https:\/\/www.huffingtonpost.es\/global\/en-reino-unido-palabra-que-palabra-definir-rey-juan-carlos-llevan-titulares.html\" rel=\"nofollow noopener\" target=\"_blank\">Espa\u00f1a ser\u00e1n publicadas en diciembre.\u00a0<\/a><\/p>\n<p>Un reportero de Europa Press se ha encontrado con la actriz y le ha preguntado al respecto, debido a que su relaci\u00f3n con la realeza es ampliamente conocida por su relaci\u00f3n extramatrimonial con el rey em\u00e9rito, objeto del que trata en sus recientes memorias bajo el nombre de Yo: b\u00e1rbara.<\/p>\n<p>Preguntada por las citadas memorias, lo primero que ha dicho B\u00e1rbara Rey es que no le \u00ab<b>interesan<\/b> <b>o m\u00e1s m\u00ednimo, viendo tantos libros interesantes, es un tema del que no voy a hablar\u00bb. <\/b>Tras intentar no hacer m\u00e1s declaraciones, el reportero le ha insistido en si no quiere saber \u00ababsolutamente nada\u00bb.<\/p>\n<p>\u00abO sea, es rec\u00edproco, imagino\u00bb, ha respondido brevemente. Sobre las declaraciones de algunos colaboradores de televisi\u00f3n sobre si estar\u00eda molesta al no salir su nombre en las memorias de Juan Carlos I, ha sido cuando ha soltado una frase muy potente: <b>\u00abTodo lo contrario, es que si tenemos que salir todas, necesita la Espasa (editorial)\u00bb.<\/b><\/p>\n<p>\u00abNo me interesa, de verdad, me callo porque si hablo, va a llover m\u00e1s, van a caer chuzos de punta\u00bb, ha insistido. Sobre la reina Sof\u00eda ha mencionado que \u00abyo nunca jam\u00e1s he hablado de ella, le tengo bastante respeto. <b>\u00bfQu\u00e9 quieres que te diga? Yo no puedo decir nada, porque si te digo algo, va a arder Troya<\/b>\u00ab<\/p>\n<p>Yo, B\u00e1rbara<\/p>\n<p>El pasado 12 de junio B\u00e1rbara Rey public\u00f3 sus memorias en la editorial Plaza &amp; Jan\u00e9s, bao el t\u00edtulo Yo, B\u00e1rbara, en el que cuenta la historia de su vida <b>\u00aben primera persona\u00bb y \u00absin filtros.<\/b> Precisamente en estos relatos es donde revela algunos detalles sobre su relaci\u00f3n con el rey Juan Carlos I.<\/p>\n<p>\u00abLa relaci\u00f3n con el rey se termin\u00f3 porque \u00e9l quiso quitarse los problemas de encima\u00bb, dijo en la presentaci\u00f3n de su libro.<\/p>\n","protected":false},"excerpt":{"rendered":"La actriz espa\u00f1ola Mar\u00eda Garc\u00eda, conocida como B\u00e1rbara Rey ha reaccionado con una frase muy potente a las&hellip;\n","protected":false},"author":2,"featured_media":222309,"comment_status":"","ping_status":"","sticky":false,"template":"","format":"standard","meta":{"footnotes":""},"categories":[91],"tags":[41541,146,147,25,24,23487,16683,6041,23],"class_list":{"0":"post-222308","1":"post","2":"type-post","3":"status-publish","4":"format-standard","5":"has-post-thumbnail","7":"category-entretenimiento","8":"tag-barbara-rey","9":"tag-entertainment","10":"tag-entretenimiento","11":"tag-es","12":"tag-espana","13":"tag-juan-carlos-i","14":"tag-memorias","15":"tag-monarquia","16":"tag-spain"},"share_on_mastodon":{"url":"https:\/\/pubeurope.com\/@es\/115504970771055150","error":""},"_links":{"self":[{"href":"https:\/\/www.europesays.com\/es\/wp-json\/wp\/v2\/posts\/222308","targetHints":{"allow":["GET"]}}],"collection":[{"href":"https:\/\/www.europesays.com\/es\/wp-json\/wp\/v2\/posts"}],"about":[{"href":"https:\/\/www.europesays.com\/es\/wp-json\/wp\/v2\/types\/post"}],"author":[{"embeddable":true,"href":"https:\/\/www.europesays.com\/es\/wp-json\/wp\/v2\/users\/2"}],"replies":[{"embeddable":true,"href":"https:\/\/www.europesays.com\/es\/wp-json\/wp\/v2\/comments?post=222308"}],"version-history":[{"count":0,"href":"https:\/\/www.europesays.com\/es\/wp-json\/wp\/v2\/posts\/222308\/revisions"}],"wp:featuredmedia":[{"embeddable":true,"href":"https:\/\/www.europesays.com\/es\/wp-json\/wp\/v2\/media\/222309"}],"wp:attachment":[{"href":"https:\/\/www.europesays.com\/es\/wp-json\/wp\/v2\/media?parent=222308"}],"wp:term":[{"taxonomy":"category","embeddable":true,"href":"https:\/\/www.europesays.com\/es\/wp-json\/wp\/v2\/categories?post=222308"},{"taxonomy":"post_tag","embeddable":true,"href":"https:\/\/www.europesays.com\/es\/wp-json\/wp\/v2\/tags?post=222308"}],"curies":[{"name":"wp","href":"https:\/\/api.w.org\/{rel}","templated":true}]}}