{"id":222332,"date":"2025-11-06T22:07:08","date_gmt":"2025-11-06T22:07:08","guid":{"rendered":"https:\/\/www.europesays.com\/es\/222332\/"},"modified":"2025-11-06T22:07:08","modified_gmt":"2025-11-06T22:07:08","slug":"eduardo-costantini-compartio-un-paseo-en-familia-por-filadelfia-y-conto-que-presto-obras-de-su-coleccion-para-una-muestra-en-esa-ciudad","status":"publish","type":"post","link":"https:\/\/www.europesays.com\/es\/222332\/","title":{"rendered":"Eduardo Costantini comparti\u00f3 un paseo en familia por Filadelfia y cont\u00f3 que prest\u00f3 obras de su colecci\u00f3n para una muestra en esa ciudad"},"content":{"rendered":"<p>El empresario Eduardo Costantini comparti\u00f3 un video de su viaje por los Estados Unidos junto a su esposa Elina y su hija Kahlo<\/p>\n<p class=\"paragraph\">El actual viaje de la <b>familia Costantini<\/b> a <b>Estados Unidos<\/b> marca una nueva etapa en su itinerario internacional y reforz\u00f3 el v\u00ednculo del empresario Eduardo Costantini con el <b>arte latinoamericano<\/b> a trav\u00e9s de una colaboraci\u00f3n con el <b>Museo de Arte de Filadelfia<\/b>. Durante su estad\u00eda en la ciudad, el fundador del <b>Museo de Arte Latinoamericano de Buenos Aires (MALBA)<\/b>, prest\u00f3 dos obras emblem\u00e1ticas de <b>Wifredo Lam<\/b> de su colecci\u00f3n privada, seg\u00fan cont\u00f3, para la exposici\u00f3n conmemorativa del centenario del <b>surrealismo<\/b>, un evento que celebra a este influyente movimiento art\u00edstico.<\/p>\n<p class=\"paragraph\">El trayecto de los <b>Costantini<\/b> por territorio estadounidense se desarroll\u00f3 en un ambiente familiar y distendido. A bordo de una SUV, <b>Eduardo<\/b> viaj\u00f3 acompa\u00f1ado por su esposa <b>Elina<\/b>, su hija <b>Kahlo<\/b>, una acompa\u00f1ante identificada como <b>Kim<\/b> y el chofer. La familia, conocida por compartir sus experiencias y viajes, relat\u00f3 detalles de su recorrido, que incluy\u00f3 una visita al nuevo museo dedicado a <b>Alexander Calder<\/b> y, principalmente, al <b>Museo de Arte de Filadelfia<\/b>. All\u00ed, <b>Costantini<\/b> destac\u00f3 su participaci\u00f3n en la muestra \u201cSurrealismo 100\u201d, donde su aporte consisti\u00f3 en el pr\u00e9stamo de dos piezas de <b>Lam<\/b>.<\/p>\n<p><img alt=\"Omi Obini, una obra del\" class=\"global-image\" decoding=\"async\" fetchpriority=\"low\" height=\"1108\" loading=\"lazy\" src=\"https:\/\/www.europesays.com\/es\/wp-content\/uploads\/2025\/11\/IWBEPSHVDVHERMRJ4JG24L3O34.png\" width=\"754\"\/>Omi Obini, una obra del artista cubano Wilfredo Lam de la colecci\u00f3n de Eduardo Costantini que cedi\u00f3 al Museo de Arte de Filadelfia para una exhibici\u00f3n<\/p>\n<p class=\"paragraph\">Pero adem\u00e1s, remarcaron la actitud de Kahlo en los viajes: \u201cLa beb\u00e9, que siempre llora, se est\u00e1 portando re bien\u201d, recalc\u00f3 el empresario. La madre refut\u00f3: \u201cNo, no llora\u201d. Pero Eduardo explic\u00f3 que \u201cllora en estas sillitas\u201d, por la que usa para trasladarse en autom\u00f3vil. Elina tuvo a mano la explicaci\u00f3n: \u201cS\u00ed, pero porque en esta sillita,ella est\u00e1 bien erguida. A ella no le gusta la sillita nuestra porque va muy para atr\u00e1s\u201d. <\/p>\n<p class=\"paragraph\">La exposici\u00f3n del centenario del <b>surrealismo<\/b> en <b>Filadelfia<\/b> reuni\u00f3 obras clave de artistas internacionales, y la contribuci\u00f3n de <b>Costantini<\/b> se centr\u00f3 en dos pinturas de 1943: <b>\u201cLa ma\u00f1ana verde\u201d<\/b> y <b>\u201cOmi Obini\u201d, <\/b>ambas piezas<b> <\/b>de <b>Wifredo Lam<\/b>, considerado uno de los artistas cubanos m\u00e1s relevantes de la modernidad, especialmente en la d\u00e9cada de 1940. La familia expres\u00f3 su entusiasmo por participar en este evento, que pone en valor el legado del pintor y subraya la importancia de la colaboraci\u00f3n entre coleccionistas privados y museos de prestigio.<\/p>\n<p class=\"paragraph\">Las obras prestadas poseen un significado especial dentro de la trayectoria de <b>Lam<\/b>. <b>\u201cLa ma\u00f1ana verde\u201d<\/b>, tambi\u00e9n conocida como \u201cLe matin vert\u201d, \u201cToi mon regard\u201d o \u201cFor\u00eat vierge\u201d, representa una ceremonia de santer\u00eda en un entorno de plantaciones de ca\u00f1a, consolidando el lenguaje visual propio del artista, forjado a partir de sus vivencias e intereses de la d\u00e9cada anterior. Por su parte, <b>\u201cOmi Obini\u201d<\/b> evoca el universo vegetal y espiritual de la santer\u00eda afrocubana. Esta pintura forma parte de una serie de paisajes antropomorfos que incluye la c\u00e9lebre <b>\u201cLa jungla\u201d<\/b> (1942).<\/p>\n<p><img alt=\"La ma\u00f1ana verde, la segunda\" class=\"global-image\" decoding=\"async\" fetchpriority=\"low\" height=\"1146\" loading=\"lazy\" src=\"https:\/\/www.europesays.com\/es\/wp-content\/uploads\/2025\/11\/LLSYC4KMSVC45IUK3SG5HBR47A.png\" width=\"752\"\/>La ma\u00f1ana verde, la segunda obra de Wilfredo Lam que Costantini cedi\u00f3 al Museo de Arte de Filadelfia para la muestra por el centenario del movimiento surrealista<\/p>\n<p class=\"paragraph\">Durante el viaje, la <b>familia Costantini<\/b> tambi\u00e9n mencion\u00f3 su pr\u00f3xima visita a <b>Nueva York<\/b>, donde planean recorrer el <b>MoMA<\/b>, instituci\u00f3n que alberga otras de las obras m\u00e1s reconocidas de <b>Lam<\/b>. Adem\u00e1s, anticiparon futuros destinos: <b>Elina<\/b> manifest\u00f3 su inter\u00e9s por viajar a <b>Grecia<\/b> y <b>\u00c1frica<\/b>, mientras que <b>Eduardo<\/b> record\u00f3 que el verano los llevar\u00e1 a <b>Punta del Este<\/b>. Estas declaraciones reflejan la din\u00e1mica viajera de la familia, que combina el disfrute de destinos culturales y vacacionales con su pasi\u00f3n por el arte.<\/p>\n<p class=\"paragraph\">El estilo de vida de los <b>Costantini<\/b>, marcado por la movilidad y el inter\u00e9s por la cultura, se manifiesta en la manera en que integran a su hija <b>Kahlo<\/b> en sus recorridos y en la atenci\u00f3n a los detalles cotidianos del viaje. La familia relat\u00f3 an\u00e9cdotas sobre la comodidad de la peque\u00f1a durante los traslados y la organizaci\u00f3n de sus jornadas, evidenciando una rutina en la que el arte y la vida familiar se entrelazan de forma natural.<\/p>\n<p class=\"paragraph\">En el trasfondo de estas experiencias, <b>Eduardo Costantini<\/b> revel\u00f3 una decisi\u00f3n significativa: en el pasado, vendi\u00f3 una obra de <b>Lam<\/b> de menor tama\u00f1o para adquirir <b>\u201cOmi Obini\u201d<\/b>, una pieza que ocupa un lugar central en el <b>MALBA<\/b> y representa un hito en su colecci\u00f3n personal.<\/p>\n","protected":false},"excerpt":{"rendered":"El empresario Eduardo Costantini comparti\u00f3 un video de su viaje por los Estados Unidos junto a su esposa&hellip;\n","protected":false},"author":2,"featured_media":222333,"comment_status":"","ping_status":"","sticky":false,"template":"","format":"standard","meta":{"footnotes":""},"categories":[173],"tags":[229,233,231,230,232,234,146,147,25,24,23],"class_list":{"0":"post-222332","1":"post","2":"type-post","3":"status-publish","4":"format-standard","5":"has-post-thumbnail","7":"category-arte-y-diseno","8":"tag-arte","9":"tag-arte-y-diseno","10":"tag-arts","11":"tag-arts-and-design","12":"tag-design","13":"tag-diseno","14":"tag-entertainment","15":"tag-entretenimiento","16":"tag-es","17":"tag-espana","18":"tag-spain"},"share_on_mastodon":{"url":"","error":""},"_links":{"self":[{"href":"https:\/\/www.europesays.com\/es\/wp-json\/wp\/v2\/posts\/222332","targetHints":{"allow":["GET"]}}],"collection":[{"href":"https:\/\/www.europesays.com\/es\/wp-json\/wp\/v2\/posts"}],"about":[{"href":"https:\/\/www.europesays.com\/es\/wp-json\/wp\/v2\/types\/post"}],"author":[{"embeddable":true,"href":"https:\/\/www.europesays.com\/es\/wp-json\/wp\/v2\/users\/2"}],"replies":[{"embeddable":true,"href":"https:\/\/www.europesays.com\/es\/wp-json\/wp\/v2\/comments?post=222332"}],"version-history":[{"count":0,"href":"https:\/\/www.europesays.com\/es\/wp-json\/wp\/v2\/posts\/222332\/revisions"}],"wp:featuredmedia":[{"embeddable":true,"href":"https:\/\/www.europesays.com\/es\/wp-json\/wp\/v2\/media\/222333"}],"wp:attachment":[{"href":"https:\/\/www.europesays.com\/es\/wp-json\/wp\/v2\/media?parent=222332"}],"wp:term":[{"taxonomy":"category","embeddable":true,"href":"https:\/\/www.europesays.com\/es\/wp-json\/wp\/v2\/categories?post=222332"},{"taxonomy":"post_tag","embeddable":true,"href":"https:\/\/www.europesays.com\/es\/wp-json\/wp\/v2\/tags?post=222332"}],"curies":[{"name":"wp","href":"https:\/\/api.w.org\/{rel}","templated":true}]}}