{"id":22234,"date":"2025-08-03T06:37:12","date_gmt":"2025-08-03T06:37:12","guid":{"rendered":"https:\/\/www.europesays.com\/es\/22234\/"},"modified":"2025-08-03T06:37:12","modified_gmt":"2025-08-03T06:37:12","slug":"los-perros-son-los-nuevos-hijos-y-yo-quiero-promover-espacios-pet-friendly","status":"publish","type":"post","link":"https:\/\/www.europesays.com\/es\/22234\/","title":{"rendered":"Los perros son los nuevos hijos y yo quiero promover espacios pet-friendly"},"content":{"rendered":"<p>            <a href=\"https:\/\/www.noticiasdenavarra.com\/cultura\/2025\/07\/25\/tiktoker-andres-harthman-lanza-primer-9920426.html\" title=\"El creador de contenido Andr\u00e9s Harthman lanza su primer libro sobre el Camino de Santiago con su perra Duna\" class=\"new__media\" rel=\"nofollow noopener\" target=\"_blank\"><\/p>\n<p>                <img alt=\"El creador de contenido Andr\u00e9s Harthman lanza su primer libro sobre el Camino de Santiago con su perra Duna\" data-src=\"https:\/\/www.europesays.com\/es\/wp-content\/uploads\/2025\/07\/285ac4ee-bb99-4755-8948-2df340e64918_16-9-aspect-ratio_default_0.jpg\" class=\"lozad\"\/><\/p>\n<p>        <\/a><\/p>\n<p>        <a href=\"https:\/\/www.noticiasdenavarra.com\/cultura\/2025\/07\/25\/tiktoker-andres-harthman-lanza-primer-9920426.html\" title=\"El creador de contenido Andr\u00e9s Harthman lanza su primer libro sobre el Camino de Santiago con su perra Duna\" class=\"new__headline\" rel=\"nofollow noopener\" target=\"_blank\"><br \/>\n            El creador de contenido Andr\u00e9s Harthman lanza su primer libro sobre el Camino de Santiago con su perra Duna<br \/>\n        <\/a><\/p>\n<p class=\"article-body__text question-answers__question\"><strong>\u00bfQu\u00e9 le anim\u00f3 a querer andar durante m\u00e1s de un mes, con una mochila a cuestas y con Duna?<\/strong><\/p>\n<p class=\"article-body__text question-answers__answer\"><strong> \u2013Duna y yo realizamos muchas rutas y visitamos diferentes lugares para que la gente conozca. Hace tres a\u00f1os, fuimos a la Playa de las Catedrales<\/strong>, en <strong>Galicia<\/strong>, y pens\u00e9 que podr\u00edamos acercarnos hasta la <strong>catedral de Santiago de Compostela<\/strong>. Y nos llam\u00f3 mucho la atenci\u00f3n porque siempre cre\u00ed que no encajar\u00eda con las motivaciones que te llevan a hacer esa peregrinaci\u00f3n. Sin embargo, al ver la emoci\u00f3n de los caminantes que llegaban, c\u00f3mo se abrazaban entre desconocidos, las l\u00e1grimas, etc. Te impacta de la misma manera que cuando ves la plaza del Ayuntamiento el d\u00eda del Chupinazo. As\u00ed que me promet\u00ed a m\u00ed mismo y a Duna hacerlo y, como tuve durante un mes y pico vacaciones, lo hice con el perro.<\/p>\n<p class=\"article-body__text question-answers__question\"><strong>\u00bfNo tuvo que ser f\u00e1cil que le acompa\u00f1ara su mascota a la hora de conseguir alojamiento&#8230;?<\/strong><\/p>\n<p class=\"article-body__text question-answers__answer\"><strong> \u2013Fue complicado, pero mi idea siempre ha sido \u2013es lo que hago en mis redes sociales\u2013 promover sitios <\/strong><strong>pet-friendly<\/strong> porque <strong>los perros son los nuevos hijos<\/strong>, as\u00ed que yo quiero dar a conocer espacios donde los animales tengan cabida. Por eso, fui con Duna, que lleva muchos entrenamientos detr\u00e1s porque vamos mucho al monte y la ve\u00eda preparada para hacerlo. Fue muy duro, pero lo conseguimos. Por eso, surgi\u00f3 la idea del libro. Quiero ayudar a la gente que se anime a hacer el <strong>Camino de Santiago con sus mascotas<\/strong> a que conozcan mi experiencia y tengan referencias de los establecimientos y albergues en los que se permiten animales. En ocasiones, tuvimos que alargar etapas e irnos al pueblo siguiente porque no hay albergues pet-friendly. Por eso, nuestro prop\u00f3sito es ayudar a otras personas que se animen a este viaje.<\/p>\n<p class=\"article-body__text question-answers__question\"><strong>\u00bfC\u00f3mo fue pasar de hacer v\u00eddeos a tener que escribir un libro en menos de dos meses?<\/strong><\/p>\n<p class=\"article-body__text question-answers__answer\"><strong> \u2013A m\u00ed me gusta decir que soy un creador de contenido lento<\/strong>; <a href=\"https:\/\/www.noticiasdenavarra.com\/san-fermin\/2025\/07\/04\/sanfermines-pantalla-pequena-tiktokers-9831488.html\" title=\"tardo alrededor de tres horas para editar un v\u00eddeo porque soy muy perfeccionista y quiero que todos los detalles sean perfectos. Eso hace que suba menos v\u00eddeos, pero de m\u00e1s calidad\" rel=\"nofollow noopener\" target=\"_blank\">tardo alrededor de tres horas para editar un v\u00eddeo porque soy muy perfeccionista y quiero que todos los detalles sean perfectos. Eso hace que suba menos v\u00eddeos, pero de m\u00e1s calidad<\/a>. De hecho, muchos v\u00eddeos los sub\u00ed a redes sociales hasta diez d\u00edas despu\u00e9s de hacer llegado a Santiago. El Camino lo terminamos en abril y, como nuestro boom fue durante el Camino, la <strong>editorial Dashbooks<\/strong> contact\u00f3 conmigo y me comentaron que estaban interesados con la historia que hab\u00edamos contado en los v\u00eddeos, as\u00ed que quise tener la preventa cerrada para el 25 de julio porque es una fecha muy simb\u00f3lica para esta peregrinaci\u00f3n. En cualquier caso, como en agosto vuelvo a tener vacaciones, <strong>queremos volver a hacer el Camino en coche y parar en los sitios donde la gente nos toc\u00f3 el coraz\u00f3n para darles una sorpresa <\/strong>y terminar de documentar el libro con im\u00e1genes de los hospitalarios, de los albergues&#8230;<\/p>\n<p>            <a href=\"https:\/\/www.noticiasdenavarra.com\/san-fermin\/2025\/07\/04\/sanfermines-pantalla-pequena-tiktokers-9831488.html\" title=\"San Ferm\u00edn en TikTok: la misi\u00f3n de tres creadores para retratar una fiesta sin igual\" class=\"new__media\" rel=\"nofollow noopener\" target=\"_blank\"><\/p>\n<p>                <img alt=\"San Ferm\u00edn en TikTok: la misi\u00f3n de tres creadores para retratar una fiesta sin igual\" data-src=\"https:\/\/www.europesays.com\/es\/wp-content\/uploads\/2025\/07\/5e1f0a68-606c-4702-a38a-c91bc4155055_16-9-aspect-ratio_default_0.jpg\" class=\"lozad\"\/><\/p>\n<p>        <\/a><\/p>\n<p>        <a href=\"https:\/\/www.noticiasdenavarra.com\/san-fermin\/2025\/07\/04\/sanfermines-pantalla-pequena-tiktokers-9831488.html\" title=\"San Ferm\u00edn en TikTok: la misi\u00f3n de tres creadores para retratar una fiesta sin igual\" class=\"new__headline\" rel=\"nofollow noopener\" target=\"_blank\"><br \/>\n            San Ferm\u00edn en TikTok: la misi\u00f3n de tres creadores para retratar una fiesta sin igual<br \/>\n        <\/a><\/p>\n<p class=\"article-body__text question-answers__question\"><strong>\u00bfHabr\u00eda hecho el Camino de Santiago de no ser por Duna o es una parte esencial de su viaje?<\/strong><\/p>\n<p class=\"article-body__text question-answers__answer\"><strong> \u2013Hace un tiempo pas\u00e9 por una depresi\u00f3n<\/strong> y <strong>Duna me sac\u00f3 de ah\u00ed<\/strong>, as\u00ed que para m\u00ed es muy importante. Es un <strong>perro de apoyo emocional<\/strong> y me ha ayudado mucho durante el Camino, pero tambi\u00e9n en el resto de los \u00e1mbitos de mi vida. De hecho, todo lo que soy tiene que ser con ella. A lo mejor soy muy pesado, pero yo quiero darle todo el cari\u00f1o que ella me ha dado. Al hacer esta peregrinaci\u00f3n solo, tambi\u00e9n he llorado mucho y si Duna me ve\u00eda mal se acercaba y me abrazaba \u2013se emociona\u2013. <strong>Era como que solo est\u00e1bamos ella y yo. Y nos apoy\u00e1bamos.<\/strong><\/p>\n<p class=\"article-body__text question-answers__question\"><strong>\u00bfPodr\u00eda contar con m\u00e1s detalle c\u00f3mo fue que Duna lleg\u00f3 a su vida?<\/strong><\/p>\n<p class=\"article-body__text question-answers__answer\"><strong> \u2013Siempre he tenido perros y cuando estaba tan mal, decid\u00ed buscar a una perra de apoyo emocional. La busqu\u00e9 por internet y vi que en Puerto de Sagunto<\/strong> \u2013casualmente, de ah\u00ed eran mis compa\u00f1eros de piso cuando viv\u00ed una temporada en Londres\u2013 vend\u00edan una <strong>shar pei<\/strong>, as\u00ed que llam\u00e9, me dijeron que solo les quedaba una y fue <strong>amor a primera vista<\/strong>. S\u00e9 que se puede criticar por haber comprado en lugar de adoptar, pero necesitaba un animal de soporte emocional y yo no la iba a abandonar y que la iba a cuidar. De hecho, creo que es el <strong>animal m\u00e1s bueno e inteligente del mundo<\/strong>. La gente se sorprende con las cosas que hace y con el v\u00ednculo que tenemos.<\/p>\n<p class=\"article-body__text question-answers__question\"><strong>Tambi\u00e9n se dice que los perros se parecen a sus due\u00f1os&#8230;<\/strong><\/p>\n<p class=\"article-body__text question-answers__answer\"><strong> \u2013En este caso ocurre \u2013se r\u00ede\u2013. Cuando ha venido el fot\u00f3grafo, no se ha dejado acariciar porque es tan desconfiada como yo. Y tambi\u00e9n es un poco vergonzosa. Necesita su tiempo para adaptarse, pero en cuanto te coja algo de cari\u00f1o, se lanza sobre ti y te quiere. Te la tienes que ganar; un poco como pasa conmigo.<\/strong><\/p>\n<p class=\"article-body__text question-answers__question\"><strong>Volviendo a la traves\u00eda, \u00bfc\u00f3mo fue la llegada a Santiago?<\/strong><\/p>\n<p class=\"article-body__text question-answers__answer\"><strong> \u2013No me lo cre\u00eda. Confiaba en nosotros, pero hasta que no pasa&#8230; Para m\u00ed fue como cuando terminas de estudiar lo que te gusta y empiezas a trabajar de lo tuyo; es como conseguir algo que llevas toda la vida esperando. Como lograr un sue\u00f1o o una meta.<\/strong> Es dif\u00edcil porque se sufre mucho, pero es muy reconfortante. A Duna le pon\u00eda crema en las patitas todas las noches para que no se le irritaran. <strong>Es como mi hija, la cuido y la fuerzo todo lo que puedo.<\/strong><\/p>\n<p class=\"article-body__text question-answers__question\"><strong>\u00bfRecibi\u00f3 cr\u00edticas?<\/strong><\/p>\n<p class=\"article-body__text question-answers__answer\"><strong> \u2013S\u00ed, me llegaron a decir que era un maltratador de animales<\/strong> porque le forzaba a llevar una mochila con sus chuches y su crema protectora. Pero s\u00e9 que quienes me criticaban son los que no sacan a su perro durante m\u00e1s de cinco minutos. <a href=\"https:\/\/www.instagram.com\/reel\/DMh0B0tM8SE\/?utm_source=ig_embed&amp;utm_campaign=loading\" title=\"Al principio, me dol\u00eda mucho recibir esos discursos de odio, pero me da igual porque yo s\u00e9 lo mucho que quiero a mi perra y lo mucho que respeto los diferentes espacios por los que transito\" rel=\"nofollow noopener\" target=\"_blank\">Al principio, me dol\u00eda mucho recibir esos discursos de odio, pero me da igual porque yo s\u00e9 lo mucho que quiero a mi perra y lo mucho que respeto los diferentes espacios por los que transito<\/a>. Porque <strong>mis valores se basan en dejar los sitios mejor de c\u00f3mo me los encuentro<\/strong>. Si recibo insultos, los borro, pero la gran mayor\u00eda los dejo. Y, en el caso de que sean constructivos, les respondo para mejorar y crecer. Con todo, la mayor\u00eda de los comentarios eran muy bonitos. <strong>Me animaban, me dec\u00edan que mis v\u00eddeos eran su \u201cserie favorita\u201d<\/strong>. Y es bonito, porque veo que la gente se emociona y disfruta con Duna, que es la <strong>verdadera protagonista<\/strong> de lo que hago.<\/p>\n<p class=\"article-photo__footer\">\n            Andr\u00e9s Harthman, junto con Duna, en su llegada a la catedral de Santiago de Compostela.            Cedida        <\/p>\n<p class=\"article-body__text question-answers__question\"><strong>\u00bfCu\u00e1l es uno de los mayores secretos que alberga el Camino?<\/strong><\/p>\n<p class=\"article-body__text question-answers__answer\"><strong> \u2013Todos los que viven esta experiencia tratan de devolverle lo que les ha regalado el Camino<\/strong>. Como nosotros con el libro. Y todo el mundo tiene su historia. Por ejemplo, conocimos a una italiana que no termin\u00f3 la peregrinaci\u00f3n porque se enamor\u00f3 de <strong>Samos<\/strong> y se qued\u00f3 ah\u00ed, mont\u00f3 <strong>Terra de Luz<\/strong> y despu\u00e9s lo termin\u00f3. Sinti\u00f3 que se ten\u00eda que quedar all\u00ed. Es muy emocionante porque todo el mundo tiene su historia y te ganan el coraz\u00f3n. Es gente que te marca de por vida porque encuentras algo en ellos que te llena. Parece que el destino quiere que te encuentres con ellos. Como dijo una hospitalera a la que conoc\u00ed: <strong>\u201cel Camino proveer\u00e1\u201d<\/strong>.<\/p>\n<p>            <script async src=\"\/\/www.instagram.com\/embed.js\"><\/script><\/p>\n","protected":false},"excerpt":{"rendered":"El creador de contenido Andr\u00e9s Harthman lanza su primer libro sobre el Camino de Santiago con su perra&hellip;\n","protected":false},"author":2,"featured_media":22235,"comment_status":"","ping_status":"","sticky":false,"template":"","format":"standard","meta":{"footnotes":""},"categories":[172],"tags":[2987,224,13085,2517,146,147,25,24,3961,225,4236,23],"class_list":{"0":"post-22234","1":"post","2":"type-post","3":"status-publish","4":"format-standard","5":"has-post-thumbnail","7":"category-libros","8":"tag-andres","9":"tag-books","10":"tag-contenido","11":"tag-creador","12":"tag-entertainment","13":"tag-entretenimiento","14":"tag-es","15":"tag-espana","16":"tag-harthman","17":"tag-libros","18":"tag-perros","19":"tag-spain"},"share_on_mastodon":{"url":"","error":""},"_links":{"self":[{"href":"https:\/\/www.europesays.com\/es\/wp-json\/wp\/v2\/posts\/22234","targetHints":{"allow":["GET"]}}],"collection":[{"href":"https:\/\/www.europesays.com\/es\/wp-json\/wp\/v2\/posts"}],"about":[{"href":"https:\/\/www.europesays.com\/es\/wp-json\/wp\/v2\/types\/post"}],"author":[{"embeddable":true,"href":"https:\/\/www.europesays.com\/es\/wp-json\/wp\/v2\/users\/2"}],"replies":[{"embeddable":true,"href":"https:\/\/www.europesays.com\/es\/wp-json\/wp\/v2\/comments?post=22234"}],"version-history":[{"count":0,"href":"https:\/\/www.europesays.com\/es\/wp-json\/wp\/v2\/posts\/22234\/revisions"}],"wp:featuredmedia":[{"embeddable":true,"href":"https:\/\/www.europesays.com\/es\/wp-json\/wp\/v2\/media\/22235"}],"wp:attachment":[{"href":"https:\/\/www.europesays.com\/es\/wp-json\/wp\/v2\/media?parent=22234"}],"wp:term":[{"taxonomy":"category","embeddable":true,"href":"https:\/\/www.europesays.com\/es\/wp-json\/wp\/v2\/categories?post=22234"},{"taxonomy":"post_tag","embeddable":true,"href":"https:\/\/www.europesays.com\/es\/wp-json\/wp\/v2\/tags?post=22234"}],"curies":[{"name":"wp","href":"https:\/\/api.w.org\/{rel}","templated":true}]}}