{"id":222342,"date":"2025-11-06T22:14:10","date_gmt":"2025-11-06T22:14:10","guid":{"rendered":"https:\/\/www.europesays.com\/es\/222342\/"},"modified":"2025-11-06T22:14:10","modified_gmt":"2025-11-06T22:14:10","slug":"un-dia-mas-de-festival-y-ajustes-en-el-aforo","status":"publish","type":"post","link":"https:\/\/www.europesays.com\/es\/222342\/","title":{"rendered":"un d\u00eda m\u00e1s de festival y \u00abajustes en el aforo\u00bb"},"content":{"rendered":"<p style=\"\">Mad Cool encara en 2026 su d\u00e9cimo aniversario y el festival pretende ofrecer un \u00abformato renovado, concebido para ofrecer mayor comodidad, espacios m\u00e1s amplios y un ambiente m\u00e1s relajado\u00bb, en la l\u00ednea de lo que el p\u00fablico les ha pedido a lo largo de los  &#8230; \u00faltimos dos a\u00f1os. Por ello, la direcci\u00f3n ha tomado la decisi\u00f3n de a\u00f1adir un d\u00eda m\u00e1s a este evento celebrado en Villaverde y llevar a cabo \u00abajustes de aforo\u00bb.<\/p>\n<p class=\"voc-p\" style=\"\">Tal y como se ha dado a conocer este jueves, la pr\u00f3xima edici\u00f3n del festival -que ha dado que hablar en cada uno de los diez a\u00f1os que lleva celebr\u00e1ndose en la capital- <strong>se celebrar\u00e1 del 8 al 11 de julio de 2026<\/strong> en el Espacio Iberdrola Music. Este anuncio llega, eso s\u00ed, sin que Mad Cool haya dado a conocer los nombres de los artistas que formar\u00e1n el cartel ya que buscan que \u00ablos asistentes conozcan c\u00f3mo ser\u00e1 la nueva etapa\u00bb, en la que buscan transformarse en un evento m\u00e1s cercano y redise\u00f1ado con la intenci\u00f3n de que \u00abpriorizar la experiencia y el bienestar de los fans\u00bb.<\/p>\n<p class=\"voc-p\" style=\"\">As\u00ed, adem\u00e1s de a\u00f1adir un d\u00eda m\u00e1s al festival y reducir los aforos -ya el a\u00f1o pasado se tom\u00f3 esta medida para mejorar los flujos de acceso y la movilidad dentro del recinto-, se ofrecer\u00e1 un modelo \u00abm\u00e1s sostenible\u00bb, orientado \u00abal bienestar, la comodidad y la relajaci\u00f3n\u00bb, y una propuesta art\u00edstica renovada \u00abcon jornadas de identidad propia que refuerzan la coherencia y personalidad de d\u00eda\u00bb.<\/p>\n<p class=\"voc-p\" style=\"\">\u00abMad Cool Festival cumple diez a\u00f1os en 2026 y queremos celebrarlo dando un salto cualitativo. El nuevo modelo nace de escuchar a nuestro p\u00fablico, de poner sus necesidades en el centro y de ofrecerles un espacio donde disfrutar de la m\u00fasica con la m\u00e1xima calidad y comodidad\u00bb, se\u00f1alan desde este festival.<\/p>\n<p class=\"voc-p\" style=\"\">Adem\u00e1s de las ya tradicionales quejas de los vecinos por el ruido, durante la pasada la edici\u00f3n celebrada este verano, los asistentes criticaron los fallos en los escenarios principales durante las actuaciones de cabezas de cartel como Iggy Pop o Gracie Abrams, a lo que se sumaron las complicaciones para llegar hasta este espacio, motivadas por <a href=\"https:\/\/www.abc.es\/espana\/madrid\/mad-cool-abre-puertas-trabas-getafe-posible-20250710201305-nt.html\" target=\"_self\" data-voc-vtm-id=\"in-text-traffic\" title=\"las trabas del Ayuntamiento de Getafe \" data-mrf-link=\"www.abc.es\" rel=\"nofollow noopener\">las trabas del Ayuntamiento de Getafe <\/a>que no facilit\u00f3 la movilidad en la zona, y las aglomeraciones y largas colas en las estaciones a la salida.<\/p>\n<p>\nEl festival, en el banquillo\n<\/p>\n<p class=\"voc-p\" style=\"\">Este anuncio llega tambi\u00e9n dos meses despu\u00e9s de que la juez de Instrucci\u00f3n n\u00famero 34 de Madrid haya abierto un juicio oral contra los promotores del Mad Cool por la presunta comisi\u00f3n de un delito contra el medio ambiente que se produjo en el recinto Iberdrola Music, investigado a ra\u00edz de una denuncia vecinal, en la edici\u00f3n de 2023<\/p>\n<p class=\"voc-p\" style=\"\">En su escrito de acusaci\u00f3n, el fiscal pide para Jos\u00e9 Javier A. L., director de Mad Cool, una condena de dos a\u00f1os de prisi\u00f3n y una multa de 12 meses, con cuota diaria de 30 euros, adem\u00e1s de una inhabilitaci\u00f3n de dos a\u00f1os para ejercer esta profesi\u00f3n. Para la mercantil Mad Cool Festival S. L. reclama las penas de multa de dos a\u00f1os, con cuota diaria de 100 euros, e inhabilitaci\u00f3n para obtener subvenciones y ayudas p\u00fablicas, entre otros, por dos a\u00f1os.<\/p>\n<p class=\"voc-p\" style=\"\">\u00a0<\/p>\n","protected":false},"excerpt":{"rendered":"Mad Cool encara en 2026 su d\u00e9cimo aniversario y el festival pretende ofrecer un \u00abformato renovado, concebido para&hellip;\n","protected":false},"author":2,"featured_media":222343,"comment_status":"","ping_status":"","sticky":false,"template":"","format":"standard","meta":{"footnotes":""},"categories":[91],"tags":[59038,39431,45092,11340,978,2197,146,147,25,24,3931,59037,6656,23],"class_list":{"0":"post-222342","1":"post","2":"type-post","3":"status-publish","4":"format-standard","5":"has-post-thumbnail","7":"category-entretenimiento","8":"tag-aforo","9":"tag-ajustes","10":"tag-cool","11":"tag-decima","12":"tag-dia","13":"tag-edicion","14":"tag-entertainment","15":"tag-entretenimiento","16":"tag-es","17":"tag-espana","18":"tag-festival","19":"tag-mad","20":"tag-renueva","21":"tag-spain"},"share_on_mastodon":{"url":"https:\/\/pubeurope.com\/@es\/115505061203988512","error":""},"_links":{"self":[{"href":"https:\/\/www.europesays.com\/es\/wp-json\/wp\/v2\/posts\/222342","targetHints":{"allow":["GET"]}}],"collection":[{"href":"https:\/\/www.europesays.com\/es\/wp-json\/wp\/v2\/posts"}],"about":[{"href":"https:\/\/www.europesays.com\/es\/wp-json\/wp\/v2\/types\/post"}],"author":[{"embeddable":true,"href":"https:\/\/www.europesays.com\/es\/wp-json\/wp\/v2\/users\/2"}],"replies":[{"embeddable":true,"href":"https:\/\/www.europesays.com\/es\/wp-json\/wp\/v2\/comments?post=222342"}],"version-history":[{"count":0,"href":"https:\/\/www.europesays.com\/es\/wp-json\/wp\/v2\/posts\/222342\/revisions"}],"wp:featuredmedia":[{"embeddable":true,"href":"https:\/\/www.europesays.com\/es\/wp-json\/wp\/v2\/media\/222343"}],"wp:attachment":[{"href":"https:\/\/www.europesays.com\/es\/wp-json\/wp\/v2\/media?parent=222342"}],"wp:term":[{"taxonomy":"category","embeddable":true,"href":"https:\/\/www.europesays.com\/es\/wp-json\/wp\/v2\/categories?post=222342"},{"taxonomy":"post_tag","embeddable":true,"href":"https:\/\/www.europesays.com\/es\/wp-json\/wp\/v2\/tags?post=222342"}],"curies":[{"name":"wp","href":"https:\/\/api.w.org\/{rel}","templated":true}]}}