{"id":222349,"date":"2025-11-06T22:18:08","date_gmt":"2025-11-06T22:18:08","guid":{"rendered":"https:\/\/www.europesays.com\/es\/222349\/"},"modified":"2025-11-06T22:18:08","modified_gmt":"2025-11-06T22:18:08","slug":"espana-no-solo-dejo-el-sahara-tambien-es-todo-el-obstaculo-en-estos-50-anos-hacia-los-saharauis","status":"publish","type":"post","link":"https:\/\/www.europesays.com\/es\/222349\/","title":{"rendered":"Espa\u00f1a no solo dej\u00f3 el S\u00e1hara, tambi\u00e9n es todo el obst\u00e1culo en estos 50 a\u00f1os hacia los saharauis"},"content":{"rendered":"<p>Hablamos con Tesh Sidi, portavoz de M\u00e1s Madrid, que naci\u00f3 en los campamentos de refugiados de Tinduf en 1994.<\/p>\n<p>Hoy se cumplen 50 a\u00f1os de la conocida como<strong> Marcha Verde <\/strong>en Marruecos y como Marcha Negra en el S\u00e1hara Occidental. Medio siglo desde que 350.000 marroqu\u00edes entraron en el territorio del S\u00e1hara Occidental, entonces controlado por Espa\u00f1a. Nuestro pa\u00eds se retir\u00f3 y, desde entonces, miles de saharauis siguen desplazados en campamentos de refugiados. En el informativo 24 horas de RNE hemos hablado con <strong>Tesh Sidi, portavoz de M\u00e1s Madrid<\/strong>. Sidi <strong>naci\u00f3 en los campamentos de refugiados de Tinduf en 1994 <\/strong>y ha confesado que \u00abcualquier ni\u00f1o que nace en un campo de refugiados nace mayor. Nosotros <strong>no tenemos derecho a la infancia y no la conocemos.<\/strong>\u00bb Sidi ha explicado lo qu\u00e9 ocurri\u00f3 hace 50 a\u00f1os: \u00abla Marcha Verde es un pacto entre Juan Carlos I con Hassan II de Marruecos a trav\u00e9s de EE.UU.\u00bb, ha dicho y ha reivindicado que \u00abEspa\u00f1a no solo dej\u00f3 el S\u00e1hara de facto, <strong>es todo el obst\u00e1culo en estos 50 a\u00f1os hacia los ciudadanos de origen saharaui.\u00bb<\/strong><\/p>\n","protected":false},"excerpt":{"rendered":"Hablamos con Tesh Sidi, portavoz de M\u00e1s Madrid, que naci\u00f3 en los campamentos de refugiados de Tinduf en&hellip;\n","protected":false},"author":2,"featured_media":222350,"comment_status":"","ping_status":"","sticky":false,"template":"","format":"standard","meta":{"footnotes":""},"categories":[8],"tags":[59039,11980,17,18,25,24,13,14,11,19,20,9,10,15,16,133,1448,1986,1987,23,59040,12,21,22],"class_list":{"0":"post-222349","1":"post","2":"type-post","3":"status-publish","4":"format-standard","5":"has-post-thumbnail","7":"category-espana","8":"tag-espana-no-solo-dejo-el-sahara","9":"tag-24-horas","10":"tag-breaking-news","11":"tag-breakingnews","12":"tag-es","13":"tag-espana","14":"tag-featured-news","15":"tag-featurednews","16":"tag-headlines","17":"tag-latest-news","18":"tag-latestnews","19":"tag-news","20":"tag-noticias","21":"tag-noticias-destacadas","22":"tag-noticiasdestacadas","23":"tag-online","24":"tag-radio","25":"tag-rne","26":"tag-rtve-play","27":"tag-spain","28":"tag-tambien-es-todo-el-obstaculo-en-estos-50-anos-hacia-los-saharauis","29":"tag-titulares","30":"tag-ultimas-noticias","31":"tag-ultimasnoticias"},"share_on_mastodon":{"url":"https:\/\/pubeurope.com\/@es\/115505076996013919","error":""},"_links":{"self":[{"href":"https:\/\/www.europesays.com\/es\/wp-json\/wp\/v2\/posts\/222349","targetHints":{"allow":["GET"]}}],"collection":[{"href":"https:\/\/www.europesays.com\/es\/wp-json\/wp\/v2\/posts"}],"about":[{"href":"https:\/\/www.europesays.com\/es\/wp-json\/wp\/v2\/types\/post"}],"author":[{"embeddable":true,"href":"https:\/\/www.europesays.com\/es\/wp-json\/wp\/v2\/users\/2"}],"replies":[{"embeddable":true,"href":"https:\/\/www.europesays.com\/es\/wp-json\/wp\/v2\/comments?post=222349"}],"version-history":[{"count":0,"href":"https:\/\/www.europesays.com\/es\/wp-json\/wp\/v2\/posts\/222349\/revisions"}],"wp:featuredmedia":[{"embeddable":true,"href":"https:\/\/www.europesays.com\/es\/wp-json\/wp\/v2\/media\/222350"}],"wp:attachment":[{"href":"https:\/\/www.europesays.com\/es\/wp-json\/wp\/v2\/media?parent=222349"}],"wp:term":[{"taxonomy":"category","embeddable":true,"href":"https:\/\/www.europesays.com\/es\/wp-json\/wp\/v2\/categories?post=222349"},{"taxonomy":"post_tag","embeddable":true,"href":"https:\/\/www.europesays.com\/es\/wp-json\/wp\/v2\/tags?post=222349"}],"curies":[{"name":"wp","href":"https:\/\/api.w.org\/{rel}","templated":true}]}}