{"id":222417,"date":"2025-11-06T23:11:13","date_gmt":"2025-11-06T23:11:13","guid":{"rendered":"https:\/\/www.europesays.com\/es\/222417\/"},"modified":"2025-11-06T23:11:13","modified_gmt":"2025-11-06T23:11:13","slug":"el-ciclismo-se-prepara-para-regresar-al-circuito-del-parque-de-mayo","status":"publish","type":"post","link":"https:\/\/www.europesays.com\/es\/222417\/","title":{"rendered":"El ciclismo se prepara para regresar al circuito del Parque de Mayo"},"content":{"rendered":"\n<p>Luego de las cuatro programaciones realizadas en el vel\u00f3dromo del Club Ciclista Pedal Bahiense, el ciclismo se prepara para regresar el domingo venidero al circuito interior del Parque de Mayo.<\/p>\n<p>En la oportunidad y poni\u00e9ndole fin al ciclo denominado \u00abDirigentes hist\u00f3ricos\u00bb se rendir\u00e1 homenaje a\u00a0H\u00e9ctor Cocciaretti\u00a0y Fernando Marcolini, exdirigentes del Pedal Bahiense.<\/p>\n<p>La actividad en el trazado de 750 metros de extensi\u00f3n se pondr\u00e1 en marcha a las 9 y corresponder\u00e1 a la 8\u00aa programaci\u00f3n del calendario anual de la Federaci\u00f3n Ciclista del Sud.<\/p>\n<p class=\"newsletter__titulo\"> Recib\u00ed los Newsletters de La Nueva sin costo <\/p>\n<p>  {{msj}}  <\/p>\n<p>  {{msj}}  <\/p>\n<p>Los primeros en participar ser\u00e1n los adherentes-debutantes mayores y menores de 40 a\u00f1os, quienes disputar\u00e1n 30 minutos con un \u00fanico embalaje final.<\/p>\n<p>A las 10 ser\u00e1 el turno de los master E y damas. Correr\u00e1n 30 minutos con 2 embalajes puntables.<\/p>\n<p>Para las 10.50 est\u00e1 prevista la largada de la prueba para master C y D. Aqu\u00ed ser\u00e1n 45 minutos con 3 sprints.<\/p>\n<p>Finalmente, al mediod\u00eda se iniciar\u00e1 la prueba central, que estar\u00e1 reservada a las categor\u00edas elite, sub 23, juveniles y\u00a0master A y B.<\/p>\n<p>Los participantes deber\u00e1n girar durante 75 minutos efectuando 5 embalajes puntables, en los que se otorgar\u00e1n 5, 3, 2 y 1 punto a los cuatro mejores ubicados en cada sprint.<\/p>\n<p>El valor de la inscripci\u00f3n fue fijado en 10.000 pesos (5.000 para adherentes-debutantes), con el correspondiente seguro incluido.<\/p>\n<p>Se recuerda que para poder participar de las pruebas ser\u00e1 requisito indispensable la presentaci\u00f3n de la licencia habilitante correspondiente a la temporada 2025.<\/p>\n<p>Hasta el momento la paridad ha marcado el a\u00f1o 2025 ya que hasta el momento no se repitieron los ganadores.<\/p>\n<p>Han triunfado Jorge\u00a0Gonz\u00e1lez, Tom\u00e1s Mu\u00f1eca, Pablo M\u00e9rcuri, Mateo Olgu\u00edn, Marcelo Cardoso, Mat\u00edas Pollio y Guillermo Erro.<\/p>\n","protected":false},"excerpt":{"rendered":"Luego de las cuatro programaciones realizadas en el vel\u00f3dromo del Club Ciclista Pedal Bahiense, el ciclismo se prepara&hellip;\n","protected":false},"author":2,"featured_media":222418,"comment_status":"","ping_status":"","sticky":false,"template":"","format":"standard","meta":{"footnotes":""},"categories":[273],"tags":[313,312,168,25,24,23,167],"class_list":{"0":"post-222417","1":"post","2":"type-post","3":"status-publish","4":"format-standard","5":"has-post-thumbnail","7":"category-ciclismo","8":"tag-ciclismo","9":"tag-cycling","10":"tag-deportes","11":"tag-es","12":"tag-espana","13":"tag-spain","14":"tag-sports"},"share_on_mastodon":{"url":"https:\/\/pubeurope.com\/@es\/115505285239457166","error":""},"_links":{"self":[{"href":"https:\/\/www.europesays.com\/es\/wp-json\/wp\/v2\/posts\/222417","targetHints":{"allow":["GET"]}}],"collection":[{"href":"https:\/\/www.europesays.com\/es\/wp-json\/wp\/v2\/posts"}],"about":[{"href":"https:\/\/www.europesays.com\/es\/wp-json\/wp\/v2\/types\/post"}],"author":[{"embeddable":true,"href":"https:\/\/www.europesays.com\/es\/wp-json\/wp\/v2\/users\/2"}],"replies":[{"embeddable":true,"href":"https:\/\/www.europesays.com\/es\/wp-json\/wp\/v2\/comments?post=222417"}],"version-history":[{"count":0,"href":"https:\/\/www.europesays.com\/es\/wp-json\/wp\/v2\/posts\/222417\/revisions"}],"wp:featuredmedia":[{"embeddable":true,"href":"https:\/\/www.europesays.com\/es\/wp-json\/wp\/v2\/media\/222418"}],"wp:attachment":[{"href":"https:\/\/www.europesays.com\/es\/wp-json\/wp\/v2\/media?parent=222417"}],"wp:term":[{"taxonomy":"category","embeddable":true,"href":"https:\/\/www.europesays.com\/es\/wp-json\/wp\/v2\/categories?post=222417"},{"taxonomy":"post_tag","embeddable":true,"href":"https:\/\/www.europesays.com\/es\/wp-json\/wp\/v2\/tags?post=222417"}],"curies":[{"name":"wp","href":"https:\/\/api.w.org\/{rel}","templated":true}]}}