{"id":222442,"date":"2025-11-06T23:27:11","date_gmt":"2025-11-06T23:27:11","guid":{"rendered":"https:\/\/www.europesays.com\/es\/222442\/"},"modified":"2025-11-06T23:27:11","modified_gmt":"2025-11-06T23:27:11","slug":"llama-a-la-policia-que-mataron-a-roberto-esta-lleno-de-sangre","status":"publish","type":"post","link":"https:\/\/www.europesays.com\/es\/222442\/","title":{"rendered":"\u00abLlama a la Polic\u00eda que mataron a Roberto, est\u00e1 lleno de sangre\u00bb"},"content":{"rendered":"<p class=\"ft-text\">Muere un hombre tras ser apu\u00f1alado en la tarde de este jueves en la zona donde se encuentra<a class=\"ft-link ft-link--decoration\" href=\"https:\/\/www.farodevigo.es\/gran-vigo\/2025\/01\/24\/bloqueo-institucional-frena-cierre-exterior-113651737.html\" rel=\"nofollow noopener\" target=\"_blank\"> la vieja estaci\u00f3n de autobuses de Vigo<\/a>. El cuerpo presentaba varias pu\u00f1aladas en <strong>el t\u00f3rax y en el cuello, <\/strong>realizadas, presuntamente, con <strong>un cuchillo de cocina de una sola hoja,<\/strong> hallado en la escena del crimen.<\/p>\n<p class=\"ft-text\">La v\u00edctima mortal es Roberto C. C., un<strong> var\u00f3n de 56 a\u00f1os<\/strong> que dorm\u00eda en las instalaciones de la antigua terminal de autocares junto a la presunta autora del crimen, <strong>una mujer de 36 a\u00f1os,<\/strong> Silvia G. V., que ha sido detenida por un presunto delito de homicidio.<\/p>\n<p class=\"ft-text\">El 112 recibi\u00f3 la alerta <strong>a las 18.30 horas<\/strong> por parte de un particular, que avis\u00f3 de <strong>una pelea y de una persona herida<\/strong> en el entorno del edificio de la antigua estaci\u00f3n, <strong>en la calle Gregorio Espino<\/strong>. Hasta el punto acudieron patrullas de agentes muncipales<strong> y de la Polic\u00eda Nacional<\/strong>, as\u00ed como los servicios sanitarios. Cuando llegaron, encontraron al hombre ensangrentado en un colch\u00f3n, en el interior de la caseta donde pernoctaban. All\u00ed tambi\u00e9n estaba la presunta autora con manchas de sangre, y en el suelo, junto a la cama, el arma tambi\u00e9n ensangrentada, con el que se habr\u00eda cometido el crimen.<\/p>\n<p class=\"ft-text\">Esta pareja de indigentes hab\u00eda sido<strong> identificada en anteriores ocasiones por la Polic\u00eda Local,<\/strong> aunque se desconoce si manten\u00edan una relaci\u00f3n sentimental. La caseta que compart\u00edan para dormir es un<strong> chabola peque\u00f1a hecha con s\u00e1banas, cartones y madera<\/strong>, situada contra la fachada de la terminal, y con una cama dentro.<\/p>\n<p><img decoding=\"async\" src=\"https:\/\/www.europesays.com\/es\/wp-content\/uploads\/2025\/11\/4fc2614c-9328-4206-9363-f2e2edf2c2d9_alta-libre-aspect-ratio_default_0.jpg\" width=\"1200\" height=\"798\" alt=\"La antigua estaci\u00f3n de buses de Vigo, totalmente abandonada\" class=\"ft-helper-img-rd\" loading=\"lazy\"\/><\/p>\n<p class=\"ft-helper-fontColor-quaternary ft-helper-fontSize-body-S ft-helper-spacer-t-xxs\">Colchones y pal\u00e9s para las chabolas donde pernoctan los sintecho, en la antigua estaci\u00f3n de buses de Vigo.  \/ Pablo Hern\u00e1ndez Gamarra<\/p>\n<p class=\"ft-text\">Cuando ocurrieron los hechos, en la zona hab\u00eda m\u00e1s sintecho. <strong>\u00abRoberto muri\u00f3 en la cama donde dorm\u00eda\u00bb,<\/strong> cuenta uno de los hombres sin hogar que pernoctan all\u00ed. Relata que el fallecido llevaba morando all\u00ed desde el a\u00f1o pasado, y la ahora arrestada, <strong>aproximadamente un mes. <\/strong>Esta misma tarde, sobre las 17.30, una hora antes de lo sucedido, los vio \u00abjuntos\u00bb. \u00abCuando ocurri\u00f3 todo yo estaba durmiendo. El que estaba a mi lado me despert\u00f3 dici\u00e9ndome si ten\u00eda un tel\u00e9fono. Me dijo <strong>\u2018llama a la Polic\u00eda que mataron a Roberto, est\u00e1 lleno de sangre\u2019\u00bb<\/strong>, relata. La mujer, mientras, <strong>\u00abpermanec\u00eda sentada al lado de \u00e9l con las manos llenas de sangre\u00bb. <\/strong><\/p>\n<p class=\"ft-text\">Algunas fuentes relatan que uno de los indigentes habr\u00eda entrado en la caseta, tras escuchar unos gritos que proced\u00edan de all\u00ed, y cuando se top\u00f3 con la escena, intent\u00f3 frenar el ataque de la mujer.<\/p>\n<p>Criado en ese barrio<\/p>\n<p class=\"ft-text\">Algunos vecinos que se acercaron al lugar aseguraron conocer personalmente a la v\u00edctima y a su familia -ten\u00eda varios hijos- ya que era originario del barrio, de ah\u00ed que <strong>se mostraran consternados por su muerte. \u00ab\u00a1Pobre Roberto!\u00bb<\/strong>, declararon muchos de ellos, matizando que era un buen hombre y que hab\u00eda tenido mala suerte en la vida.<\/p>\n<p><img decoding=\"async\" src=\"https:\/\/www.europesays.com\/es\/wp-content\/uploads\/2025\/11\/f7a02cdb-496f-41a3-9680-7b9ada20d0b6_alta-libre-aspect-ratio_default_0.jpg\" width=\"1200\" height=\"675\" alt=\"Despliegue policial este jueves en el entorno de la antigua estaci\u00f3n de autobuses, tras los hechos.\" class=\"ft-helper-img-rd\" loading=\"lazy\"\/><\/p>\n<p class=\"ft-helper-fontColor-quaternary ft-helper-fontSize-body-S ft-helper-spacer-t-xxs\">Despliegue policial este jueves en el entorno de la antigua estaci\u00f3n de autobuses, tras los hechos.  \/ Pablo Hern\u00e1ndez Gamarra<\/p>\n<p class=\"ft-text\">De la investigaci\u00f3n se est\u00e1 haciendo cargo la Polic\u00eda Nacional, que moviliz\u00f3 a sus agentes de la Polic\u00eda Judicial y de la Polic\u00eda Cient\u00edfica. Los accesos a la terminal fueron acordonados con cinta policial.<\/p>\n<p class=\"ft-text\">Una de las cuestiones que trata de aclarar la Polic\u00eda, que ya tiene consigo <strong>el arma blanca utilizada en el homicidio<\/strong>, es si entre v\u00edctima y presunta agresora hab\u00eda o no una relaci\u00f3n de pareja. Del caso se har\u00e1 cargo el <strong>Juzgado de Instrucci\u00f3n 5 de Vigo<\/strong> en funciones de guardia. La detenida fue conducida en el veh\u00edculo de una de las patrullas, al filo de las <strong>ocho de la tarde, a dependencias policiales.<\/strong><\/p>\n<p>Un &#8216;hogar&#8217; para los sintecho<\/p>\n<p class=\"ft-text\"><strong>Hace ya casi tres a\u00f1os <\/strong>que la antigua estaci\u00f3n de autobuses de la Avenida de Madrid ech\u00f3 el cierre para dejar paso a la intermodal, en Vialia, que centraliza todas las salidas y llegadas de autocares en Vigo. La instalaci\u00f3n, que estaba en <a class=\"ft-link ft-link--decoration\" href=\"https:\/\/www.farodevigo.es\/gran-vigo\/2025\/10\/19\/parcela-antigua-estacion-bus-vigo-122761079.html\" rel=\"nofollow noopener\" target=\"_blank\">un estado ya muy precario<\/a>, hab\u00eda prestado servicio a la ciudad durante m\u00e1s de tres d\u00e9cadas. Desde diciembre de 2022 ya no est\u00e1 operativa y la construcci\u00f3n se encuentra sin uso alguno.<\/p>\n<p class=\"ft-text\">Sin embargo, ah\u00ed sigue sin que nadie haya dado paso alguno para derribarla pese a que se ha convertido en<strong> un s\u00edmbolo del fe\u00edsmo<\/strong>. Ahora mismo solo sirve para tres cosas: <strong>numerosos sintecho viven en los accesos<\/strong>,<strong> <\/strong>&#8211; entre seis y siete personas, seg\u00fan aseguran fuentes policiales-<strong> <\/strong>el aparcamiento sigue activo y <strong>hay veh\u00edculos que estacionan all\u00ed a diario,<\/strong> y en las \u00faltimas semanas acoge <strong>las casetas de obra<\/strong> de la empresa encargada de la reforma de la Avenida de Madrid.<\/p>\n","protected":false},"excerpt":{"rendered":"Muere un hombre tras ser apu\u00f1alado en la tarde de este jueves en la zona donde se encuentra&hellip;\n","protected":false},"author":2,"featured_media":222443,"comment_status":"","ping_status":"","sticky":false,"template":"","format":"standard","meta":{"footnotes":""},"categories":[8],"tags":[31831,59058,4029,59057,17,18,25,24,22957,59059,13,14,11226,11,53,366,2129,19,20,9,10,15,16,23,257,12,21,22,48824,1274],"class_list":{"0":"post-222442","1":"post","2":"type-post","3":"status-publish","4":"format-standard","5":"has-post-thumbnail","7":"category-espana","8":"tag-apunalamiento","9":"tag-apunalamientos","10":"tag-autobuses","11":"tag-avenida-de-madrid","12":"tag-breaking-news","13":"tag-breakingnews","14":"tag-es","15":"tag-espana","16":"tag-estacion","17":"tag-estacion-de-autobuses","18":"tag-featured-news","19":"tag-featurednews","20":"tag-gravedad","21":"tag-headlines","22":"tag-herido","23":"tag-hombre","24":"tag-homicidios","25":"tag-latest-news","26":"tag-latestnews","27":"tag-news","28":"tag-noticias","29":"tag-noticias-destacadas","30":"tag-noticiasdestacadas","31":"tag-spain","32":"tag-sucesos","33":"tag-titulares","34":"tag-ultimas-noticias","35":"tag-ultimasnoticias","36":"tag-vieja","37":"tag-vigo"},"share_on_mastodon":{"url":"https:\/\/pubeurope.com\/@es\/115505348475626906","error":""},"_links":{"self":[{"href":"https:\/\/www.europesays.com\/es\/wp-json\/wp\/v2\/posts\/222442","targetHints":{"allow":["GET"]}}],"collection":[{"href":"https:\/\/www.europesays.com\/es\/wp-json\/wp\/v2\/posts"}],"about":[{"href":"https:\/\/www.europesays.com\/es\/wp-json\/wp\/v2\/types\/post"}],"author":[{"embeddable":true,"href":"https:\/\/www.europesays.com\/es\/wp-json\/wp\/v2\/users\/2"}],"replies":[{"embeddable":true,"href":"https:\/\/www.europesays.com\/es\/wp-json\/wp\/v2\/comments?post=222442"}],"version-history":[{"count":0,"href":"https:\/\/www.europesays.com\/es\/wp-json\/wp\/v2\/posts\/222442\/revisions"}],"wp:featuredmedia":[{"embeddable":true,"href":"https:\/\/www.europesays.com\/es\/wp-json\/wp\/v2\/media\/222443"}],"wp:attachment":[{"href":"https:\/\/www.europesays.com\/es\/wp-json\/wp\/v2\/media?parent=222442"}],"wp:term":[{"taxonomy":"category","embeddable":true,"href":"https:\/\/www.europesays.com\/es\/wp-json\/wp\/v2\/categories?post=222442"},{"taxonomy":"post_tag","embeddable":true,"href":"https:\/\/www.europesays.com\/es\/wp-json\/wp\/v2\/tags?post=222442"}],"curies":[{"name":"wp","href":"https:\/\/api.w.org\/{rel}","templated":true}]}}