{"id":222462,"date":"2025-11-06T23:44:11","date_gmt":"2025-11-06T23:44:11","guid":{"rendered":"https:\/\/www.europesays.com\/es\/222462\/"},"modified":"2025-11-06T23:44:11","modified_gmt":"2025-11-06T23:44:11","slug":"el-baskonia-logra-ante-la-virtus-una-nueva-victoria-y-suma-ya-cuatro-consecutivas-tras-un-horrible-inicio-de-temporada-baloncesto-deportes","status":"publish","type":"post","link":"https:\/\/www.europesays.com\/es\/222462\/","title":{"rendered":"El Baskonia logra ante la Virtus una nueva victoria y suma ya cuatro consecutivas tras un horrible inicio de temporada | Baloncesto | Deportes"},"content":{"rendered":"<p><strong>Euroliga<\/strong> jornada 9<\/p>\n<p>Baskonia<img alt=\"Baskonia\" decoding=\"auto\" class=\"_re lazyload a_m-h\" height=\"80\" width=\"80\" src=\"https:\/\/www.europesays.com\/es\/wp-content\/uploads\/2025\/11\/1762472650_542_4108.png\" loading=\"lazy\"\/>Virtus Bologna<img alt=\"Virtus Bologna\" decoding=\"auto\" class=\"_re lazyload a_m-h\" height=\"80\" width=\"80\" src=\"https:\/\/www.europesays.com\/es\/wp-content\/uploads\/2025\/11\/1762472651_112_5012.png\" loading=\"lazy\"\/><\/p>\n<p class=\"\"><a href=\"https:\/\/elpais.com\/deportes\/baloncesto\/2025-10-31\/tadas-sedekerskis-capitan-del-baskonia-siento-una-presion-extra-porque-amo-esta-ciudad-y-este-club.html\" target=\"_self\" rel=\"nofollow noopener\" title=\"https:\/\/elpais.com\/deportes\/baloncesto\/2025-10-31\/tadas-sedekerskis-capitan-del-baskonia-siento-una-presion-extra-porque-amo-esta-ciudad-y-este-club.html\">A este Baskonia, definitivamente, le ha cambiado la cara.<\/a> Ya no queda nada, o muy poco, de ese equipo triste y superado por las circunstancias que encaj\u00f3 un doloroso 0-6 en el arranque de la Euroliga. El equipo de Paolo Galbiati parece haber encontrado por fin el camino y ya son cuatro las victorias consecutivas, tres en la competici\u00f3n europea (Dubai, Efes y Virtus) m\u00e1s una muy meritoria en Liga ACB ante el Tenerife que lleg\u00f3 l\u00edder a Vitoria y se march\u00f3 con su primera derrota del curso. Este jueves minimiz\u00f3 a la Virtus de Bolonia desde el primer cuarto, con ventajas casi siempre por encima de los diez puntos. Que Carsen Edwards, un tirador letal, terminara los primeros diez minutos con cero puntos habla bien a las claras del trabajo defensivo de los de Galbiati. La m\u00e1quina de anotar estadounidense termin\u00f3 con 13 puntos y un 3 de valoraci\u00f3n, con muy malos porcentajes de tiro (4\/16).<\/p>\n<p>M\u00e1s informaci\u00f3n<\/p>\n<p class=\"\"><a href=\"https:\/\/elpais.com\/deportes\/baloncesto\/2025-10-31\/tadas-sedekerskis-capitan-del-baskonia-siento-una-presion-extra-porque-amo-esta-ciudad-y-este-club.html\" target=\"_self\" rel=\"nofollow noopener\" title=\"https:\/\/elpais.com\/deportes\/baloncesto\/2025-10-31\/tadas-sedekerskis-capitan-del-baskonia-siento-una-presion-extra-porque-amo-esta-ciudad-y-este-club.html\">El triunfo frente al Dubai la semana pasada supuso un punto de inflexi\u00f3n en un equipo<\/a> que ha recuperado la alegr\u00eda sobre el parqu\u00e9, ratificado dos d\u00edas despu\u00e9s ante el Efes y el domingo ante el Tenerife, eso s\u00ed, todo partidos en casa, como el de hoy ante la Virtus. El reto ahora para Baskonia es rubricar este cambio en el juego y los resultados a partir de esta misma semana, con desplazamientos a Lleida en ACB el domingo, y la que viene con los viajes a Sof\u00eda y Belgrado para jugar contra los exiliados israel\u00edes, Hapoel y Maccabi Tel Aviv, en Euroliga, y a Barcelona a enfrentar a los cul\u00e9s otra vez en competici\u00f3n dom\u00e9stica.<\/p>\n<p class=\"\">El juego de Baskonia fue intenso durante todo el partido, imprimiendo velocidad en ataque e intensidad en defensa. No en vano, el entrenador del conjunto italiano, Dusko Ivanovic, toda una leyenda en los banquillos del equipo alav\u00e9s, reconoci\u00f3 al finalizar el choque que la gran diferencia hab\u00eda sido el f\u00edsico desplegado por los de Galbiati. Destac\u00f3 en este sentido Hamidou Diallo, el faro en el ataque del equipo baskonista en el primer tiempo, jugando uno de los partidos m\u00e1s completos desde su aterrizaje en Vitoria (14 puntos, 6 rebotes y 17 de valoraci\u00f3n). El americano estuvo muy bien secundado <a href=\"https:\/\/elpais.com\/deportes\/baloncesto\/2025-10-31\/tadas-sedekerskis-capitan-del-baskonia-siento-una-presion-extra-porque-amo-esta-ciudad-y-este-club.html\" target=\"_self\" rel=\"nofollow noopener\" title=\"https:\/\/elpais.com\/deportes\/baloncesto\/2025-10-31\/tadas-sedekerskis-capitan-del-baskonia-siento-una-presion-extra-porque-amo-esta-ciudad-y-este-club.html\">por una de las mejores versiones de la temporada de Tadas Sederkerkis (13 puntos, 4 rebotes para 16 de valoraci\u00f3n)<\/a>, fuerte en labores defensivas y clarividente en ataque, y por un Timoth\u00e9 Luwawu-Cabarrot que apareci\u00f3 en los momentos calientes.<\/p>\n<p class=\"\">Lleg\u00f3 Baskonia al descanso con ventaja clara (46-34), y en el tercero parec\u00eda que los locales controlar\u00edan el encuentro. Pero la Virtus de Bolonia no lo iba a poner sencillo. Carsen Edwards segu\u00eda sin aparecer, pero el equipo italiano se acerc\u00f3 en el marcador gracias a un Niang espectacular (18 puntos, 12 rebotes y una valoraci\u00f3n de +35). Un parcial de 0-9 para los italianos les puso a las puertas de la remontada. Llegaron a estar a solo un punto (58-57 a falta de minuto y medio para finalizar el tercer cuarto), pero una t\u00e9cnica a Derrick Alston Jr. ciment\u00f3 la reacci\u00f3n vitoriana. Fue ah\u00ed donde aparecieron Luwawu-Cabarrot y Markquis Nowell, con dos triples que le dieron vida. Baskonia se volvi\u00f3 a estirar en el final del tercer periodo y en el inicio del \u00faltimo cuarto hasta conseguir una renta m\u00e1xima de 16 puntos y llegar a la victoria sin sufrir demasiados apuros (87-76).<\/p>\n<p class=\"\">El encuentro termin\u00f3 adem\u00e1s como hab\u00eda empezado,<a href=\"https:\/\/elpais.com\/deportes\/baloncesto\/2025-11-05\/achille-polonara-y-la-final-por-su-vida-me-dieron-un-90-de-probabilidades-de-morir.html\" target=\"_self\" rel=\"nofollow noopener\" title=\"https:\/\/elpais.com\/deportes\/baloncesto\/2025-11-05\/achille-polonara-y-la-final-por-su-vida-me-dieron-un-90-de-probabilidades-de-morir.html\"> con homenaje a Achille Polonara, exjugador de Baskonia y Virtus y enfermo de una leucemia mieloide<\/a>. Si en el inicio todos los jugadores y cuerpo t\u00e9cnico de ambos equipos posaron con una pancarta que recog\u00eda el lema Forza Achi, y los capitanes de ambos conjuntos, Sedekerskis y Pajola, sacaron una camiseta azulgrana con su nombre y su m\u00edtico dorsal 33 \u2014con el que dio la asistencia para la canasta de Vildoza que le dio el t\u00edtulo de la ACB a Baskonia en 2020\u2014, al final del choque fue Galbiati, en castellano e italiano en declaraciones a Movistar quien envi\u00f3, camiseta de Polonara en mano, \u00e1nimos al internacional italiano que lucha por salvar su vida.<\/p>\n","protected":false},"excerpt":{"rendered":"Euroliga jornada 9 BaskoniaVirtus Bologna A este Baskonia, definitivamente, le ha cambiado la cara. Ya no queda nada,&hellip;\n","protected":false},"author":2,"featured_media":222463,"comment_status":"","ping_status":"","sticky":false,"template":"","format":"standard","meta":{"footnotes":""},"categories":[93],"tags":[299,4714,1540,168,25,24,833,8283,23,167,45611],"class_list":{"0":"post-222462","1":"post","2":"type-post","3":"status-publish","4":"format-standard","5":"has-post-thumbnail","7":"category-deportes","8":"tag-baloncesto","9":"tag-baskonia","10":"tag-competiciones","11":"tag-deportes","12":"tag-es","13":"tag-espana","14":"tag-euroliga","15":"tag-jugadores-baloncesto","16":"tag-spain","17":"tag-sports","18":"tag-virtus-bologna"},"share_on_mastodon":{"url":"https:\/\/pubeurope.com\/@es\/115505415119460672","error":""},"_links":{"self":[{"href":"https:\/\/www.europesays.com\/es\/wp-json\/wp\/v2\/posts\/222462","targetHints":{"allow":["GET"]}}],"collection":[{"href":"https:\/\/www.europesays.com\/es\/wp-json\/wp\/v2\/posts"}],"about":[{"href":"https:\/\/www.europesays.com\/es\/wp-json\/wp\/v2\/types\/post"}],"author":[{"embeddable":true,"href":"https:\/\/www.europesays.com\/es\/wp-json\/wp\/v2\/users\/2"}],"replies":[{"embeddable":true,"href":"https:\/\/www.europesays.com\/es\/wp-json\/wp\/v2\/comments?post=222462"}],"version-history":[{"count":0,"href":"https:\/\/www.europesays.com\/es\/wp-json\/wp\/v2\/posts\/222462\/revisions"}],"wp:featuredmedia":[{"embeddable":true,"href":"https:\/\/www.europesays.com\/es\/wp-json\/wp\/v2\/media\/222463"}],"wp:attachment":[{"href":"https:\/\/www.europesays.com\/es\/wp-json\/wp\/v2\/media?parent=222462"}],"wp:term":[{"taxonomy":"category","embeddable":true,"href":"https:\/\/www.europesays.com\/es\/wp-json\/wp\/v2\/categories?post=222462"},{"taxonomy":"post_tag","embeddable":true,"href":"https:\/\/www.europesays.com\/es\/wp-json\/wp\/v2\/tags?post=222462"}],"curies":[{"name":"wp","href":"https:\/\/api.w.org\/{rel}","templated":true}]}}