{"id":222486,"date":"2025-11-07T00:02:10","date_gmt":"2025-11-07T00:02:10","guid":{"rendered":"https:\/\/www.europesays.com\/es\/222486\/"},"modified":"2025-11-07T00:02:10","modified_gmt":"2025-11-07T00:02:10","slug":"un-apartamento-luminoso-y-calido-que-refleja-la-vida-y-el-trabajo-de-una-artista-en-copenhague","status":"publish","type":"post","link":"https:\/\/www.europesays.com\/es\/222486\/","title":{"rendered":"Un apartamento luminoso y c\u00e1lido que refleja la vida y el trabajo de una artista en Copenhague"},"content":{"rendered":"<p>Esa inclinaci\u00f3n crom\u00e1tica culmina en el blanco cremoso de <strong>Pointing de Farrow &amp; Ball, el tono elegido para el <a href=\"https:\/\/www.revistaad.es\/tags\/salon\" isautogenerated=\"true\" rel=\"nofollow noopener\" target=\"_blank\">sal\u00f3n<\/a><\/strong>, que encuentra su contrapunto en el verde empolvado del comedor: el resultado es una <strong>armon\u00eda suave y dom\u00e9stica que equilibra lo melanc\u00f3lico y lo luminoso<\/strong>.<\/p>\n<p><img decoding=\"async\" alt=\"apartamento luminoso interior comedor\" loading=\"lazy\" class=\"ResponsiveImageContainer-eNxvmU cfBbTk responsive-image__image\"   src=\"https:\/\/www.europesays.com\/es\/wp-content\/uploads\/2025\/11\/Simone%20Polk%20home%20tour_NanaHagel-661A3418.jpg\"\/><\/p>\n<p>El rinc\u00f3n de lectura, con una gran butaca color crema junto a la ventana, recibe la mejor luz de la ma\u00f1ana y se convierte en el lugar m\u00e1s sereno de la casa.<\/p>\n<p>\u00a9 Nana Hagel<\/p>\n<p><strong>Los materiales, elegidos por su tactilidad, subrayan esa b\u00fasqueda de confort honesto<\/strong>: la madera de pino Douglas (presente en la mesa de centro, los taburetes y los viejos armarios) aporta una <strong>calidez y elegencia atemporal<\/strong>, mientras que las nuevas fundas de lino que cubren el sof\u00e1 y el sill\u00f3n refuerzan la <strong>sensaci\u00f3n de novedad y movimiento, aun manteni\u00e9ndose cl\u00e1sicas<\/strong>.<\/p>\n<p><img decoding=\"async\" alt=\"apartamento luminoso interior salo\u00f3n\" loading=\"lazy\" class=\"ResponsiveImageContainer-eNxvmU cfBbTk responsive-image__image\"   src=\"https:\/\/www.europesays.com\/es\/wp-content\/uploads\/2025\/11\/Simone%20Polk%20home%20tour_NanaHagel-661A2960.jpg\"\/><\/p>\n<p>La mesita con un botijo antiguo destaca entre los hallazgos vintage que aportan autenticidad al espacio.<\/p>\n<p>\u00a9 Nana Hagel<img decoding=\"async\" alt=\"apartamento luminoso interior comedor vintage\" loading=\"lazy\" class=\"ResponsiveImageContainer-eNxvmU cfBbTk responsive-image__image\"   src=\"https:\/\/www.europesays.com\/es\/wp-content\/uploads\/2025\/11\/Simone%20Polk%20home%20tour_NanaHagel-661A3373.jpg\"\/><\/p>\n<p>El revistero y el mueble esquinero son ejemplos del gusto de la artista por rescatar piezas con historia en mercadillos y tiendas de segunda mano.<\/p>\n<p>\u00a9 Nana Hagel<\/p>\n<p><strong>En su deseo de crear un ambiente m\u00e1s acogedor que el de su anterior vivienda, la artista introdujo m\u00e1s color, m\u00e1s texturas y peque\u00f1os hallazgos vintage<\/strong> de mercadillo que mantienen viva la creatividad y la conexi\u00f3n con el pasado.<\/p>\n<p><img decoding=\"async\" alt=\"apartamento luminoso interior cocina\" loading=\"lazy\" class=\"ResponsiveImageContainer-eNxvmU cfBbTk responsive-image__image\"   src=\"https:\/\/www.europesays.com\/es\/wp-content\/uploads\/2025\/11\/Simone%20Polk%20home%20tour_NanaHagel-661A3464.jpg\"\/><\/p>\n<p>La cocina, en un tono crema minimalista, funciona como un lienzo en blanco donde los accesorios cobran protagonismo.<\/p>\n<p>\u00a9 Nana Hagel<img decoding=\"async\" alt=\"apartamento luminoso interior vintage\" loading=\"lazy\" class=\"ResponsiveImageContainer-eNxvmU cfBbTk responsive-image__image\"   src=\"https:\/\/www.europesays.com\/es\/wp-content\/uploads\/2025\/11\/Simone%20Polk%20home%20tour_NanaHagel-661A3489.jpg\"\/><\/p>\n<p>Muebles auxiliares de madera y peque\u00f1os detalles art\u00edsticos reflejan el equilibrio entre funcionalidad y sensibilidad creativa.<\/p>\n<p>\u00a9 Nana Hagel<\/p>\n<p>Entre los gestos m\u00e1s delicados del espacio est\u00e1n las <strong>largas <a href=\"https:\/\/www.revistaad.es\/tags\/cortinas\" isautogenerated=\"true\" rel=\"nofollow noopener\" target=\"_blank\">cortinas<\/a> de lino texturizado confeccionadas a medida<\/strong> por &amp;Drape, un autorregalo que se permiti\u00f3 <strong>como s\u00edmbolo de una nueva etapa<\/strong>: \u201cSo\u00f1aba con unas cortinas <strong>casi tan largas como las del viejo hogar de Karen Blixen. Hay algo muy parisino y extravagante en que la tela se apoye sobre el suelo<\/strong>\u201d. Un detalle casi teatral que da al conjunto un matiz de elegancia despreocupada.<\/p>\n<p>Casi todas las obras que decoran las paredes son suyas. <strong>Durante a\u00f1os, cada vez que vend\u00eda una pieza, su casa se quedaba algo m\u00e1s vac\u00eda. Hasta que decidi\u00f3 reservarse algunas para ella misma: \u201cQuer\u00eda que mi hogar tambi\u00e9n contara lo que hago\u201d<\/strong>. As\u00ed, el espacio funciona como galer\u00eda al p\u00fablico y refugio personal, una extensi\u00f3n natural de su pr\u00e1ctica art\u00edstica.<\/p>\n<p><img decoding=\"async\" alt=\"apartamento luminoso interior dormitorio\" loading=\"lazy\" class=\"ResponsiveImageContainer-eNxvmU cfBbTk responsive-image__image\"   src=\"https:\/\/www.europesays.com\/es\/wp-content\/uploads\/2025\/11\/Simone%20Polk%20home%20tour_NanaHagel-661A3358.jpg\"\/><\/p>\n<p>Las paredes del dormitorio se llenan de su propio arte, convirtiendo el espacio en una extensi\u00f3n \u00edntima de su estudio.<\/p>\n<p>\u00a9 Nana Hagel<img decoding=\"async\" alt=\"apartamento luminoso interior comedor dormitorio\" loading=\"lazy\" class=\"ResponsiveImageContainer-eNxvmU cfBbTk responsive-image__image\"   src=\"https:\/\/www.europesays.com\/es\/wp-content\/uploads\/2025\/11\/Simone%20Polk%20home%20tour_NanaHagel-661A3523.jpg\"\/><\/p>\n<p>En el dormitorio, los arcos y la gran puerta aportan amplitud y continuidad visual.<\/p>\n<p>\u00a9 Nana Hagel<img decoding=\"async\" alt=\"apartamento luminoso interior dormitorio\" loading=\"lazy\" class=\"ResponsiveImageContainer-eNxvmU cfBbTk responsive-image__image\"   src=\"https:\/\/www.europesays.com\/es\/wp-content\/uploads\/2025\/11\/Simone%20Polk%20home%20tour_NanaHagel-661A3335.jpg\"\/><\/p>\n<p>El espejo de cuerpo entero ayuda a amplificar la luz natural, mientras los elementos como taburetes y cestas bajas mantienen despejada la l\u00ednea visual y refuerzan de nuevo la sensaci\u00f3n de amplitud.<\/p>\n<p>\u00a9 Nana Hagel<\/p>\n","protected":false},"excerpt":{"rendered":"Esa inclinaci\u00f3n crom\u00e1tica culmina en el blanco cremoso de Pointing de Farrow &amp; Ball, el tono elegido para&hellip;\n","protected":false},"author":2,"featured_media":222487,"comment_status":"","ping_status":"","sticky":false,"template":"","format":"standard","meta":{"footnotes":""},"categories":[173],"tags":[229,233,505,231,230,1530,232,234,146,147,25,24,23],"class_list":{"0":"post-222486","1":"post","2":"type-post","3":"status-publish","4":"format-standard","5":"has-post-thumbnail","7":"category-arte-y-diseno","8":"tag-arte","9":"tag-arte-y-diseno","10":"tag-artistas","11":"tag-arts","12":"tag-arts-and-design","13":"tag-casas-ad","14":"tag-design","15":"tag-diseno","16":"tag-entertainment","17":"tag-entretenimiento","18":"tag-es","19":"tag-espana","20":"tag-spain"},"share_on_mastodon":{"url":"https:\/\/pubeurope.com\/@es\/115505486150549800","error":""},"_links":{"self":[{"href":"https:\/\/www.europesays.com\/es\/wp-json\/wp\/v2\/posts\/222486","targetHints":{"allow":["GET"]}}],"collection":[{"href":"https:\/\/www.europesays.com\/es\/wp-json\/wp\/v2\/posts"}],"about":[{"href":"https:\/\/www.europesays.com\/es\/wp-json\/wp\/v2\/types\/post"}],"author":[{"embeddable":true,"href":"https:\/\/www.europesays.com\/es\/wp-json\/wp\/v2\/users\/2"}],"replies":[{"embeddable":true,"href":"https:\/\/www.europesays.com\/es\/wp-json\/wp\/v2\/comments?post=222486"}],"version-history":[{"count":0,"href":"https:\/\/www.europesays.com\/es\/wp-json\/wp\/v2\/posts\/222486\/revisions"}],"wp:featuredmedia":[{"embeddable":true,"href":"https:\/\/www.europesays.com\/es\/wp-json\/wp\/v2\/media\/222487"}],"wp:attachment":[{"href":"https:\/\/www.europesays.com\/es\/wp-json\/wp\/v2\/media?parent=222486"}],"wp:term":[{"taxonomy":"category","embeddable":true,"href":"https:\/\/www.europesays.com\/es\/wp-json\/wp\/v2\/categories?post=222486"},{"taxonomy":"post_tag","embeddable":true,"href":"https:\/\/www.europesays.com\/es\/wp-json\/wp\/v2\/tags?post=222486"}],"curies":[{"name":"wp","href":"https:\/\/api.w.org\/{rel}","templated":true}]}}