{"id":222493,"date":"2025-11-07T00:07:08","date_gmt":"2025-11-07T00:07:08","guid":{"rendered":"https:\/\/www.europesays.com\/es\/222493\/"},"modified":"2025-11-07T00:07:08","modified_gmt":"2025-11-07T00:07:08","slug":"al-betis-le-basta-con-dos-chispazos-ante-el-lyon-futbol-deportes","status":"publish","type":"post","link":"https:\/\/www.europesays.com\/es\/222493\/","title":{"rendered":"Al Betis le basta con dos chispazos ante el Lyon | F\u00fatbol | Deportes"},"content":{"rendered":"<p class=\"\">El Betis alcanz\u00f3 los ocho puntos en la liguilla de la Europa League con un convincente triunfo ante el Lyon, uno de los rivales m\u00e1s poderosos que ten\u00eda que pasar por Sevilla. La euforia, en cierta medida, est\u00e1 desatada en esta afici\u00f3n que ve c\u00f3mo su equipo gana <a href=\"https:\/\/elpais.com\/deportes\/futbol\/2025-09-24\/antony-rescata-un-punto-para-el-betis-ante-el-nottingham-en-su-estreno-en-la-europa-league.html\" target=\"_self\" rel=\"nofollow noopener\" title=\"https:\/\/elpais.com\/deportes\/futbol\/2025-09-24\/antony-rescata-un-punto-para-el-betis-ante-el-nottingham-en-su-estreno-en-la-europa-league.html\">en la Liga y en Europa<\/a>. Y lo hace, lo que es un gran s\u00edntoma, con aparente facilidad. Es lo que proporciona tener una plantilla bastante equilibrada, con una l\u00ednea de jugadores en la mediapunta de mucha clase, distinci\u00f3n y gol. Ante el Lyon, al Betis le bast\u00f3 con dos chispazos en el primer acto, donde se desat\u00f3 su f\u00fatbol vertical y su pegada, para acabar con un Lyon que ven\u00eda invicto y sin encajar ni un solo gol en la competici\u00f3n. Futbolistas como Antony, Lo Celso o Abde, bien respaldados por sus compa\u00f1eros, se merendaron al sexto clasificado de la Liga francesa en un suspiro. El Betis aspira a llegar muy lejos en esta Liga Europa. <\/p>\n<p>                                                                                                                                                                                                                                                                                <img decoding=\"async\" title=\"Betis\" loading=\"lazy\" src=\"https:\/\/www.europesays.com\/es\/wp-content\/uploads\/2025\/11\/171.png\"  width=\"80\" height=\"80\" data-error-image=\"https:\/\/static.prisa.com\/aside\/resizer\/resize\/img\/sports\/football\/teams\/default.png?width=160&amp;height=160\"\/><\/p>\n<p>\n            2<\/p>\n<p>                                                                                                                                                                                                                                                                                                                                                                                                                                                                                                                                                                                                                                                                                                                                                                                                                                                                                                                                                                                                                                                                                                                                                                                                                                                                                                                                                                                                                                                                                                                                                                                                                                                                                                                                                                                                                                                                                                                                                                                                                                                                                                                                                                                                                                                                                                                                                                                                                                                                                                                                                                                                                                                                                                                                                                                                                                                                                                                                                                                                                                                                                                                                                                                                                                                    \u00c1lvaro Valles, Diego Llorente, Valent\u00edn G\u00f3mez, Aitor Ruibal, Natan, Abde Ezzalzouli (Rodrigo Riquelme, min. 86), Giovani Lo Celso (Sergi Altimira, min. 64), Pablo Fornals (Nelson Deossa, min. 77), Marc Roca, Antony (Pablo Garc\u00eda, min. 86) y C\u00e9dric Bakambu (Chimy \u00c1vila, min. 77)<\/p>\n<p>\n            0<\/p>\n<p>                                                                                                                                                                                                                                                                                <img decoding=\"async\" title=\"Lyon\" loading=\"lazy\" src=\"https:\/\/www.europesays.com\/es\/wp-content\/uploads\/2025\/11\/106.png\"  width=\"80\" height=\"80\" data-error-image=\"https:\/\/static.prisa.com\/aside\/resizer\/resize\/img\/sports\/football\/teams\/default.png?width=160&amp;height=160\"\/><\/p>\n<p>                                                                                                                                                                                                                                                                                                                                                                                                                                                                                                                                                                                                                                                                                                                                                                                                                                                                                                                                                                                                                                                                                                                                                                                                                                                                                                                                                                                                                                                                                                                                                                                                                                                                                                                                                                                                                                                                                                                                                                                                                                                                                                                                                                                                                                                                                                                                                                                                                                                                                                                                                                                                                                                                                                                                                                                                                                                                                                                                                                                                                                                                                                                                                                                                                                                    Dominik Greif, Ruben Kluivert, Moussa Niakhat\u00e9, Abner Vin\u00edcius (Nicol\u00e1s Tagliafico, min. 45), Ainsley Maitland-Niles (Clinton Mata, min. 83), Mathys de Carvalho, Tanner Tessmann (Tyler Morton, min. 64), Enzo Mol\u00e9b\u00e9 (Afonso Moreira, min. 45), Khalis Merah (Pavel Sulc, min. 64), Adam Karabec y Mart\u00edn Satriano<\/p>\n<p>\n            <b>Goles<\/b><br \/>\n                                                                                                        1-0 min. 28: Abde.                                                                                 2-0 min. 34: Antony                    <\/p>\n<p>\n            <b>Arbitro<\/b> Matej Jug<\/p>\n<p>Tarjetas amarillas<br \/>\n                                            Abner (min. 23),                                             Bakambu (min. 69),                                             Tagliafico (min. 89),                                             Afonso Moreira (min. 90),                                             Aitor Ruibal (min. 93)\n                <\/p>\n<p class=\"\">No pasaba nada en La Cartuja digno de rese\u00f1ar. El choque se mov\u00eda con cierta soser\u00eda. El Betis hab\u00eda hecho algunos cambios en su once inicial ante un Lyon plagado de suplentes, con el casillero de puntos lleno despu\u00e9s de su pleno de tres victorias en las tres jornadas disputadas. Tocaba y tocaba el conjunto franc\u00e9s, descendido en verano por problemas financieros y recuperado para la causa. Es, no obstante, un grande del f\u00fatbol franc\u00e9s que fue sometido a una descarga el\u00e9ctrica. Avis\u00f3 Abde con una gran jugada frustrada por la gran parada de Greif. A la salida del saque de esquina, el propio Abde emboc\u00f3 y marc\u00f3 ante la debilidad de la zaga francesa. Cinco minutos despu\u00e9s, <a href=\"https:\/\/elpais.com\/deportes\/futbol\/2023-12-08\/marc-roca-en-el-bayern-me-converti-en-un-atleta.html\" target=\"_self\" rel=\"nofollow noopener\" title=\"https:\/\/elpais.com\/deportes\/futbol\/2023-12-08\/marc-roca-en-el-bayern-me-converti-en-un-atleta.html\">Marc Roca dejaba en evidencia a la defensa gala<\/a> con una falta al hueco desde su campo. Irrumpi\u00f3 Antony en velocidad y tuvo tiempo de hacerle una vaselina a Greif. En cinco minutos, este Betis tan poderoso y de gran pegada se hab\u00eda puesto 2-0. <\/p>\n<p class=\"\">El Lyon lo intent\u00f3 en el segundo acto, con escasa fortuna. Futbolistas como Moreira le dieron m\u00e1s empuje, pero apenas le hizo da\u00f1o al Betis, muy bien colocado. <a href=\"https:\/\/elpais.com\/deportes\/futbol\/2025-05-28\/pellegrini-los-cambios-han-condicionado-el-partido.html\" target=\"_self\" rel=\"nofollow noopener\" title=\"https:\/\/elpais.com\/deportes\/futbol\/2025-05-28\/pellegrini-los-cambios-han-condicionado-el-partido.html\">Manuel Pellegrini, de nuevo aclamado por la grada <\/a>mientras se gestiona su renovaci\u00f3n, pues acaba contrato en el mes de junio, dio entrada a jugadores menos habituales y hasta se reclam\u00f3 un penalti que pareci\u00f3 bastante claro sobre Fornals. No lo concedi\u00f3 el VAR y as\u00ed, en un suspiro, como gan\u00f3 el Betis, se lleg\u00f3 al final del partido.<\/p>\n","protected":false},"excerpt":{"rendered":"El Betis alcanz\u00f3 los ocho puntos en la liguilla de la Europa League con un convincente triunfo ante&hellip;\n","protected":false},"author":2,"featured_media":222494,"comment_status":"","ping_status":"","sticky":false,"template":"","format":"standard","meta":{"footnotes":""},"categories":[93],"tags":[23655,1540,168,1539,25,24,282,1538,59068,31445,7707,2048,58734,10286,23,167],"class_list":{"0":"post-222493","1":"post","2":"type-post","3":"status-publish","4":"format-standard","5":"has-post-thumbnail","7":"category-deportes","8":"tag-antony","9":"tag-competiciones","10":"tag-deportes","11":"tag-entrenadores","12":"tag-es","13":"tag-espana","14":"tag-futbol","15":"tag-futbolistas","16":"tag-la-cartuja-de-sevilla","17":"tag-liga-europa","18":"tag-lyon","19":"tag-manuel-pellegrini","20":"tag-olympique-lyon","21":"tag-real-betis","22":"tag-spain","23":"tag-sports"},"share_on_mastodon":{"url":"https:\/\/pubeurope.com\/@es\/115505505748203500","error":""},"_links":{"self":[{"href":"https:\/\/www.europesays.com\/es\/wp-json\/wp\/v2\/posts\/222493","targetHints":{"allow":["GET"]}}],"collection":[{"href":"https:\/\/www.europesays.com\/es\/wp-json\/wp\/v2\/posts"}],"about":[{"href":"https:\/\/www.europesays.com\/es\/wp-json\/wp\/v2\/types\/post"}],"author":[{"embeddable":true,"href":"https:\/\/www.europesays.com\/es\/wp-json\/wp\/v2\/users\/2"}],"replies":[{"embeddable":true,"href":"https:\/\/www.europesays.com\/es\/wp-json\/wp\/v2\/comments?post=222493"}],"version-history":[{"count":0,"href":"https:\/\/www.europesays.com\/es\/wp-json\/wp\/v2\/posts\/222493\/revisions"}],"wp:featuredmedia":[{"embeddable":true,"href":"https:\/\/www.europesays.com\/es\/wp-json\/wp\/v2\/media\/222494"}],"wp:attachment":[{"href":"https:\/\/www.europesays.com\/es\/wp-json\/wp\/v2\/media?parent=222493"}],"wp:term":[{"taxonomy":"category","embeddable":true,"href":"https:\/\/www.europesays.com\/es\/wp-json\/wp\/v2\/categories?post=222493"},{"taxonomy":"post_tag","embeddable":true,"href":"https:\/\/www.europesays.com\/es\/wp-json\/wp\/v2\/tags?post=222493"}],"curies":[{"name":"wp","href":"https:\/\/api.w.org\/{rel}","templated":true}]}}