{"id":222495,"date":"2025-11-07T00:09:08","date_gmt":"2025-11-07T00:09:08","guid":{"rendered":"https:\/\/www.europesays.com\/es\/222495\/"},"modified":"2025-11-07T00:09:08","modified_gmt":"2025-11-07T00:09:08","slug":"juan-del-val-reacciona-las-criticas-por-ganar-el-premio-planeta-y-ojo-a-lo-que-anade-pablo-motos-justo-despues","status":"publish","type":"post","link":"https:\/\/www.europesays.com\/es\/222495\/","title":{"rendered":"Juan Del Val reacciona las cr\u00edticas por ganar el Premio Planeta y ojo a lo que a\u00f1ade Pablo Motos justo despu\u00e9s"},"content":{"rendered":"<p>El escritor <a href=\"https:\/\/www.huffingtonpost.es\/life\/cultura\/juan-val-a-veces-preso-tus-formas-mis-formas-son-vehementes-son-consistentes-mi-aspecto.html\" rel=\"nofollow noopener\" target=\"_blank\"><b>Juan Del Val, ganador del Premio Planeta<\/b> <\/a>por su novela Vera, una historia de amor, ha sido el \u00faltimo invitado de la semana en el programa de Antena 3, El Hormiguero, <a href=\"https:\/\/www.huffingtonpost.es\/virales\/juan-val-sale-linea-mayoritaria-afirmacion-ver-19-jovenes-cree-franquismo-muy-bueno.html\" rel=\"nofollow noopener\" target=\"_blank\">donde suele colaborar habitualmente en tertulias <\/a>junto a la presentadora Nuria Roca, su mujer, Cristina Pardo, el propio Motos y Tamara Falco.<\/p>\n<p>Nada m\u00e1s sentarse junto a Pablo Motos, presentador del programa, ha hablado sobre las recientes cr\u00edticas que ha recibido primero por ganar el premio y, segundo, del propio libro. De hecho, Motos lo ha llamado<b> \u00abel libro de la pol\u00e9mica\u00bb.\u00a0<\/b><\/p>\n<p>\u00abHa tenido una salida fabulosa. Creo que la gente ten\u00eda muchas ganas, se ha generado mucha expectaci\u00f3n, <b>y luego todo el ruido que ha habido al final le ha beneficiado. Yo tengo ganas de hablar<\/b>\u00ab, ha pronunciado al principio, remarcando especialmente la frase final.<\/p>\n<p>\u00abEs importante entender que yo estoy enormemente feliz por todo lo que ha sucedido, ganar este premio es algo important\u00edsimo, me ha hecho muy feliz a m\u00ed y a mucha gente que quiero y eso es muy importante para m\u00ed. <b>Todo lo dem\u00e1s es absolutamente secundario, pero que me apetece decir alguna cosita<\/b>\u00ab, ha explicado.<\/p>\n<p>Motos, echando le\u00f1a al fuego, le ha preguntado si van a hablar de los \u00abmediocres a los que no les pasa nada y se nota, de las cr\u00edticas, temas al azar que se me ocurren, de escritoras y escritores que no venden nada y te tienen envidia\u00bb.<\/p>\n<p><b>\u00abQue vendas o no vendas no te convierte en mejor o peor, a los que envidian no les tengo ning\u00fan respeto\u00bb<\/b>, ha defendido Del Val.<\/p>\n<p>C\u00f3mo ha vivido las cr\u00edticas<\/p>\n<p>Juan Del Val ha pronunciado que le emociona que la gente que le conoce de verdad se alegre de verdad. \u00abEso me da pistas de que algunas cosas s\u00ed las hago bien y que <b>me entrego de una manera muy honesta a todo lo que hago. <\/b>Quiero decirlo a trav\u00e9s de ellos porque s\u00ed s\u00e9 que esa alegr\u00eda es real\u00bb, ha defendido.<\/p>\n<p>\u00abLas cr\u00edticas eran muy previsibles, porque las que me llevo yo por m\u00ed mismo, porque <b>puede molestar mi \u00e9xito,<\/b> porque soy muy cr\u00edtico con el poder, y en este momento es el que es, puede que mis formas sean vehementes, a la hora de dar opiniones, y es algo que puede molestar. Yo creo que me llevo las m\u00edas, las de trabajar en El Hormiguero, es decir, las tuyas, y me llevo las que corresponden a algo que s\u00ed que tiene que ver con una guerra de grupos editoriales\u00bb, ha afirmado el escritor.<\/p>\n<p>\u00abMi alegr\u00eda es muy dif\u00edcil remov\u00e9rmela, yo de donde vengo&#8230; Esto es un milagro. S<b>\u00ed hay un momento, la ma\u00f1ana del lunes me sent\u00ed muy triste<\/b>. Llam\u00e9 a un amigo y estaba desolado (por las cr\u00edticas), entonces, yo en ese momento entiendo que yo soy responsable de lo que valgo y lo que digo y lo asumo, \u00bfc\u00f3mo no voy a asumir cr\u00edticas de una novela que escrito? Puede gustar o no gustar\u00bb, ha relatado.<\/p>\n<p>\u00ab<b>Pero ver a la gente de tu entorno, a la que quieres, realmente jodida&#8230; Me dej\u00f3 fatal.<\/b> Hubo un momento el lunes siguiente que no quer\u00eda salir de casa, aunque es verdad que me dur\u00f3 poco\u00bb, ha a\u00f1adido. Al final, ha revelado que sali\u00f3 a la calle y recibi\u00f3 felicitaciones de la gente de la calle.<\/p>\n<p>\u00abDebemos hacer todos una reflexi\u00f3n\u00bb<\/p>\n<p>\u00abSe va generando un tr\u00e1fico de odio que yo creo que es ficci\u00f3n, pero las redes sociales alimentan a los medios, que est\u00e1n en su derecho a criticarme, pero cuanto m\u00e1s odio, m\u00e1s salgo\u00bb, ha continuado explicando el escritor.<\/p>\n<p>Sobre si le han dado el premio porque sale en televisi\u00f3n, ha contestado que las cr\u00edticas fundadas \u00abtienen que ver porque yo trabajo en Atresmedia\u00bb. Pablo Motos le ha matizado que no, que trabaja para su productora: \u00abNo te pongas gallito con eso\u00bb (con iron\u00eda).<\/p>\n","protected":false},"excerpt":{"rendered":"El escritor Juan Del Val, ganador del Premio Planeta por su novela Vera, una historia de amor, ha&hellip;\n","protected":false},"author":2,"featured_media":222496,"comment_status":"","ping_status":"","sticky":false,"template":"","format":"standard","meta":{"footnotes":""},"categories":[91],"tags":[146,147,25,24,4260,5812,4042,23],"class_list":{"0":"post-222495","1":"post","2":"type-post","3":"status-publish","4":"format-standard","5":"has-post-thumbnail","7":"category-entretenimiento","8":"tag-entertainment","9":"tag-entretenimiento","10":"tag-es","11":"tag-espana","12":"tag-juan-del-val","13":"tag-pablo-motos","14":"tag-premio-planeta","15":"tag-spain"},"share_on_mastodon":{"url":"https:\/\/pubeurope.com\/@es\/115505513523401209","error":""},"_links":{"self":[{"href":"https:\/\/www.europesays.com\/es\/wp-json\/wp\/v2\/posts\/222495","targetHints":{"allow":["GET"]}}],"collection":[{"href":"https:\/\/www.europesays.com\/es\/wp-json\/wp\/v2\/posts"}],"about":[{"href":"https:\/\/www.europesays.com\/es\/wp-json\/wp\/v2\/types\/post"}],"author":[{"embeddable":true,"href":"https:\/\/www.europesays.com\/es\/wp-json\/wp\/v2\/users\/2"}],"replies":[{"embeddable":true,"href":"https:\/\/www.europesays.com\/es\/wp-json\/wp\/v2\/comments?post=222495"}],"version-history":[{"count":0,"href":"https:\/\/www.europesays.com\/es\/wp-json\/wp\/v2\/posts\/222495\/revisions"}],"wp:featuredmedia":[{"embeddable":true,"href":"https:\/\/www.europesays.com\/es\/wp-json\/wp\/v2\/media\/222496"}],"wp:attachment":[{"href":"https:\/\/www.europesays.com\/es\/wp-json\/wp\/v2\/media?parent=222495"}],"wp:term":[{"taxonomy":"category","embeddable":true,"href":"https:\/\/www.europesays.com\/es\/wp-json\/wp\/v2\/categories?post=222495"},{"taxonomy":"post_tag","embeddable":true,"href":"https:\/\/www.europesays.com\/es\/wp-json\/wp\/v2\/tags?post=222495"}],"curies":[{"name":"wp","href":"https:\/\/api.w.org\/{rel}","templated":true}]}}