{"id":222509,"date":"2025-11-07T00:20:18","date_gmt":"2025-11-07T00:20:18","guid":{"rendered":"https:\/\/www.europesays.com\/es\/222509\/"},"modified":"2025-11-07T00:20:18","modified_gmt":"2025-11-07T00:20:18","slug":"pascal-ackermann-nuevo-fichaje-del-jayco","status":"publish","type":"post","link":"https:\/\/www.europesays.com\/es\/222509\/","title":{"rendered":"Pascal Ackermann, nuevo fichaje del Jayco"},"content":{"rendered":"<p data-mrf-recirculation=\"Links P\u00e1rrafos\" class=\"ue-c-article__paragraph paragraph ue-c-article--first-letter-highlighted\">El esprinter alem\u00e1n <strong>Pascal Ackermann<\/strong> (Kandel, 31 a\u00f1os), hasta ahora en el <strong>Israel Premier Tech,<\/strong> aportar\u00e1 su velocidad al Jayco Alula tras comprometerse por dos a\u00f1os con la formaci\u00f3n australiana.<\/p>\n<p>Ackermann ha ganado 45 carreras UCI a lo largo de su carrera, incluyendo tres etapas del Giro de Italia y dos etapas de la Vuelta a Espa\u00f1a, adem\u00e1s de haber sido campe\u00f3n nacional alem\u00e1n.<br \/>El velocista se unir\u00e1 en el equipo a su compatriota <strong>Jasha S\u00fctterlin y al esloveno Luka Mezgec, quienes forman parte del tren de velocidad del Jayco Alula.<\/strong><\/p>\n<p><strong>\u00abEl equipo Jayco Alula tiene una gran historia y siempre lo he admirado desde peque\u00f1o. Siempre so\u00f1\u00e9 con unirme a esta formaci\u00f3n, as\u00ed que estoy muy emocionado por esta oportunidad.<\/strong> Para m\u00ed, sin duda es el mejor equipo para seguir persiguiendo mi sue\u00f1o de ganar carreras. \u00a1Vamos por el 2026 y volvamos a la cima!\u00bb, ha comentado Ackermann.<\/p>\n","protected":false},"excerpt":{"rendered":"El esprinter alem\u00e1n Pascal Ackermann (Kandel, 31 a\u00f1os), hasta ahora en el Israel Premier Tech, aportar\u00e1 su velocidad&hellip;\n","protected":false},"author":2,"featured_media":222510,"comment_status":"","ping_status":"","sticky":false,"template":"","format":"standard","meta":{"footnotes":""},"categories":[273],"tags":[313,312,168,25,24,23,167],"class_list":{"0":"post-222509","1":"post","2":"type-post","3":"status-publish","4":"format-standard","5":"has-post-thumbnail","7":"category-ciclismo","8":"tag-ciclismo","9":"tag-cycling","10":"tag-deportes","11":"tag-es","12":"tag-espana","13":"tag-spain","14":"tag-sports"},"share_on_mastodon":{"url":"https:\/\/pubeurope.com\/@es\/115505556576279686","error":""},"_links":{"self":[{"href":"https:\/\/www.europesays.com\/es\/wp-json\/wp\/v2\/posts\/222509","targetHints":{"allow":["GET"]}}],"collection":[{"href":"https:\/\/www.europesays.com\/es\/wp-json\/wp\/v2\/posts"}],"about":[{"href":"https:\/\/www.europesays.com\/es\/wp-json\/wp\/v2\/types\/post"}],"author":[{"embeddable":true,"href":"https:\/\/www.europesays.com\/es\/wp-json\/wp\/v2\/users\/2"}],"replies":[{"embeddable":true,"href":"https:\/\/www.europesays.com\/es\/wp-json\/wp\/v2\/comments?post=222509"}],"version-history":[{"count":0,"href":"https:\/\/www.europesays.com\/es\/wp-json\/wp\/v2\/posts\/222509\/revisions"}],"wp:featuredmedia":[{"embeddable":true,"href":"https:\/\/www.europesays.com\/es\/wp-json\/wp\/v2\/media\/222510"}],"wp:attachment":[{"href":"https:\/\/www.europesays.com\/es\/wp-json\/wp\/v2\/media?parent=222509"}],"wp:term":[{"taxonomy":"category","embeddable":true,"href":"https:\/\/www.europesays.com\/es\/wp-json\/wp\/v2\/categories?post=222509"},{"taxonomy":"post_tag","embeddable":true,"href":"https:\/\/www.europesays.com\/es\/wp-json\/wp\/v2\/tags?post=222509"}],"curies":[{"name":"wp","href":"https:\/\/api.w.org\/{rel}","templated":true}]}}