{"id":222511,"date":"2025-11-07T00:22:09","date_gmt":"2025-11-07T00:22:09","guid":{"rendered":"https:\/\/www.europesays.com\/es\/222511\/"},"modified":"2025-11-07T00:22:09","modified_gmt":"2025-11-07T00:22:09","slug":"galbiati-villar-ha-puesto-el-tono-en-defensa-sobre-edwards-y-los-demas-le-han-seguido","status":"publish","type":"post","link":"https:\/\/www.europesays.com\/es\/222511\/","title":{"rendered":"Galbiati: \u00abVillar ha puesto el tono en defensa sobre Edwards y los dem\u00e1s le han seguido\u00bb"},"content":{"rendered":"<p>Paolo Galbiati mostr\u00f3 una satisfacci\u00f3n casi plena sobre el desempe\u00f1o de sus jugadores. Muchas luces y solo una sombra a la que no dio especial  &#8230; importancia. \u00abHemos jugado muy bien en ataque y defensa. Hemos forzado a que su mejor tirador tuviera una mala noche gracias al esfuerzo de todos los jugadores. Rafa Villar ha puesto el tono sobre Edwards y los dem\u00e1s le han seguido. Tambi\u00e9n hemos dado 25 asistencias. El \u00fanico problema ha sido controlar el rebote ofensivo, pero es algo que puedo aceptar\u00bb, analiz\u00f3 tras el encuentro.<\/p>\n<p class=\"v-p\">Destac\u00f3 el desempe\u00f1o del base catal\u00e1n, pero en conjunto se mostr\u00f3 satisfecho con todos. \u00abLa idea es trabajar duro del inicio al final del entrenamiento y trasladar eso al partido. Honestamente es un buen partido. Khalifa ha estado muy bien, Rafa ha sido muy importante, Diallo lo mismo y Tadas est\u00e1 mejorando su condici\u00f3n f\u00edsica\u00bb, analiz\u00f3. <\/p>\n<p class=\"v-p\">Tambi\u00e9n apareci\u00f3 Cabarrot cuando la Virtus amenazaba con remontar. \u00abEn el momento m\u00e1s dif\u00edcil nuestro veterano ha dado confianza al resto del equipo. Pero esta noche ha sido una buena prueba de madurez\u00bb, destac\u00f3 el entrenador azulgrana. <\/p>\n<p class=\"v-p\">El t\u00e9cnico tambi\u00e9n cree que la agresividad del equipo \u00abest\u00e1 creciendo\u00bb. Ahora viene una serie de partidos fuera tras la impecable local\u00eda. \u00abMe gusta mucho el Buesa cuando est\u00e1 caliente. Igual deber\u00edamos pedir jugar siempre en casa\u00bb, brome\u00f3. Pero, aunque se eleva la exigencia, conf\u00eda en sus jugadores. \u00abSer\u00e1n cuatro partidos muy dif\u00edciles, pero necesitamos continuar en esta direcci\u00f3n y trabajando duro en los entrenamientos\u00bb.<\/p>\n","protected":false},"excerpt":{"rendered":"Paolo Galbiati mostr\u00f3 una satisfacci\u00f3n casi plena sobre el desempe\u00f1o de sus jugadores. Muchas luces y solo una&hellip;\n","protected":false},"author":2,"featured_media":222512,"comment_status":"","ping_status":"","sticky":false,"template":"","format":"standard","meta":{"footnotes":""},"categories":[269],"tags":[299,298,1616,7414,168,59069,25,24,17490,3576,20907,57,23,167,12206,27666],"class_list":{"0":"post-222511","1":"post","2":"type-post","3":"status-publish","4":"format-standard","5":"has-post-thumbnail","7":"category-baloncesto","8":"tag-baloncesto","9":"tag-basketball","10":"tag-defensa","11":"tag-demas","12":"tag-deportes","13":"tag-edwards","14":"tag-es","15":"tag-espana","16":"tag-galbiati","17":"tag-puesto","18":"tag-seguido","19":"tag-sobre","20":"tag-spain","21":"tag-sports","22":"tag-tono","23":"tag-villar"},"share_on_mastodon":{"url":"https:\/\/pubeurope.com\/@es\/115505564563798020","error":""},"_links":{"self":[{"href":"https:\/\/www.europesays.com\/es\/wp-json\/wp\/v2\/posts\/222511","targetHints":{"allow":["GET"]}}],"collection":[{"href":"https:\/\/www.europesays.com\/es\/wp-json\/wp\/v2\/posts"}],"about":[{"href":"https:\/\/www.europesays.com\/es\/wp-json\/wp\/v2\/types\/post"}],"author":[{"embeddable":true,"href":"https:\/\/www.europesays.com\/es\/wp-json\/wp\/v2\/users\/2"}],"replies":[{"embeddable":true,"href":"https:\/\/www.europesays.com\/es\/wp-json\/wp\/v2\/comments?post=222511"}],"version-history":[{"count":0,"href":"https:\/\/www.europesays.com\/es\/wp-json\/wp\/v2\/posts\/222511\/revisions"}],"wp:featuredmedia":[{"embeddable":true,"href":"https:\/\/www.europesays.com\/es\/wp-json\/wp\/v2\/media\/222512"}],"wp:attachment":[{"href":"https:\/\/www.europesays.com\/es\/wp-json\/wp\/v2\/media?parent=222511"}],"wp:term":[{"taxonomy":"category","embeddable":true,"href":"https:\/\/www.europesays.com\/es\/wp-json\/wp\/v2\/categories?post=222511"},{"taxonomy":"post_tag","embeddable":true,"href":"https:\/\/www.europesays.com\/es\/wp-json\/wp\/v2\/tags?post=222511"}],"curies":[{"name":"wp","href":"https:\/\/api.w.org\/{rel}","templated":true}]}}