{"id":222517,"date":"2025-11-07T00:25:23","date_gmt":"2025-11-07T00:25:23","guid":{"rendered":"https:\/\/www.europesays.com\/es\/222517\/"},"modified":"2025-11-07T00:25:23","modified_gmt":"2025-11-07T00:25:23","slug":"la-mejor-foto-del-tiempo-de-octubre-de-2025","status":"publish","type":"post","link":"https:\/\/www.europesays.com\/es\/222517\/","title":{"rendered":"La mejor foto del tiempo de octubre de 2025"},"content":{"rendered":"<p>Ya tenemos la <b>mejor foto del tiempo del mes de noviembre<\/b>. Los espectadores han elegido un cielo espectacular sobre Llodio (\u00c1lava), capturada magistralmente por I\u00f1aki Arteta. Esta instant\u00e1nea ha resultado vencedora entre las distintas propuestas enviadas por nuestra audiencia desde distintos rincones de Espa\u00f1a.<\/p>\n<p>La imagen muestra un atardecer vibrante, con <b>tonalidades c\u00e1lidas y rojizas que ti\u00f1en el cielo <\/b>sobre el perfil de las monta\u00f1as vascas, mientras el pueblo de Llodio descansa a sus pies. La composici\u00f3n destaca por el contraste entre los edificios iluminados y la naturaleza que lo rodea.<\/p>\n<p>\u00bfTe gustar\u00eda convertirte en el pr\u00f3ximo protagonista de \u2018Las Im\u00e1genes de El Tiempo\u2019 en Antena 3 Noticias? Participar es muy sencillo: s\u00famate a nuestra comunidad de fot\u00f3grafos aficionados y comparte con nosotros, <b><a title=\"a trav\u00e9s de este enlace\" href=\"https:\/\/www.antena3.com\/noticias\/el-tiempo\/tus-imagenes\/\" target=\"_blank\" rel=\"nofollow noopener\">a trav\u00e9s de este enlace<\/a><\/b>, esas escenas especiales que logres capturar.<\/p>\n<p>Cada mes abrimos una votaci\u00f3n para que los <b>espectadores elijan su fotograf\u00eda favorita<\/b>, creando as\u00ed un \u00e1lbum colectivo lleno de paisajes y momentos \u00fanicos procedentes de todos los rincones de Espa\u00f1a. \u00a1An\u00edmate a mostrar tu mirada y forma parte de esta galer\u00eda compartida!<\/p>\n<p>As\u00ed ha quedado la votaci\u00f3n<\/p>\n<p>S\u00edguenos en nuestro <a title=\"canal de WhatsApp\" href=\"https:\/\/www.whatsapp.com\/channel\/0029Va6BhYH2phHPnlatwW3b\" target=\"_blank\" rel=\"nofollow noopener\"><strong>canal de WhatsApp<\/strong><\/a> y no te pierdas la \u00faltima hora y toda la actualidad en nuestro <a title=\"perfil de Google\" href=\"https:\/\/profile.google.com\/cp\/CgovbS8wMngwNnFy\" target=\"_blank\" rel=\"nofollow noopener\"><strong>perfil de Google<\/strong><\/a><strong>.<\/strong><\/p>\n","protected":false},"excerpt":{"rendered":"Ya tenemos la mejor foto del tiempo del mes de noviembre. Los espectadores han elegido un cielo espectacular&hellip;\n","protected":false},"author":2,"featured_media":222518,"comment_status":"","ping_status":"","sticky":false,"template":"","format":"standard","meta":{"footnotes":""},"categories":[173],"tags":[229,233,231,230,232,234,146,147,25,24,23],"class_list":{"0":"post-222517","1":"post","2":"type-post","3":"status-publish","4":"format-standard","5":"has-post-thumbnail","7":"category-arte-y-diseno","8":"tag-arte","9":"tag-arte-y-diseno","10":"tag-arts","11":"tag-arts-and-design","12":"tag-design","13":"tag-diseno","14":"tag-entertainment","15":"tag-entretenimiento","16":"tag-es","17":"tag-espana","18":"tag-spain"},"share_on_mastodon":{"url":"https:\/\/pubeurope.com\/@es\/115505576172402341","error":""},"_links":{"self":[{"href":"https:\/\/www.europesays.com\/es\/wp-json\/wp\/v2\/posts\/222517","targetHints":{"allow":["GET"]}}],"collection":[{"href":"https:\/\/www.europesays.com\/es\/wp-json\/wp\/v2\/posts"}],"about":[{"href":"https:\/\/www.europesays.com\/es\/wp-json\/wp\/v2\/types\/post"}],"author":[{"embeddable":true,"href":"https:\/\/www.europesays.com\/es\/wp-json\/wp\/v2\/users\/2"}],"replies":[{"embeddable":true,"href":"https:\/\/www.europesays.com\/es\/wp-json\/wp\/v2\/comments?post=222517"}],"version-history":[{"count":0,"href":"https:\/\/www.europesays.com\/es\/wp-json\/wp\/v2\/posts\/222517\/revisions"}],"wp:featuredmedia":[{"embeddable":true,"href":"https:\/\/www.europesays.com\/es\/wp-json\/wp\/v2\/media\/222518"}],"wp:attachment":[{"href":"https:\/\/www.europesays.com\/es\/wp-json\/wp\/v2\/media?parent=222517"}],"wp:term":[{"taxonomy":"category","embeddable":true,"href":"https:\/\/www.europesays.com\/es\/wp-json\/wp\/v2\/categories?post=222517"},{"taxonomy":"post_tag","embeddable":true,"href":"https:\/\/www.europesays.com\/es\/wp-json\/wp\/v2\/tags?post=222517"}],"curies":[{"name":"wp","href":"https:\/\/api.w.org\/{rel}","templated":true}]}}