{"id":222552,"date":"2025-11-07T00:54:07","date_gmt":"2025-11-07T00:54:07","guid":{"rendered":"https:\/\/www.europesays.com\/es\/222552\/"},"modified":"2025-11-07T00:54:07","modified_gmt":"2025-11-07T00:54:07","slug":"el-centro-nacional-de-microbiologia-reacreditado-por-la-oms-para-sarampion-y-rubeola","status":"publish","type":"post","link":"https:\/\/www.europesays.com\/es\/222552\/","title":{"rendered":"El Centro Nacional de Microbiolog\u00eda reacreditado por la OMS para sarampi\u00f3n y rubeola"},"content":{"rendered":"<p>El <a href=\"https:\/\/cnm.isciii.es\/\" target=\"_blank\" rel=\"nofollow noopener\"><strong>Centro Nacional de Microbiolog\u00eda (CNM)<\/strong><\/a>, perteneciente al Instituto de Salud Carlos III (ISCIII), ha logrado la reacreditaci\u00f3n por parte de la <a href=\"https:\/\/www.who.int\/es\" target=\"_blank\" rel=\"nofollow noopener\"><strong>Organizaci\u00f3n Mundial de la Salud (OMS)<\/strong><\/a> como Laboratorio Nacional de Referencia para el Sarampi\u00f3n y la Rubeola.<\/p>\n<p>Este laboratorio desempe\u00f1a un papel fundamental en la Red Global de Laboratorios de Sarampi\u00f3n y Rubeola que la OMS ha establecido a nivel internacional. La reacreditaci\u00f3n destaca la importancia de mantener est\u00e1ndares elevados en la vigilancia y diagn\u00f3stico de estas enfermedades.<\/p>\n<p><a href=\"https:\/\/www.mallorcadiario.com\/nanomotores-impulsados-por-glucosa-mejoran-los-tratamientos-contra-el-cancer\" rel=\"nofollow noopener\" target=\"_blank\"><img decoding=\"async\" width=\"150\" height=\"150\" src=\"https:\/\/www.europesays.com\/es\/wp-content\/uploads\/2025\/11\/nanomotores-que-usan-glucosa-como-gasolina-para-combatir-el-cancer_69090e6d293c4-150x150.jpeg\" class=\"attachment-thumbnail size-thumbnail wp-post-image\" alt=\"\"  loading=\"lazy\"\/><\/a><\/p>\n<p>Nueva etapa en la lucha contra enfermedades infecciosas<\/p>\n<p>La reacreditaci\u00f3n del CNM representa un avance significativo en la lucha contra el sarampi\u00f3n y la rubeola, enfermedades que han mostrado un resurgimiento en diversas regiones del mundo. La OMS trabaja constantemente para asegurar que los laboratorios de referencia est\u00e9n equipados y listos para enfrentar estos desaf\u00edos.<\/p>\n<p>Con esta renovaci\u00f3n, el CNM reafirma su compromiso con la salud p\u00fablica y la prevenci\u00f3n de brotes, lo que es esencial para la protecci\u00f3n de la poblaci\u00f3n y la promoci\u00f3n de la vacunaci\u00f3n.<\/p>\n<p><a href=\"https:\/\/www.mallorcadiario.com\/112-en-baleares-que-decir-a-quien-llaman-y-como-llega-la-ayuda\" rel=\"nofollow noopener\" target=\"_blank\"><img decoding=\"async\" width=\"150\" height=\"150\" src=\"https:\/\/www.europesays.com\/es\/wp-content\/uploads\/2025\/11\/www.mallorcadiario.com__fotos_1_487150_entrevista-112-pablo-garriz-1-150x150.jpg\" class=\"attachment-thumbnail size-thumbnail wp-post-image\" alt=\"www.mallorcadiario.com fotos 1 487150 entrevista 112 pablo garriz 1\"  loading=\"lazy\"\/><\/a><\/p>\n<p>&#13;<br \/>\n\t\t\t\t0&#13;\n\t\t\t<\/p>\n","protected":false},"excerpt":{"rendered":"El Centro Nacional de Microbiolog\u00eda (CNM), perteneciente al Instituto de Salud Carlos III (ISCIII), ha logrado la reacreditaci\u00f3n&hellip;\n","protected":false},"author":2,"featured_media":222553,"comment_status":"","ping_status":"","sticky":false,"template":"","format":"standard","meta":{"footnotes":""},"categories":[92],"tags":[25,24,165,3572,59073,166,59074,23],"class_list":{"0":"post-222552","1":"post","2":"type-post","3":"status-publish","4":"format-standard","5":"has-post-thumbnail","7":"category-salud","8":"tag-es","9":"tag-espana","10":"tag-health","11":"tag-oms","12":"tag-rubeola","13":"tag-salud","14":"tag-sarampin","15":"tag-spain"},"share_on_mastodon":{"url":"https:\/\/pubeurope.com\/@es\/115505690580192356","error":""},"_links":{"self":[{"href":"https:\/\/www.europesays.com\/es\/wp-json\/wp\/v2\/posts\/222552","targetHints":{"allow":["GET"]}}],"collection":[{"href":"https:\/\/www.europesays.com\/es\/wp-json\/wp\/v2\/posts"}],"about":[{"href":"https:\/\/www.europesays.com\/es\/wp-json\/wp\/v2\/types\/post"}],"author":[{"embeddable":true,"href":"https:\/\/www.europesays.com\/es\/wp-json\/wp\/v2\/users\/2"}],"replies":[{"embeddable":true,"href":"https:\/\/www.europesays.com\/es\/wp-json\/wp\/v2\/comments?post=222552"}],"version-history":[{"count":0,"href":"https:\/\/www.europesays.com\/es\/wp-json\/wp\/v2\/posts\/222552\/revisions"}],"wp:featuredmedia":[{"embeddable":true,"href":"https:\/\/www.europesays.com\/es\/wp-json\/wp\/v2\/media\/222553"}],"wp:attachment":[{"href":"https:\/\/www.europesays.com\/es\/wp-json\/wp\/v2\/media?parent=222552"}],"wp:term":[{"taxonomy":"category","embeddable":true,"href":"https:\/\/www.europesays.com\/es\/wp-json\/wp\/v2\/categories?post=222552"},{"taxonomy":"post_tag","embeddable":true,"href":"https:\/\/www.europesays.com\/es\/wp-json\/wp\/v2\/tags?post=222552"}],"curies":[{"name":"wp","href":"https:\/\/api.w.org\/{rel}","templated":true}]}}