{"id":222581,"date":"2025-11-07T01:19:15","date_gmt":"2025-11-07T01:19:15","guid":{"rendered":"https:\/\/www.europesays.com\/es\/222581\/"},"modified":"2025-11-07T01:19:15","modified_gmt":"2025-11-07T01:19:15","slug":"estos-son-los-airpods-compatibles-mas-baratos","status":"publish","type":"post","link":"https:\/\/www.europesays.com\/es\/222581\/","title":{"rendered":"estos son los AirPods compatibles m\u00e1s baratos"},"content":{"rendered":"<p>Apple lleva meses prometiendo una experiencia m\u00e1s inteligente y \u00fatil con su ecosistema, y uno de los avances m\u00e1s esperados est\u00e1 a punto de hacerse realidad: la <strong data-start=\"711\" data-end=\"733\">traducci\u00f3n en vivo<\/strong> directamente desde los <strong data-start=\"757\" data-end=\"768\">AirPods<\/strong>. La funci\u00f3n, incluida dentro de Apple Intelligence, aterriza oficialmente en Espa\u00f1a con la <strong data-start=\"862\" data-end=\"890\">actualizaci\u00f3n a iOS 26.2<\/strong>, que llegar\u00e1 el pr\u00f3ximo mes de diciembre. Y aunque muchos pensaban que ser\u00eda exclusiva de los AirPods Pro, hay una buena noticia: <strong data-start=\"1021\" data-end=\"1101\">los nuevos AirPods 4 con cancelaci\u00f3n activa de ruido tambi\u00e9n son compatibles<\/strong> y, ahora mismo, est\u00e1n disponibles con un <strong data-start=\"1143\" data-end=\"1185\">12 % de descuento (174,99 \u20ac en Amazon)<\/strong>.<\/p>\n<p>C\u00f3mo funciona el traductor en vivo de los AirPods<img decoding=\"async\" loading=\"lazy\" src=\"https:\/\/www.europesays.com\/es\/wp-content\/uploads\/2025\/11\/airpods-4_58.jpg\" alt=\"AirPods 4\" width=\"660\" height=\"375\"\/><b>AirPods 4<\/b>AmazonAmazon<\/p>\n<p>La nueva funci\u00f3n <strong data-start=\"1268\" data-end=\"1290\">\u201cLive Translation\u201d<\/strong> permite mantener conversaciones fluidas entre personas que hablan distintos idiomas. Los AirPods <strong data-start=\"1388\" data-end=\"1495\">detectan la voz del interlocutor, reducen el ruido ambiente y reproducen la traducci\u00f3n casi al instante<\/strong> en tu idioma, mientras que el iPhone \u2014en posici\u00f3n horizontal\u2014 muestra la transcripci\u00f3n traducida para la otra persona.<\/p>\n<p>La gran novedad est\u00e1 en que todo el procesamiento se realiza <strong data-start=\"1679\" data-end=\"1725\">directamente en el dispositivo (on-device)<\/strong>, lo que garantiza privacidad total y una respuesta mucho m\u00e1s r\u00e1pida. Eso s\u00ed, para que funcione ser\u00e1 necesario disponer de un <strong data-start=\"1851\" data-end=\"1880\">iPhone 15 Pro o posterior<\/strong> y descargar los paquetes de idiomas correspondientes.<\/p>\n<p>Por el momento, la funci\u00f3n est\u00e1 disponible en la <strong data-start=\"1987\" data-end=\"2015\">versi\u00f3n beta de iOS 26.2<\/strong>, aunque se espera que llegue a todos los usuarios en diciembre. Hasta entonces, quienes est\u00e9n en el programa beta (o se sumen a la p\u00fablica en las pr\u00f3ximas semanas) ya pueden probarla.<\/p>\n<p>AirPods 4: los m\u00e1s nuevos y asequibles con cancelaci\u00f3n activa de ruido<\/p>\n<p>Los <strong data-start=\"2289\" data-end=\"2340\">AirPods 4 con ANC (cancelaci\u00f3n activa de ruido)<\/strong> son la <strong data-start=\"2348\" data-end=\"2411\">alternativa m\u00e1s econ\u00f3mica dentro de los modelos compatibles<\/strong> con el traductor de Apple. Equipan el <strong data-start=\"2450\" data-end=\"2461\">chip H2<\/strong>, el mismo que los AirPods Pro, lo que les permite acceder a todas las nuevas funciones de Apple Intelligence, incluido el sistema de <strong data-start=\"2597\" data-end=\"2617\">audio adaptativo<\/strong> y el <strong data-start=\"2623\" data-end=\"2652\">modo ambiente inteligente<\/strong>.<\/p>\n<p>Adem\u00e1s, ofrecen <strong data-start=\"2673\" data-end=\"2706\">sonido espacial personalizado<\/strong>, mejor rendimiento en llamadas y una autonom\u00eda de hasta <strong data-start=\"2763\" data-end=\"2804\">6 horas por carga (30 con el estuche)<\/strong>. El nuevo estuche incluye <strong data-start=\"2831\" data-end=\"2867\">puerto USB-C y carga inal\u00e1mbrica<\/strong>, y su dise\u00f1o se mantiene fiel al cl\u00e1sico de Apple: ligero, discreto y con un ajuste ergon\u00f3mico mejorado.<\/p>\n<p>En otras palabras: todo lo necesario para disfrutar de la <strong data-start=\"3034\" data-end=\"3063\">traducci\u00f3n en tiempo real<\/strong> sin necesidad de pagar el precio de los modelos Pro. Y con el descuento actual, son una de las mejores puertas de entrada al nuevo ecosistema de Apple.<\/p>\n<p>Los art\u00edculos publicados en la secci\u00f3n \u201cDe compras\u201d est\u00e1n pensados para ayudarte a descubrir productos que pueden interesarte. Algunos de los enlaces incluidos son de afiliados, lo que significa que si realizas una compra a trav\u00e9s de ellos La Raz\u00f3n podr\u00eda recibir una peque\u00f1a comisi\u00f3n sin que esto influya en nuestras recomendaciones ni en el precio que pagas.<\/p>\n","protected":false},"excerpt":{"rendered":"Apple lleva meses prometiendo una experiencia m\u00e1s inteligente y \u00fatil con su ecosistema, y uno de los avances&hellip;\n","protected":false},"author":2,"featured_media":222582,"comment_status":"","ping_status":"","sticky":false,"template":"","format":"standard","meta":{"footnotes":""},"categories":[81],"tags":[119,123,124,25,24,117,121,122,23,118,120],"class_list":{"0":"post-222581","1":"post","2":"type-post","3":"status-publish","4":"format-standard","5":"has-post-thumbnail","7":"category-ciencia-y-tecnologia","8":"tag-ciencia","9":"tag-ciencia-y-tecnologia","10":"tag-cienciaytecnologia","11":"tag-es","12":"tag-espana","13":"tag-science","14":"tag-science-and-technology","15":"tag-scienceandtechnology","16":"tag-spain","17":"tag-technology","18":"tag-tecnologia"},"share_on_mastodon":{"url":"https:\/\/pubeurope.com\/@es\/115505789063578158","error":""},"_links":{"self":[{"href":"https:\/\/www.europesays.com\/es\/wp-json\/wp\/v2\/posts\/222581","targetHints":{"allow":["GET"]}}],"collection":[{"href":"https:\/\/www.europesays.com\/es\/wp-json\/wp\/v2\/posts"}],"about":[{"href":"https:\/\/www.europesays.com\/es\/wp-json\/wp\/v2\/types\/post"}],"author":[{"embeddable":true,"href":"https:\/\/www.europesays.com\/es\/wp-json\/wp\/v2\/users\/2"}],"replies":[{"embeddable":true,"href":"https:\/\/www.europesays.com\/es\/wp-json\/wp\/v2\/comments?post=222581"}],"version-history":[{"count":0,"href":"https:\/\/www.europesays.com\/es\/wp-json\/wp\/v2\/posts\/222581\/revisions"}],"wp:featuredmedia":[{"embeddable":true,"href":"https:\/\/www.europesays.com\/es\/wp-json\/wp\/v2\/media\/222582"}],"wp:attachment":[{"href":"https:\/\/www.europesays.com\/es\/wp-json\/wp\/v2\/media?parent=222581"}],"wp:term":[{"taxonomy":"category","embeddable":true,"href":"https:\/\/www.europesays.com\/es\/wp-json\/wp\/v2\/categories?post=222581"},{"taxonomy":"post_tag","embeddable":true,"href":"https:\/\/www.europesays.com\/es\/wp-json\/wp\/v2\/tags?post=222581"}],"curies":[{"name":"wp","href":"https:\/\/api.w.org\/{rel}","templated":true}]}}