{"id":22259,"date":"2025-08-03T06:57:07","date_gmt":"2025-08-03T06:57:07","guid":{"rendered":"https:\/\/www.europesays.com\/es\/22259\/"},"modified":"2025-08-03T06:57:07","modified_gmt":"2025-08-03T06:57:07","slug":"el-guijuelo-logra-el-empate-con-el-salamanca-cf-uds-en-los-ultimos-minutos-de-su-partido-para-la-copa-rfef","status":"publish","type":"post","link":"https:\/\/www.europesays.com\/es\/22259\/","title":{"rendered":"El Guijuelo logra el empate con el Salamanca CF UDS en los \u00faltimos minutos de su partido para la Copa RFEF"},"content":{"rendered":"<p class=\"paragraph-atom &#10;        A-500-300-700-N A-550-300-700-N--md  \">Este s\u00e1bado, 2 de agosto, se ha disputado el primero duelo del grupo A de la Copa RFEF. En \u00e9l, el Salamanca CF UDS se ha enfrentado al Club Deportivo Guijuelo, en Las Pistas del estadio Helm\u00e1ntico. Y aunque hasta el \u00faltimo momento parec\u00eda que jugar en casa hab\u00eda tra\u00eddo suerte al conjunto de la capital, sus rivales han logrado el empate en los \u00faltimos minutos, qued\u00e1ndose todo en un 1-1.<\/p>\n<p class=\"paragraph-atom &#10;        A-500-300-700-N A-550-300-700-N--md  \">El primer tanto del encuentro ha llegado pronto, en el minuto 6, y lo ha firmado Adri Mancebo, en lo que supone su primer partido con el equipo. \u00ab\u00a1Vaya debut goleador, Mance!\u00bb, han celebrado junto al v\u00eddeo del momento en las redes sociales del club.<\/p>\n<p class=\"paragraph-atom &#10;        A-500-300-700-N A-550-300-700-N--md  \">Parec\u00eda que no se consegu\u00eda volver a encajar el bal\u00f3n, ni los locales, ni sus rivales, y que todo quedar\u00eda en una sencilla victoria del Salamanca CF UDS, con un \u00fanico tanto y apenas salir al c\u00e9sped.<\/p>\n<p class=\"paragraph-atom &#10;        A-500-300-700-N A-550-300-700-N--md  \">Entonces, el Guijuelo ha dado un giro al partido en el \u00faltimo momento: el arbitro concede cuatro minutos extras al encuentro y es justo en el minuto 94 cuando \u00c1lex Garc\u00eda ha estrellado el cuero en la red enemiga, librando as\u00ed a su equipo de la derrota.<\/p>\n","protected":false},"excerpt":{"rendered":"Este s\u00e1bado, 2 de agosto, se ha disputado el primero duelo del grupo A de la Copa RFEF.&hellip;\n","protected":false},"author":2,"featured_media":22260,"comment_status":"","ping_status":"","sticky":false,"template":"","format":"standard","meta":{"footnotes":""},"categories":[268],"tags":[13103,168,5192,25,24,280,282,4203,11812,3614,281,23,167],"class_list":{"0":"post-22259","1":"post","2":"type-post","3":"status-publish","4":"format-standard","5":"has-post-thumbnail","7":"category-futbol","8":"tag-cf","9":"tag-deportes","10":"tag-empate","11":"tag-es","12":"tag-espana","13":"tag-football","14":"tag-futbol","15":"tag-guijuelo","16":"tag-logra","17":"tag-salamanca","18":"tag-soccer","19":"tag-spain","20":"tag-sports"},"share_on_mastodon":{"url":"","error":""},"_links":{"self":[{"href":"https:\/\/www.europesays.com\/es\/wp-json\/wp\/v2\/posts\/22259","targetHints":{"allow":["GET"]}}],"collection":[{"href":"https:\/\/www.europesays.com\/es\/wp-json\/wp\/v2\/posts"}],"about":[{"href":"https:\/\/www.europesays.com\/es\/wp-json\/wp\/v2\/types\/post"}],"author":[{"embeddable":true,"href":"https:\/\/www.europesays.com\/es\/wp-json\/wp\/v2\/users\/2"}],"replies":[{"embeddable":true,"href":"https:\/\/www.europesays.com\/es\/wp-json\/wp\/v2\/comments?post=22259"}],"version-history":[{"count":0,"href":"https:\/\/www.europesays.com\/es\/wp-json\/wp\/v2\/posts\/22259\/revisions"}],"wp:featuredmedia":[{"embeddable":true,"href":"https:\/\/www.europesays.com\/es\/wp-json\/wp\/v2\/media\/22260"}],"wp:attachment":[{"href":"https:\/\/www.europesays.com\/es\/wp-json\/wp\/v2\/media?parent=22259"}],"wp:term":[{"taxonomy":"category","embeddable":true,"href":"https:\/\/www.europesays.com\/es\/wp-json\/wp\/v2\/categories?post=22259"},{"taxonomy":"post_tag","embeddable":true,"href":"https:\/\/www.europesays.com\/es\/wp-json\/wp\/v2\/tags?post=22259"}],"curies":[{"name":"wp","href":"https:\/\/api.w.org\/{rel}","templated":true}]}}