{"id":222611,"date":"2025-11-07T01:45:16","date_gmt":"2025-11-07T01:45:16","guid":{"rendered":"https:\/\/www.europesays.com\/es\/222611\/"},"modified":"2025-11-07T01:45:16","modified_gmt":"2025-11-07T01:45:16","slug":"la-aemet-alerta-de-hasta-15-oc-menos-de-temperatura-en-estas-zonas-de-la-peninsula","status":"publish","type":"post","link":"https:\/\/www.europesays.com\/es\/222611\/","title":{"rendered":"la Aemet alerta de hasta 15 \u00baC menos de temperatura en estas zonas de la Pen\u00ednsula"},"content":{"rendered":"<p>            Las claves<\/p>\n<p>\n                nuevo<br \/>\n                Generado con IA\n            <\/p>\n<p>        <a class=\"key__news__heading--closed-content\" href=\"http:\/\/www.elespanol.com\/suscripciones\/#utm_source=internal&amp;utm_medium=claves\" rel=\"nofollow noopener\" target=\"_blank\"><\/p>\n<p class=\"item--text\">\n                            Un frente fr\u00edo llega a Espa\u00f1a, provocando un descenso generalizado de temperaturas, con bajadas de hasta 12 \u00baC en algunas zonas como Sierra Nevada.\n                        <\/p>\n<p class=\"item--text\">\n                            Se esperan heladas y temperaturas bajo cero en \u00e1reas monta\u00f1osas del norte, centro y sur peninsular, y posibles nevadas en el Pirineo a partir de 1.600 metros.\n                        <\/p>\n<p class=\"item--text\">\n                            Las capitales m\u00e1s afectadas por el fr\u00edo ser\u00e1n Ciudad Real, Granada, Ja\u00e9n, \u00c1vila, Soria y Segovia, donde los term\u00f3metros no superar\u00e1n los 10 \u00baC.\n                        <\/p>\n<p class=\"item--text\">\n                            Lluvias intensas y tormentas, ocasionalmente con granizo y rachas fuertes de viento, afectar\u00e1n principalmente a Galicia, el Cant\u00e1brico, Baleares y el noreste peninsular.\n                        <\/p>\n<p class=\"paragraph\" id=\"paragraph_1\">Las temperaturas suaves que Espa\u00f1a ha tenido en los \u00faltimos d\u00edas tienen las horas contadas. Al menos, en algunos puntos de la geograf\u00eda. As\u00ed lo han advertido los meteor\u00f3logos, que aseguran que la <a href=\"https:\/\/www.elespanol.com\/ciencia\/meteorologia\/20251104\/llega-chorro-polar-espana-proximas-horas-aemet-alerta-fuertes-lluvias-tormentas-zonas\/1003743998931_0.html?utm_cmp_rs=linksinline\" rel=\"nofollow noopener\" target=\"_blank\">irrupci\u00f3n de un frente fr\u00edo <\/a>en la pen\u00ednsula Ib\u00e9rica har\u00e1 <strong>que se desplomen los term\u00f3metros<\/strong> en toda Espa\u00f1a y aparezcan los primeros copos de nieve.<\/p>\n<p class=\"paragraph\" id=\"paragraph_2\">\u201cLas temperaturas van a bajar de forma generalizada este jueves, en algunos puntos habr\u00e1 descensos de hasta 10 \u00baC. Las m\u00ednimas tambi\u00e9n han bajado ya y en muchas zonas de monta\u00f1a del norte, centro y sur peninsular se han registrado <strong>heladas y temperaturas bajo cero<\/strong>\u201d, advierten desde el portal meteorol\u00f3gico eltiempo.es.<\/p>\n<p class=\"paragraph\" id=\"paragraph_3\">As\u00ed, la entrada de la masa de aire polar se producir\u00e1 desde el Mediterr\u00e1neo. Seg\u00fan los meteor\u00f3logos, no se trata de una masa de aire especialmente fr\u00eda, \u00abpero ser\u00e1 suficiente para que notemos un gran cambio respecto a las m\u00e1ximas registradas ayer, especialmente en <strong>el interior de la mitad norte<\/strong>\u00ab, <a href=\"https:\/\/www.tiempo.com\/noticias\/prediccion\/cambio-radical-este-jueves-las-temperaturas-seran-hasta-10-c-mas-bajas-que-las-de-ayer.html\" rel=\"nofollow noopener\" target=\"_blank\">aseguran desde Meteored<\/a>.<\/p>\n<p class=\"paragraph\" id=\"paragraph_4\">La masa de aire fr\u00edo estar\u00e1 sobrevolando la Pen\u00ednsula durante un buen n\u00famero de horas durante el jueves y har\u00e1 que <strong>se desplomen los term\u00f3metros especialmente durante la noche<\/strong> en el interior y en el norte de Espa\u00f1a.<\/p>\n<p class=\"paragraph\" id=\"paragraph_5\">\u00abLas temperaturas m\u00e1ximas de hoy bajar\u00e1n en pr\u00e1cticamente toda Espa\u00f1a, pero lo har\u00e1n de forma m\u00e1s contundente en el<strong> interior sur-sureste, Sistema Ib\u00e9rico, Pirineos y Galicia<\/strong>. Las temperaturas m\u00e1ximas caer\u00e1n entre 7 y 8\u00baC respecto a las registradas ayer, por lo que se har\u00e1 necesario abrigarse incluso a primeras horas de la tarde\u00bb, informa el meteor\u00f3logo Duncan Wingen.<\/p>\n<p class=\"paragraph\" id=\"paragraph_6\">Donde m\u00e1s se notar\u00e1 este baj\u00f3n de temperaturas ser\u00e1 en capitales como <strong>Ciudad Real, Granada o Ja\u00e9n<\/strong>. En Sierra Nevada, seg\u00fan Wingen, podr\u00eda llegar a registrarse un baj\u00f3n de hasta 12 \u00baC menos y que los term\u00f3metros no sobrepasen los 0\u00baC.<\/p>\n<p class=\"paragraph\" id=\"paragraph_7\">As\u00ed, habr\u00e1 que sacar los abrigos tambi\u00e9n en ciudades como \u00c1vila, Soria o Segovia, donde los term\u00f3metros no sobrepasar\u00e1n los 10 \u00baC. La Aemet avisa de que <strong>podr\u00edan producirse nevadas en el Pirineo<\/strong> en cotas por encima de 1.600 o 2.000 metros.<\/p>\n<p class=\"paragraph\" id=\"paragraph_8\">La cosa no queda aqu\u00ed. Seg\u00fan la Agencia Estatal de Meteorolog\u00eda, las lluvias seguir\u00e1n siendo protagonistas en <strong>numerosos puntos de la geograf\u00eda<\/strong>. Galicia, el Cant\u00e1brico y Baleares podr\u00edan registrar los mayores acumulados en la jornada del jueves.<\/p>\n<p class=\"paragraph\" id=\"paragraph_9\">\u00abEn el noreste peninsular y Baleares se esperan probables chubascos y tormentas fuertes, ocasionalmente con <strong>granizo y rachas muy fuertes<\/strong>, que localmente podr\u00e1n ser muy fuertes en litorales e interiores de Tarragona y Barcelona as\u00ed como en el sur de L\u00e9rida, tendiendo a remitir\u00bb, apunta la Aemet.<\/p>\n<p class=\"paragraph\" id=\"paragraph_10\">As\u00ed, las temperaturas m\u00e1s estables se registrar\u00e1n en el interior de Andaluc\u00eda. El valle del Guadalquivir podr\u00eda registrar puntualmente hasta 20 \u00baC. Tambi\u00e9n zonas del Mediterr\u00e1neo como Almer\u00eda, Murcia, Alicante o Valencia podr\u00edan superar los 22 \u00baC.<\/p>\n<p class=\"paragraph\" id=\"paragraph_11\">\u00abEn la pr\u00f3xima madrugada har\u00e1 fr\u00edo, pero sin heladas fuera de monta\u00f1a debido a la influencia del viento y la nubosidad. Las cinco capitales de provincia con temperaturas nocturnas m\u00e1s bajas ser\u00e1n las siguientes, ordenadas de menor a mayor temperatura m\u00ednima prevista: Cuenca y Teruel (3 \u00baC), Soria y \u00c1vila (5 \u00baC) y 6 \u00baC en Le\u00f3n\u00bb, finaliza Wingen.<\/p>\n","protected":false},"excerpt":{"rendered":"Las claves nuevo Generado con IA Un frente fr\u00edo llega a Espa\u00f1a, provocando un descenso generalizado de temperaturas,&hellip;\n","protected":false},"author":2,"featured_media":222612,"comment_status":"","ping_status":"","sticky":false,"template":"","format":"standard","meta":{"footnotes":""},"categories":[8],"tags":[2980,17,18,25,24,13,14,11,19,20,11347,9,16248,10,15,16,23,12,21,22],"class_list":{"0":"post-222611","1":"post","2":"type-post","3":"status-publish","4":"format-standard","5":"has-post-thumbnail","7":"category-espana","8":"tag-aemet","9":"tag-breaking-news","10":"tag-breakingnews","11":"tag-es","12":"tag-espana","13":"tag-featured-news","14":"tag-featurednews","15":"tag-headlines","16":"tag-latest-news","17":"tag-latestnews","18":"tag-meteorologia","19":"tag-news","20":"tag-nieve","21":"tag-noticias","22":"tag-noticias-destacadas","23":"tag-noticiasdestacadas","24":"tag-spain","25":"tag-titulares","26":"tag-ultimas-noticias","27":"tag-ultimasnoticias"},"share_on_mastodon":{"url":"https:\/\/pubeurope.com\/@es\/115505890827534414","error":""},"_links":{"self":[{"href":"https:\/\/www.europesays.com\/es\/wp-json\/wp\/v2\/posts\/222611","targetHints":{"allow":["GET"]}}],"collection":[{"href":"https:\/\/www.europesays.com\/es\/wp-json\/wp\/v2\/posts"}],"about":[{"href":"https:\/\/www.europesays.com\/es\/wp-json\/wp\/v2\/types\/post"}],"author":[{"embeddable":true,"href":"https:\/\/www.europesays.com\/es\/wp-json\/wp\/v2\/users\/2"}],"replies":[{"embeddable":true,"href":"https:\/\/www.europesays.com\/es\/wp-json\/wp\/v2\/comments?post=222611"}],"version-history":[{"count":0,"href":"https:\/\/www.europesays.com\/es\/wp-json\/wp\/v2\/posts\/222611\/revisions"}],"wp:featuredmedia":[{"embeddable":true,"href":"https:\/\/www.europesays.com\/es\/wp-json\/wp\/v2\/media\/222612"}],"wp:attachment":[{"href":"https:\/\/www.europesays.com\/es\/wp-json\/wp\/v2\/media?parent=222611"}],"wp:term":[{"taxonomy":"category","embeddable":true,"href":"https:\/\/www.europesays.com\/es\/wp-json\/wp\/v2\/categories?post=222611"},{"taxonomy":"post_tag","embeddable":true,"href":"https:\/\/www.europesays.com\/es\/wp-json\/wp\/v2\/tags?post=222611"}],"curies":[{"name":"wp","href":"https:\/\/api.w.org\/{rel}","templated":true}]}}