{"id":222626,"date":"2025-11-07T02:04:12","date_gmt":"2025-11-07T02:04:12","guid":{"rendered":"https:\/\/www.europesays.com\/es\/222626\/"},"modified":"2025-11-07T02:04:12","modified_gmt":"2025-11-07T02:04:12","slug":"david-broncano-la-ausencia-mas-llamativa","status":"publish","type":"post","link":"https:\/\/www.europesays.com\/es\/222626\/","title":{"rendered":"David Broncano, la ausencia m\u00e1s llamativa"},"content":{"rendered":"<p class=\"paragraph\" id=\"paragraph_1\"><strong>La Academia de Televisi\u00f3n y de las Ciencias y Artes del Audiovisual<\/strong> ha anunciado este jueves, 6 de noviembre la lista de nominados de los <strong><a href=\"https:\/\/www.elespanol.com\/bluper\/20241024\/cifras-letras-exitoso-concurso-galardonado-premio-iris-prensa-especializada\/895910826_0.html?utm_cmp_rs=linksinline\" rel=\"nofollow noopener\" target=\"_blank\">Premios Iris 2025<\/a><\/strong>. Lo ha hecho en un acto p\u00fablico celebrado en los Cines Callao de Madrid con Ana Brito y Xuso Jones.<\/p>\n<p class=\"paragraph\" id=\"paragraph_2\">La ceremonia de entrega de los galardones ser\u00e1 emitida por <strong>Movistar Plus+<\/strong> el pr\u00f3ximo 1<strong>6 de febrero<\/strong> desde el Teatro Real de Madrid.<\/p>\n<p class=\"paragraph\" id=\"paragraph_3\">Del listado destaca la <strong>ausencia de David Broncano<\/strong>, el gran triunfador en la edici\u00f3n de 2024 con hasta cuatro premios, en la categor\u00eda de Mejor Presentador. Tampoco figura La Revuelta en la lista, si bien hay una explicaci\u00f3n: el programa de TVE no ha presentado su candidatura este a\u00f1o.<\/p>\n<p><img loading=\"lazy\" decoding=\"async\" alt=\"Aitor Albizua y Jorge Javier V\u00e1zquez en un montaje de BLUPER.\" height=\"180\" src=\"https:\/\/www.europesays.com\/es\/wp-content\/uploads\/2025\/11\/1003744002352_259785769_320x180.jpg\" width=\"320\" data-lazy-status=\"processed\" data-lazy-info=\"remove loading item 1\"\/><\/p>\n<p class=\"paragraph\" id=\"paragraph_4\">Hay que recordar que los acad\u00e9micos, a la hora de votar, lo hacen a partir de una lista de <strong>inscripciones presentadas por los diferentes canales de televisi\u00f3n, productoras y los propios acad\u00e9micos.<\/strong> Este a\u00f1o, el plazo para presentar candidatura iba del 25 de septiembre al 20 de octubre.<\/p>\n<p class=\"paragraph\" id=\"paragraph_5\"><strong>Pablo Motos, Marc Gir\u00f3, Paula V\u00e1zquez, Sandra Barneda, Miguel \u00c1ngel Mu\u00f1oz y Wyoming<\/strong> se disputar\u00e1n el premio a mejor presentador de entretenimiento.<\/p>\n<p class=\"paragraph\" id=\"paragraph_6\">En la categor\u00eda de mejor presentador de actualidad tambi\u00e9n llama la atenci\u00f3n la ausencia de Silvia Intxaurrondo. S\u00ed est\u00e1n los nombres de <strong>Adela Gonz\u00e1lez, Ana Pastor, Ana Terradillos, Susanna Griso, Susanna Guasch y Jos\u00e9 Luis P\u00e9rez.<\/strong><\/p>\n<p class=\"paragraph\" id=\"paragraph_7\"><strong>El Hormiguero, First Dates, Late Xou, Supervivientes, The Floor y Tu cara me suena<\/strong> optan a mejor programa. Y en ficci\u00f3n, <strong>Querer <\/strong>(Movistar Plus+) y <strong>Yo, adicto<\/strong> (Disney+) son las grandes favoritas.<\/p>\n<p>Lista completa de nominados:<\/p>\n<p class=\"paragraph\" id=\"paragraph_8\" style=\"font-weight: 400;\"><strong>MEJOR ACTOR<\/strong><\/p>\n<p class=\"paragraph\" id=\"paragraph_9\" style=\"font-weight: 400;\">&#8211; Daniel Grao por \u00c1ngela (Antena 3 TV)<\/p>\n<p class=\"paragraph\" id=\"paragraph_10\" style=\"font-weight: 400;\">&#8211; David Verdaguer por El Mar Invisible (TV3, 3Cat, Disney +)<\/p>\n<p class=\"paragraph\" id=\"paragraph_11\" style=\"font-weight: 400;\">&#8211; Luis Fern\u00e1ndez por La Favorita 1922 (Telecinco)<\/p>\n<p class=\"paragraph\" id=\"paragraph_12\" style=\"font-weight: 400;\">&#8211; Miguel Bernadeau por Querer (Movistar Plus +)<\/p>\n<p class=\"paragraph\" id=\"paragraph_13\" style=\"font-weight: 400;\">&#8211; Oriol Pla por Yo, adicto (Disney Plus +)<\/p>\n<p class=\"paragraph\" id=\"paragraph_14\" style=\"font-weight: 400;\">&#8211; Pedro Casablanc por Querer (Movistar Plus +)<\/p>\n<p class=\"paragraph\" id=\"paragraph_16\" style=\"font-weight: 400;\"><strong>MEJOR ACTRIZ<\/strong><\/p>\n<p class=\"paragraph\" id=\"paragraph_17\" style=\"font-weight: 400;\">&#8211; Anna Castillo por Su Majestad (Prime Video)<\/p>\n<p class=\"paragraph\" id=\"paragraph_18\" style=\"font-weight: 400;\">&#8211; Candela Pe\u00f1a por Furia (HBO Max)<\/p>\n<p class=\"paragraph\" id=\"paragraph_19\" style=\"font-weight: 400;\">&#8211; Carmen Machi por Celeste (Movistar Plus+)<\/p>\n<p class=\"paragraph\" id=\"paragraph_20\" style=\"font-weight: 400;\">&#8211; Nagore Aranburu por Querer (Movistar Plus +)<\/p>\n<p class=\"paragraph\" id=\"paragraph_21\" style=\"font-weight: 400;\">&#8211; Ver\u00f3nica Echegui por A muerte (Apple TV+)<\/p>\n<p class=\"paragraph\" id=\"paragraph_22\" style=\"font-weight: 400;\">&#8211; Ver\u00f3nica S\u00e1nchez por La Favorita 1922 (Telecinco)<\/p>\n<p class=\"paragraph\" id=\"paragraph_24\" style=\"font-weight: 400;\"><strong>MEJOR DIRECCI\u00d3N DE FICCI\u00d3N ANTONIO MERCERO<\/strong><\/p>\n<p class=\"paragraph\" id=\"paragraph_25\" style=\"font-weight: 400;\">&#8211; Alauda Ruiz de Az\u00faa por Querer (Movistar Plus+)<\/p>\n<p class=\"paragraph\" id=\"paragraph_26\" style=\"font-weight: 400;\">&#8211; Elena Trap\u00e9 por Celeste (Movistar Plus+)<\/p>\n<p class=\"paragraph\" id=\"paragraph_27\" style=\"font-weight: 400;\">&#8211; Enrique Urbizu por Cuando nadie nos ve (HBO Max)<\/p>\n<p class=\"paragraph\" id=\"paragraph_28\" style=\"font-weight: 400;\">&#8211; F\u00e9lix Sabroso por Furia (HBO Max)<\/p>\n<p class=\"paragraph\" id=\"paragraph_29\" style=\"font-weight: 400;\">&#8211; Javier Ferreiro por Mariliendre (atresplayer)<\/p>\n<p class=\"paragraph\" id=\"paragraph_30\" style=\"font-weight: 400;\">&#8211; Kike Ma\u00edllo por Dos tumbas (Netflix)<\/p>\n<p class=\"paragraph\" id=\"paragraph_32\" style=\"font-weight: 400;\"><strong>DIRECCI\u00d3N DE PROGRAMAS<\/strong><\/p>\n<p class=\"paragraph\" id=\"paragraph_33\" style=\"font-weight: 400;\">&#8211; Andreu Buenafuente, David Martos y Ver\u00f3nica D\u00edaz por Futuro Imperfecto (La1 de TVE y rtve Play)<\/p>\n<p class=\"paragraph\" id=\"paragraph_34\" style=\"font-weight: 400;\">&#8211; \u00c1ngel Lude\u00f1a y David Linares por Supervivientes (Telecinco)<\/p>\n<p class=\"paragraph\" id=\"paragraph_35\" style=\"font-weight: 400;\">&#8211; Carles Porta por Crims (TV3 y 3Cat)<\/p>\n<p class=\"paragraph\" id=\"paragraph_36\" style=\"font-weight: 400;\">&#8211; Laia Vidal y Tinet Rubira por Tu cara me suena (Antena 3 TV)<\/p>\n<p class=\"paragraph\" id=\"paragraph_37\" style=\"font-weight: 400;\">&#8211; Meritxell Estruch por La isla de las tentaciones (Telecinco)<\/p>\n<p class=\"paragraph\" id=\"paragraph_38\" style=\"font-weight: 400;\">&#8211; Santi Villas, Marc Gir\u00f3 y Rebeca Rodr\u00edguez por Late Xou (La 1 de TVE y rtve Play)<\/p>\n<p class=\"paragraph\" id=\"paragraph_40\" style=\"font-weight: 400;\"><strong>MEJOR FICCI\u00d3N<\/strong><\/p>\n<p class=\"paragraph\" id=\"paragraph_41\" style=\"font-weight: 400;\">&#8211; \u00c1ngela (Antena 3 TV)<\/p>\n<p class=\"paragraph\" id=\"paragraph_42\" style=\"font-weight: 400;\">&#8211; Dos Tumbas (Netflix)<\/p>\n<p class=\"paragraph\" id=\"paragraph_43\" style=\"font-weight: 400;\">&#8211; La Favorita 1922 (Telecinco)<\/p>\n<p class=\"paragraph\" id=\"paragraph_44\" style=\"font-weight: 400;\">&#8211; Querer (Movistar Plus +)<\/p>\n<p class=\"paragraph\" id=\"paragraph_45\" style=\"font-weight: 400;\">&#8211; Su Majestad (Prime Video)<\/p>\n<p class=\"paragraph\" id=\"paragraph_46\" style=\"font-weight: 400;\">&#8211; Yo, adicto (Disney+)<\/p>\n<p class=\"paragraph\" id=\"paragraph_48\" style=\"font-weight: 400;\"><strong>MEJOR GUION DE ENTRETENIMIENTO<\/strong><\/p>\n<p class=\"paragraph\" id=\"paragraph_49\" style=\"font-weight: 400;\">&#8211; Berto Romero, Rafael Barcel\u00f3, J\u00falia Cot, Jordi L\u00f3pez, Mohamed El Boutrouki por El Consultorio de Berto (Movistar Plus +)<\/p>\n<p class=\"paragraph\" id=\"paragraph_50\" style=\"font-weight: 400;\">&#8211; Carlos Otero y \u00c1ngeles Meneses por MasterChef 12+1 (La 1 de TVE y rtve play)<\/p>\n<p class=\"paragraph\" id=\"paragraph_51\" style=\"font-weight: 400;\">&#8211; David Navas y Edu Garc\u00eda Eyo por El Intermedio (laSexta)<\/p>\n<p class=\"paragraph\" id=\"paragraph_52\" style=\"font-weight: 400;\">&#8211; Equipo de guionistas de Supervivientes por Supervivientes (Telecinco)<\/p>\n<p class=\"paragraph\" id=\"paragraph_53\" style=\"font-weight: 400;\">&#8211; Laura Llopis, Fernando Acevedo, Sergio Gonz\u00e1lez, Daniel Fontecha, Cristina Correa, Juan del Val, Mar\u00eda Dab\u00e1n, Alberto Sierra, Juan Ib\u00e1\u00f1ez, Dami\u00e1n Moll\u00e1, Julia Alcocer, Jordi Molt\u00f3, Miguel Garde\u00f1es, Juan Herrera, Antonio Tejerina por El Hormiguero (Antena 3 TV)<\/p>\n<p class=\"paragraph\" id=\"paragraph_54\" style=\"font-weight: 400;\">&#8211; Ram\u00f3n Pardina, Leticia Fer\u00e1ndez, Bea Esos, Rafel Barcel\u00f3, Joan Grau, Javier Rueda, Juanli de Paolis, Ra\u00fal Cimas, Gabriel Garc\u00eda-Soto, Adri Romero y J\u00f9lia Cot por Futuro Imperfecto (La 1 de TVE y rtve play)<\/p>\n<p class=\"paragraph\" id=\"paragraph_56\" style=\"font-weight: 400;\"><strong>MEJOR GUION DE FICCI\u00d3N<\/strong><\/p>\n<p class=\"paragraph\" id=\"paragraph_57\" style=\"font-weight: 400;\">&#8211; Agust\u00edn Mart\u00ednez, Jorge D\u00edaz y Antonio Mercero por Dos Tumbas (Netflix)<\/p>\n<p class=\"paragraph\" id=\"paragraph_58\" style=\"font-weight: 400;\">&#8211; Alauda Ruiz de Az\u00faa, Eduard Sola y J\u00falia de Paz por Querer (Movistar Plus+)<\/p>\n<p class=\"paragraph\" id=\"paragraph_59\" style=\"font-weight: 400;\">&#8211; Borja Cobeaga, Diego San Jos\u00e9 y Jos\u00e9 Antonio P\u00e9rez Ledo por Su Majestad (Prime Video)<\/p>\n<p class=\"paragraph\" id=\"paragraph_60\" style=\"font-weight: 400;\">&#8211; Javier Ferreiro y Paloma Rando por Mariliendre (atresplayer)<\/p>\n<p class=\"paragraph\" id=\"paragraph_61\" style=\"font-weight: 400;\">&#8211; Javier Giner, Jorge Gil, Alba Carballal y Aitor Gabilondo por Yo, adicto (Disney+)<\/p>\n<p class=\"paragraph\" id=\"paragraph_62\" style=\"font-weight: 400;\">&#8211; Pepe Coira y Fran Ara\u00fajo por La canci\u00f3n (Movistar Plus +)<\/p>\n<p class=\"paragraph\" id=\"paragraph_64\" style=\"font-weight: 400;\"><strong>MEJOR INFORMATIVO<\/strong><\/p>\n<p class=\"paragraph\" id=\"paragraph_65\" style=\"font-weight: 400;\">&#8211; Antena 3 Noticias Cobertura de la Dana (Antena 3 TV)<\/p>\n<p class=\"paragraph\" id=\"paragraph_66\" style=\"font-weight: 400;\">&#8211; Apag\u00f3n informativo de RTVE (El segundo informativo m\u00e1s largo de la historia) (La 1 de RTVE, rtve play y Canal 24H)<\/p>\n<p class=\"paragraph\" id=\"paragraph_67\" style=\"font-weight: 400;\">&#8211; Arag\u00f3n Noticias 1 (Arag\u00f3n TV)<\/p>\n<p class=\"paragraph\" id=\"paragraph_68\" style=\"font-weight: 400;\">&#8211; laSexta Noticias Cobertura de la Dana (laSexta)<\/p>\n<p class=\"paragraph\" id=\"paragraph_69\" style=\"font-weight: 400;\">&#8211; Noticias Cuatro Fin de Semana (Cuatro)<\/p>\n<p class=\"paragraph\" id=\"paragraph_70\" style=\"font-weight: 400;\">&#8211; Telenot\u00edcies Vespre (TV3)<\/p>\n<p class=\"paragraph\" id=\"paragraph_72\" style=\"font-weight: 400;\"><strong>MEJOR PRESENTADOR\/A DE INFORMATIVOS<\/strong><\/p>\n<p class=\"paragraph\" id=\"paragraph_73\" style=\"font-weight: 400;\">&#8211; Alba Lago por Noticias Cuatro 14h (Cuatro)<\/p>\n<p class=\"paragraph\" id=\"paragraph_74\" style=\"font-weight: 400;\">&#8211; Alejandra Herranz por Telediario 1\u00aa Edici\u00f3n (La 1 de TVE y rtve play)<\/p>\n<p class=\"paragraph\" id=\"paragraph_75\" style=\"font-weight: 400;\">&#8211; Mar\u00eda Casado por Informativos Telecinco Fin de Semana (Telecinco)<\/p>\n<p class=\"paragraph\" id=\"paragraph_76\" style=\"font-weight: 400;\">&#8211; Rodrigo Bl\u00e1zquez por laSexta Noticias 20h (laSexta)<\/p>\n<p class=\"paragraph\" id=\"paragraph_77\" style=\"font-weight: 400;\">&#8211; Sandra Golpe por Antena 3 Noticias 1 (Antena 3 TV)<\/p>\n<p class=\"paragraph\" id=\"paragraph_78\" style=\"font-weight: 400;\">&#8211; Vicente Vall\u00e9s por Antena 3 Noticias 2 (Antena 3 TV)<\/p>\n<p class=\"paragraph\" id=\"paragraph_80\" style=\"font-weight: 400;\"><strong>MEJOR PRESENTADOR\/A DE PROGRAMAS DE ACTUALIDAD<\/strong><\/p>\n<p class=\"paragraph\" id=\"paragraph_81\" style=\"font-weight: 400;\">&#8211; Adela Gonz\u00e1lez por Ma\u00f1aneros 360 (La 1 de TVE y rtve play)<\/p>\n<p class=\"paragraph\" id=\"paragraph_82\" style=\"font-weight: 400;\">&#8211; Ana Pastor por El objetivo de Ana Pastor (laSexta)<\/p>\n<p class=\"paragraph\" id=\"paragraph_83\" style=\"font-weight: 400;\">&#8211; Ana Terradillos por La Mirada Cr\u00edtica (Telecinco)<\/p>\n<p class=\"paragraph\" id=\"paragraph_84\" style=\"font-weight: 400;\">&#8211; Jos\u00e9 Luis P\u00e9rez por El Cascabel (TRECE)<\/p>\n<p class=\"paragraph\" id=\"paragraph_85\" style=\"font-weight: 400;\">&#8211; Susanna Griso por Espejo P\u00fablico (Antena 3 TV)<\/p>\n<p class=\"paragraph\" id=\"paragraph_86\" style=\"font-weight: 400;\">&#8211; Susana Guasch por<strong> <\/strong>Noche de Champions y Europa Leage (Movistar Plus +)<\/p>\n<p class=\"paragraph\" id=\"paragraph_88\" style=\"font-weight: 400;\"><strong>MEJOR PRESENTADOR\/A DE PROGRAMAS DE ENTRETENIMIENTO<\/strong><\/p>\n<p class=\"paragraph\" id=\"paragraph_89\" style=\"font-weight: 400;\">&#8211; El Gran Wyoming por El Intermedio (laSexta)<\/p>\n<p class=\"paragraph\" id=\"paragraph_90\" style=\"font-weight: 400;\">&#8211; Marc Gir\u00f3 por Late Xou (La 1 de TVE y rtve play)<\/p>\n<p class=\"paragraph\" id=\"paragraph_91\" style=\"font-weight: 400;\">&#8211; Miguel \u00c1ngel Mu\u00f1oz por Pek\u00edn Express. Objetivo Angkor (HBO Max)<\/p>\n<p class=\"paragraph\" id=\"paragraph_92\" style=\"font-weight: 400;\">&#8211; Pablo Motos por El Hormiguero (Antena 3 TV)<\/p>\n<p class=\"paragraph\" id=\"paragraph_93\" style=\"font-weight: 400;\">&#8211; Paula V\u00e1zquez por Bake Off (La 1 de TVE)<\/p>\n<p class=\"paragraph\" id=\"paragraph_94\" style=\"font-weight: 400;\">&#8211; Sandra Barneda por La Isla de las Tentaciones (Telecinco)<\/p>\n<p class=\"paragraph\" id=\"paragraph_96\" style=\"font-weight: 400;\"><strong>MEJOR PRODUCCI\u00d3N DE ENTRETENIMIENTO<\/strong><\/p>\n<p class=\"paragraph\" id=\"paragraph_97\" style=\"font-weight: 400;\">&#8211; Ana Jota Mart\u00edn, Zaida Serrano-Piedecasas y Mar\u00eda Rubio por Pek\u00edn Express: Objetivo Angkor (HBO Max)<\/p>\n<p class=\"paragraph\" id=\"paragraph_98\" style=\"font-weight: 400;\">&#8211; Ana Mar\u00eda Bordas, Antonio Losada, Jos\u00e9 Mar\u00eda Payueta y Ana Ruiz por Eurovisi\u00f3n Junior 2024 (La1, rtve play, YVA, UER)<\/p>\n<p class=\"paragraph\" id=\"paragraph_99\" style=\"font-weight: 400;\">&#8211; \u00c1ngeles Villamar\u00edn y David Barriga por La Isla de las Tentaciones T8 (Telecinco)<\/p>\n<p class=\"paragraph\" id=\"paragraph_100\" style=\"font-weight: 400;\">&#8211; Bruno Pena, Patricia Flores y Jos\u00e9 Luis Mata por The Floor (La 1 de TVE)<\/p>\n<p class=\"paragraph\" id=\"paragraph_101\" style=\"font-weight: 400;\">&#8211; David Cardona, \u00c1ngeles Villamar\u00edn, V\u00edctor Rubio y Manuel V\u00e1zquez Casas por Supervivientes (Telecinco)<\/p>\n<p class=\"paragraph\" id=\"paragraph_102\" style=\"font-weight: 400;\">&#8211; Jorge Salvador y Jorge Ventosa por El Desaf\u00edo (Antena 3 TV)<\/p>\n<p class=\"paragraph\" id=\"paragraph_104\" style=\"font-weight: 400;\"><strong>MEJOR PRODUCCI\u00d3N DE FICCI\u00d3N<\/strong><\/p>\n<p class=\"paragraph\" id=\"paragraph_105\" style=\"font-weight: 400;\">&#8211; Espe Garc\u00eda por Mariliendre (atresplayer)<\/p>\n<p class=\"paragraph\" id=\"paragraph_106\" style=\"font-weight: 400;\">&#8211; Jos\u00e9 Mar\u00eda Irisarri, Gonzalo Sagard\u00eda, Santiago de la Rica, Valentina Pozzoli y Rodrigo Sope\u00f1a por Atasco 2 (Prime Video)<\/p>\n<p class=\"paragraph\" id=\"paragraph_107\" style=\"font-weight: 400;\">&#8211; Laura Fern\u00e1ndez Espeso, Alejandro Fl\u00f3rez, Javier M\u00e9ndez, Borja Cobeaga, Nahikari Ipiales y Carlos Apolinario por Su Majestad (Prime Video)<\/p>\n<p class=\"paragraph\" id=\"paragraph_108\" style=\"font-weight: 400;\">&#8211; Ram\u00f3n Campos y Ghislain Barrois por La Favorita 1922 (Telecinco)<\/p>\n<p class=\"paragraph\" id=\"paragraph_109\" style=\"font-weight: 400;\">&#8211; Sof\u00eda F\u00e1bregas, Aitor Gabilondo, Laura Rubirola Sala, Javier Giner y Javier Pascual por Yo, Adicto (Disney+)<\/p>\n<p class=\"paragraph\" id=\"paragraph_110\" style=\"font-weight: 400;\">&#8211; Susana Herreras, Fran Ara\u00fajo, Juan Moreno y Koldo Zuazua por Querer (Movistar Plus+)<\/p>\n<p class=\"paragraph\" id=\"paragraph_112\" style=\"font-weight: 400;\"><strong>MEJOR PROGRAMA DE ACTUALIDAD<\/strong><\/p>\n<p class=\"paragraph\" id=\"paragraph_113\" style=\"font-weight: 400;\">&#8211; El D\u00eda Despu\u00e9s (Movistar Plus +)<\/p>\n<p class=\"paragraph\" id=\"paragraph_114\" style=\"font-weight: 400;\">&#8211; El Programa de Ana Rosa (Telecinco)<\/p>\n<p class=\"paragraph\" id=\"paragraph_115\" style=\"font-weight: 400;\">&#8211; Espejo P\u00fablico, cobertura incendios en Espa\u00f1a (Antena 3 TV)<\/p>\n<p class=\"paragraph\" id=\"paragraph_116\" style=\"font-weight: 400;\">&#8211; La hora de La 1 (La 1 y Canal 24 Horas)<\/p>\n<p class=\"paragraph\" id=\"paragraph_117\" style=\"font-weight: 400;\">&#8211; laSexta Xplica (laSexta)<\/p>\n<p class=\"paragraph\" id=\"paragraph_118\" style=\"font-weight: 400;\">&#8211; Y ahora Sonsoles (Antena 3 TV)<\/p>\n<p class=\"paragraph\" id=\"paragraph_120\" style=\"font-weight: 400;\"><strong>MEJOR PROGRAMA DE ENTRETENIMIENTO<\/strong><\/p>\n<p class=\"paragraph\" id=\"paragraph_121\" style=\"font-weight: 400;\">&#8211; El Hormiguero (Antena 3 TV)<\/p>\n<p class=\"paragraph\" id=\"paragraph_122\" style=\"font-weight: 400;\">&#8211; First Dates (Cuatro)<\/p>\n<p class=\"paragraph\" id=\"paragraph_123\" style=\"font-weight: 400;\">&#8211; Late Xou (La 1 de TVE y rtve play)<\/p>\n<p class=\"paragraph\" id=\"paragraph_124\" style=\"font-weight: 400;\">&#8211; Supervivientes (Telecinco)<\/p>\n<p class=\"paragraph\" id=\"paragraph_125\" style=\"font-weight: 400;\">&#8211; The Floor (La 1 de TVE) y rtve play)<\/p>\n<p class=\"paragraph\" id=\"paragraph_126\" style=\"font-weight: 400;\">&#8211; Tu cara me suena (Antena 3 TV)<\/p>\n<p class=\"paragraph\" id=\"paragraph_128\" style=\"font-weight: 400;\"><strong> <\/strong><strong>MEJOR PROGRAMA DIVULGATIVO<\/strong><\/p>\n<p class=\"paragraph\" id=\"paragraph_129\" style=\"font-weight: 400;\">&#8211; Aqu\u00ed se hace (Telemadrid)<\/p>\n<p class=\"paragraph\" id=\"paragraph_130\" style=\"font-weight: 400;\">&#8211; Control de fronteras: Espa\u00f1a (DMAX)<\/p>\n<p class=\"paragraph\" id=\"paragraph_131\" style=\"font-weight: 400;\">&#8211; Generaci\u00f3n Click (ETB2, Prime Video, Movistar Plus+ y TVC)<\/p>\n<p class=\"paragraph\" id=\"paragraph_132\" style=\"font-weight: 400;\">&#8211; Las voces de la radio (Movistar Plus+)<\/p>\n<p class=\"paragraph\" id=\"paragraph_133\" style=\"font-weight: 400;\">&#8211; Lo de \u00c9vole (laSexta)<\/p>\n<p class=\"paragraph\" id=\"paragraph_134\" style=\"font-weight: 400;\">&#8211; \u00d3rbita Laika (La 2 de TVE y rtve play)<\/p>\n<p class=\"paragraph\" id=\"paragraph_136\" style=\"font-weight: 400;\"><strong>MEJOR PROGRAMA DOCUMENTAL<\/strong><\/p>\n<p class=\"paragraph\" id=\"paragraph_137\" style=\"font-weight: 400;\">&#8211; Alaska Revelada (Movistar Plus +)<\/p>\n<p class=\"paragraph\" id=\"paragraph_138\" style=\"font-weight: 400;\">&#8211; El incendio del Windsor (Cuatro)<\/p>\n<p class=\"paragraph\" id=\"paragraph_139\" style=\"font-weight: 400;\">&#8211; El loco. Los silencios de Quintero (rtve play)<\/p>\n<p class=\"paragraph\" id=\"paragraph_140\" style=\"font-weight: 400;\">&#8211; Infiltrada en el B\u00fanker (Prime Video)<\/p>\n<p class=\"paragraph\" id=\"paragraph_141\" style=\"font-weight: 400;\">&#8211; La red (laSexta)<\/p>\n<p class=\"paragraph\" id=\"paragraph_142\" style=\"font-weight: 400;\">&#8211; Los Williams (Netflix, Primeran)<\/p>\n<p class=\"paragraph\" id=\"paragraph_144\" style=\"font-weight: 400;\"><strong>MEJOR PROGRAMA INFANTIL<\/strong><\/p>\n<p class=\"paragraph\" id=\"paragraph_145\" style=\"font-weight: 400;\">&#8211; Agus y Lui, churros y Crafts (rtve Clan)<\/p>\n<p class=\"paragraph\" id=\"paragraph_146\" style=\"font-weight: 400;\">&#8211; Equipo Planeta (Castilla La-Mancha Media)<\/p>\n<p class=\"paragraph\" id=\"paragraph_147\" style=\"font-weight: 400;\">&#8211; Irabazi Arte (ETB1)<\/p>\n<p class=\"paragraph\" id=\"paragraph_148\" style=\"font-weight: 400;\">&#8211; Jotalent Zagales (Arag\u00f3n TV)<\/p>\n<p class=\"paragraph\" id=\"paragraph_149\" style=\"font-weight: 400;\">&#8211; La casa de los retos (Boing)<\/p>\n<p class=\"paragraph\" id=\"paragraph_150\" style=\"font-weight: 400;\">&#8211; Tik Tak Factory (SX3, Canal Infantil de TV3)<\/p>\n<p class=\"paragraph\" id=\"paragraph_152\" style=\"font-weight: 400;\"><strong>REALIZACI\u00d3N<\/strong><\/p>\n<p class=\"paragraph\" id=\"paragraph_153\" style=\"font-weight: 400;\">&#8211; David F. Rivas por El Hormiguero (Antena 3 TV)<\/p>\n<p class=\"paragraph\" id=\"paragraph_154\" style=\"font-weight: 400;\">&#8211; Iv\u00e1n Prado y Vicente Pe\u00f1a por La Isla de las Tentaciones (Telecinco)<\/p>\n<p class=\"paragraph\" id=\"paragraph_155\" style=\"font-weight: 400;\">&#8211; Iv\u00e1n Prado, Vicente Pe\u00f1a y Ricardo D\u00edaz por Supervivientes (Telecinco)<\/p>\n<p class=\"paragraph\" id=\"paragraph_156\" style=\"font-weight: 400;\">&#8211; Joana Garc\u00eda y Noelia Esteban por The Floor (La 1 de TVE y rtve play)<\/p>\n<p class=\"paragraph\" id=\"paragraph_157\" style=\"font-weight: 400;\">&#8211; Juan Carlos Carrasco y Luis Cach\u00f3n por Masterchef 12+1 (La 1 de TVE)<\/p>\n<p class=\"paragraph\" id=\"paragraph_158\" style=\"font-weight: 400;\">&#8211; Juan Gregorio Rodr\u00edguez por El Desaf\u00edo (Antena 3 TV)<\/p>\n<p class=\"paragraph\" id=\"paragraph_160\" style=\"font-weight: 400;\"><strong>MEJOR REPORTERO<\/strong><\/p>\n<p class=\"paragraph\" id=\"paragraph_161\" style=\"font-weight: 400;\">&#8211; Alejandra Andrade por Fuera de Cobertura (Cuatro)<\/p>\n<p class=\"paragraph\" id=\"paragraph_162\" style=\"font-weight: 400;\">&#8211; Enrique Obrero por Informativos Telecinco Fin de Semana (Telecinco)<\/p>\n<p class=\"paragraph\" id=\"paragraph_163\" style=\"font-weight: 400;\">&#8211; Ester Bertan por Tot es mou (3 Cat)<\/p>\n<p class=\"paragraph\" id=\"paragraph_164\" style=\"font-weight: 400;\">&#8211; Isma Ju\u00e1rez por El Intermedio (laSexta)<\/p>\n<p class=\"paragraph\" id=\"paragraph_165\" style=\"font-weight: 400;\">&#8211; Jalis de la Serna por Apatrullando (laSexta)<\/p>\n<p class=\"paragraph\" id=\"paragraph_166\" style=\"font-weight: 400;\">&#8211; Marc Camdelacreu por corresponsal Jerusal\u00e9n Telediario (La 1 de TVE, rtve play, Canal 24 Horas)<\/p>\n","protected":false},"excerpt":{"rendered":"La Academia de Televisi\u00f3n y de las Ciencias y Artes del Audiovisual ha anunciado este jueves, 6 de&hellip;\n","protected":false},"author":2,"featured_media":222627,"comment_status":"","ping_status":"","sticky":false,"template":"","format":"standard","meta":{"footnotes":""},"categories":[91],"tags":[1535,5813,146,147,25,24,23,807],"class_list":{"0":"post-222626","1":"post","2":"type-post","3":"status-publish","4":"format-standard","5":"has-post-thumbnail","7":"category-entretenimiento","8":"tag-bluper","9":"tag-el-hormiguero","10":"tag-entertainment","11":"tag-entretenimiento","12":"tag-es","13":"tag-espana","14":"tag-spain","15":"tag-television"},"share_on_mastodon":{"url":"https:\/\/pubeurope.com\/@es\/115505965916345096","error":""},"_links":{"self":[{"href":"https:\/\/www.europesays.com\/es\/wp-json\/wp\/v2\/posts\/222626","targetHints":{"allow":["GET"]}}],"collection":[{"href":"https:\/\/www.europesays.com\/es\/wp-json\/wp\/v2\/posts"}],"about":[{"href":"https:\/\/www.europesays.com\/es\/wp-json\/wp\/v2\/types\/post"}],"author":[{"embeddable":true,"href":"https:\/\/www.europesays.com\/es\/wp-json\/wp\/v2\/users\/2"}],"replies":[{"embeddable":true,"href":"https:\/\/www.europesays.com\/es\/wp-json\/wp\/v2\/comments?post=222626"}],"version-history":[{"count":0,"href":"https:\/\/www.europesays.com\/es\/wp-json\/wp\/v2\/posts\/222626\/revisions"}],"wp:featuredmedia":[{"embeddable":true,"href":"https:\/\/www.europesays.com\/es\/wp-json\/wp\/v2\/media\/222627"}],"wp:attachment":[{"href":"https:\/\/www.europesays.com\/es\/wp-json\/wp\/v2\/media?parent=222626"}],"wp:term":[{"taxonomy":"category","embeddable":true,"href":"https:\/\/www.europesays.com\/es\/wp-json\/wp\/v2\/categories?post=222626"},{"taxonomy":"post_tag","embeddable":true,"href":"https:\/\/www.europesays.com\/es\/wp-json\/wp\/v2\/tags?post=222626"}],"curies":[{"name":"wp","href":"https:\/\/api.w.org\/{rel}","templated":true}]}}