{"id":222654,"date":"2025-11-07T02:30:11","date_gmt":"2025-11-07T02:30:11","guid":{"rendered":"https:\/\/www.europesays.com\/es\/222654\/"},"modified":"2025-11-07T02:30:11","modified_gmt":"2025-11-07T02:30:11","slug":"al-menos-dos-muertos-y-un-herido-en-un-tiroteo-al-oeste-de-miami","status":"publish","type":"post","link":"https:\/\/www.europesays.com\/es\/222654\/","title":{"rendered":"Al menos dos muertos y un herido en un tiroteo al oeste de Miami"},"content":{"rendered":"<p class=\"c-paragraph\">Al menos dos personas han muerto y otra ha resultado herida este jueves en un<b> <a href=\"https:\/\/www.20minutos.es\/tags\/temas\/tiroteos.html\" title=\"Tiroteos\" rel=\"nofollow noopener\" target=\"_blank\">tiroteo <\/a>en la ciudad de Hialeah<\/b>, ubicada al oeste de Miami (<a href=\"https:\/\/www.20minutos.es\/tags\/lugares\/florida.html\" title=\"Florida\" rel=\"nofollow noopener\" target=\"_blank\">Florida<\/a>), han informado fuentes policiales. Las autoridades no han detenido a nadie por el momento.\u00a0<\/p>\n<p class=\"c-paragraph\">El tiroteo, <b>ocurrido en un apartamento <\/b>ubicado en la comunidad de Lago Grande, se ha saldado con la muerte de dos personas, de unos 30 y 60 a\u00f1os. Asimismo, una tercera ha sido hospitalizada, seg\u00fan un portavoz de la Polic\u00eda de la zona que prefiri\u00f3 no ser identificado.\u00a0\u00a0<\/p>\n<p class=\"c-paragraph\">Las pesquisas sugieren que el caso podr\u00eda ser de \u00edndole dom\u00e9stica, seg\u00fan medios estadounidenses. La Polic\u00eda <b>no ha desvelado m\u00e1s detalles<\/b> sobre el suceso, indicando que se encuentra actualmente \u00abbajo investigaci\u00f3n\u00bb.<\/p>\n<p class=\"c-paragraph\">Im\u00e1genes difundidas por medios locales muestran a <b>varios agentes policiales en el aparcamiento de un bloque de apartamentos<\/b> en el que habr\u00eda tenido lugar el tiroteo. En ellas se observa una persona siendo trasladada en camilla al interior de un helic\u00f3ptero de Miami-Dade Rescue.<\/p>\n<p class=\"c-paragraph\">Hialeah es una ciudad del <b>condado de Miami-Dade,<\/b> de m\u00e1s de 223.000 personas, la mayor\u00eda de ellos cubanos. Alrededor de 47.000 personas han muerto por heridas relacionadas con armas de fuego en Estados Unidos, seg\u00fan los \u00faltimos datos disponibles.<\/p>\n<p class=\"c-paragraph\">El estado de Florida aprob\u00f3 el mes pasado el <b>porte de armas en p\u00fablico,<\/b> que permite circular con armas de fuego a la vista.<\/p>\n","protected":false},"excerpt":{"rendered":"Al menos dos personas han muerto y otra ha resultado herida este jueves en un tiroteo en la&hellip;\n","protected":false},"author":2,"featured_media":222655,"comment_status":"","ping_status":"","sticky":false,"template":"","format":"standard","meta":{"footnotes":""},"categories":[42],"tags":[17,18,13,14,11,53,61,62,63,64,19,20,6584,5161,9,10,15,16,6773,12,21,22,65,66,67],"class_list":{"0":"post-222654","1":"post","2":"type-post","3":"status-publish","4":"format-standard","5":"has-post-thumbnail","7":"category-internacional","8":"tag-breaking-news","9":"tag-breakingnews","10":"tag-featured-news","11":"tag-featurednews","12":"tag-headlines","13":"tag-herido","14":"tag-internacional","15":"tag-international","16":"tag-international-news","17":"tag-internationalnews","18":"tag-latest-news","19":"tag-latestnews","20":"tag-miami","21":"tag-muertos","22":"tag-news","23":"tag-noticias","24":"tag-noticias-destacadas","25":"tag-noticiasdestacadas","26":"tag-tiroteo","27":"tag-titulares","28":"tag-ultimas-noticias","29":"tag-ultimasnoticias","30":"tag-world","31":"tag-world-news","32":"tag-worldnews"},"share_on_mastodon":{"url":"https:\/\/pubeurope.com\/@es\/115506067754345680","error":""},"_links":{"self":[{"href":"https:\/\/www.europesays.com\/es\/wp-json\/wp\/v2\/posts\/222654","targetHints":{"allow":["GET"]}}],"collection":[{"href":"https:\/\/www.europesays.com\/es\/wp-json\/wp\/v2\/posts"}],"about":[{"href":"https:\/\/www.europesays.com\/es\/wp-json\/wp\/v2\/types\/post"}],"author":[{"embeddable":true,"href":"https:\/\/www.europesays.com\/es\/wp-json\/wp\/v2\/users\/2"}],"replies":[{"embeddable":true,"href":"https:\/\/www.europesays.com\/es\/wp-json\/wp\/v2\/comments?post=222654"}],"version-history":[{"count":0,"href":"https:\/\/www.europesays.com\/es\/wp-json\/wp\/v2\/posts\/222654\/revisions"}],"wp:featuredmedia":[{"embeddable":true,"href":"https:\/\/www.europesays.com\/es\/wp-json\/wp\/v2\/media\/222655"}],"wp:attachment":[{"href":"https:\/\/www.europesays.com\/es\/wp-json\/wp\/v2\/media?parent=222654"}],"wp:term":[{"taxonomy":"category","embeddable":true,"href":"https:\/\/www.europesays.com\/es\/wp-json\/wp\/v2\/categories?post=222654"},{"taxonomy":"post_tag","embeddable":true,"href":"https:\/\/www.europesays.com\/es\/wp-json\/wp\/v2\/tags?post=222654"}],"curies":[{"name":"wp","href":"https:\/\/api.w.org\/{rel}","templated":true}]}}