{"id":222664,"date":"2025-11-07T02:42:14","date_gmt":"2025-11-07T02:42:14","guid":{"rendered":"https:\/\/www.europesays.com\/es\/222664\/"},"modified":"2025-11-07T02:42:14","modified_gmt":"2025-11-07T02:42:14","slug":"la-vida-desconocida-de-juan-del-val","status":"publish","type":"post","link":"https:\/\/www.europesays.com\/es\/222664\/","title":{"rendered":"la vida desconocida de Juan del Val"},"content":{"rendered":"<p data-start=\"367\" data-end=\"1103\">Esta noche, El Hormiguero recibe a uno de sus tertulianos m\u00e1s carism\u00e1ticos y a la vez pol\u00e9micos: <strong>Juan del Val.<\/strong> Habitual de las tertulias de los jueves junto a su mujer, <strong>Nuria Roca<\/strong>, <strong>Cristina Pardo<\/strong> y<strong> Tamara Falc\u00f3<\/strong>, Del Val regresa al programa presentado por Pablo Motos, pero en esta ocasi\u00f3n como invitado especial para presentar su \u00faltima novela, Vera, una historia de amor, <a href=\"https:\/\/okdiario.com\/look\/actualidad\/exclusiva-romantico-plan-elegido-nuria-roca-juan-del-val-celebrar-premio-planeta-2406236\" rel=\"nofollow noopener\" target=\"_blank\">obra con la que se ha alzado con el prestigioso premio Planeta 2025.<\/a> Con esta novela, Del Val ha conseguido uno de los mayores reconocimientos de la literatura espa\u00f1ola, dotado con un mill\u00f3n de euros, y ha demostrado que su talento trasciende la televisi\u00f3n y la tertulia medi\u00e1tica para consolidarse como uno de los escritores m\u00e1s relevantes de nuestro pa\u00eds.<\/p>\n<p data-start=\"1105\" data-end=\"1686\">Nacido en Madrid el 5 de octubre de 1970, Juan \u00c1ngel del Val es hijo de \u00c1ngeles P\u00e9rez, una mujer comprometida con la reinserci\u00f3n social de la poblaci\u00f3n reclusa, y de Fernando del Val. Creci\u00f3 junto a sus hermanos mayores, Fernando y Mari Nieves, en un entorno donde la empat\u00eda y la rebeld\u00eda conviv\u00edan de manera natural. Su adolescencia, sin embargo, no fue sencilla: <a href=\"https:\/\/okdiario.com\/look\/actualidad\/juan-del-val-confesion-queriamos-escuchar-millon-euros-planeta-2404358\" rel=\"nofollow noopener\" target=\"_blank\">dej\u00f3 los estudios a los 17 a\u00f1os sin terminar el BUP y se puso a trabajar como alba\u00f1il<\/a>, un oficio que desempe\u00f1\u00f3 durante dos a\u00f1os antes de dar un giro inesperado a su vida y dedicarse a la escritura y al periodismo.<\/p>\n<p>\n<img decoding=\"async\" loading=\"lazy\" class=\"size-full wp-image-2404419\" alt=\"Juan del Val en el premio Planeta 2025. (Foto: Gtres)\" width=\"1800\" height=\"1200\"  src=\"https:\/\/www.europesays.com\/es\/wp-content\/uploads\/2025\/10\/placeholder.jpg\"  bad-src=\"https:\/\/www.europesays.com\/es\/wp-content\/uploads\/2025\/10\/placeholder.jpg\"\/><\/p>\n<p><img decoding=\"async\" loading=\"lazy\" class=\"size-full wp-image-2404419\" src=\"https:\/\/www.europesays.com\/es\/wp-content\/uploads\/2025\/11\/u593139_001-1.jpg\" alt=\"Juan del Val en el premio Planeta 2025. (Foto: Gtres)\" width=\"1800\" height=\"1200\"  \/><\/p>\n<p> Juan del Val en el premio Planeta 2025. (Foto: Gtres)\n<\/p>\n<p data-start=\"1688\" data-end=\"2502\">Su pasi\u00f3n por los toros fue la chispa que le acerc\u00f3 al mundo del periodismo. Sin formaci\u00f3n acad\u00e9mica ni experiencia previa, Del Val comenz\u00f3 a enviar cr\u00f3nicas taurinas a distintos peri\u00f3dicos y revistas locales. Con una mezcla de arrojo, osad\u00eda y cierta \u00abmentira piadosa\u00bb, logr\u00f3 que el diario El Independiente le abriera las puertas, marcando el inicio de una carrera que se expandir\u00eda posteriormente a medios como Clar\u00edn, Radio Nacional de Espa\u00f1a, V\u00eda Digital o 6Toros6. Su habilidad para la entrevista y la narrativa le llev\u00f3 despu\u00e9s a colaborar en la revista Man, un punto clave que cambiar\u00eda no solo su carrera profesional, sino tambi\u00e9n su vida personal: <strong>fue all\u00ed donde conoci\u00f3 a Nuria Roca<\/strong>, quien se convertir\u00eda en su esposa y compa\u00f1era inseparable tanto en la vida como en algunos proyectos literarios.<\/p>\n<p data-start=\"2504\" data-end=\"3260\"><a href=\"https:\/\/okdiario.com\/look\/actualidad\/nuria-roca-planta-cara-juan-carlos-i-no-hay-ni-apice-autocritica-2417105\" rel=\"nofollow noopener\" target=\"_blank\">Juan del Val y Nuria Roca se conocieron en 1998, cuando \u00e9l la entrevist\u00f3 para la revista Man.<\/a> La presentadora, en aquel momento, estaba grabando un especial de Nochevieja de TVE. Seg\u00fan ha relatado el propio Del Val, fue amor a primera vista. Tras varios intentos y una demostraci\u00f3n de arrojo memorable -incluso acompa\u00f1\u00e1ndola en taxi para que no perdiera su vuelo-, consiguieron una segunda cita y, dos a\u00f1os m\u00e1s tarde, el 6 de octubre de 2000, <strong>se casaron en una ceremonia sencilla que capt\u00f3 la atenci\u00f3n de buena parte de la prensa<\/strong> del coraz\u00f3n. Desde entonces, la pareja ha formado un s\u00f3lido matrimonio que ha dado lugar a tres hijos: <strong>Juan<\/strong>, <strong>Pau<\/strong> y <strong>Olivia<\/strong>, quienes han crecido bajo la mirada p\u00fablica pero siempre protegidos por la discreci\u00f3n de sus padres.<\/p>\n<blockquote class=\"instagram-media\" style=\"background: #FFF; border: 0; border-radius: 3px; box-shadow: 0 0 1px 0 rgba(0,0,0,0.5),0 1px 10px 0 rgba(0,0,0,0.15); margin: 1px; max-width: 540px; min-width: 326px; padding: 0; width: calc(100% - 2px);\" data-instgrm-captioned=\"\" data-instgrm-permalink=\"https:\/\/www.instagram.com\/p\/DPetV7tjKUi\/?utm_source=ig_embed&amp;utm_campaign=loading\" data-instgrm-version=\"14\">\n<\/blockquote>\n<p data-start=\"3262\" data-end=\"3926\">En lo profesional, Juan del Val ha desarrollado una carrera multifac\u00e9tica. Es escritor, guionista, productor de radio y televisi\u00f3n, y colaborador habitual en programas como El Hormiguero y La Roca. Fundador en 2003 de <strong>La Boleta Producciones S.L.<\/strong>, su empresa dedicada a la gesti\u00f3n cultural y la producci\u00f3n de proyectos televisivos, teatrales y publicitarios, Del Val ha combinado la creatividad con la visi\u00f3n empresarial, consolid\u00e1ndose como un referente en la industria. Su estilo literario es directo, cr\u00edtico y profundamente humano, con un inter\u00e9s particular por explorar las relaciones interpersonales y las emociones que configuran la vida contempor\u00e1nea.<\/p>\n<p data-start=\"3928\" data-end=\"4743\">Su trayectoria como escritor ha sido igualmente destacada. En colaboraci\u00f3n con Nuria Roca, public\u00f3 Para Ana (de tu muerto) y Lo inevitable del amor, mientras que en solitario ha lanzado t\u00edtulos como Parece mentira (2017), Candela (Premio Primavera 2019), Delpara\u00edso (adaptada luego a serie de televisi\u00f3n) y Bocabesada, una mirada ir\u00f3nica y tierna sobre las contradicciones del mundo audiovisual. Sin embargo, <a href=\"https:\/\/okdiario.com\/look\/actualidad\/paloma-sanchez-garnica-gana-premio-planeta-2024-2133449\" rel=\"nofollow noopener\" target=\"_blank\">ha sido Vera, una historia de amor la obra que le ha catapultado al reconocimiento m\u00e1s absoluto<\/a>: la novela narra la historia de Vera, una mujer de mediana edad que decide romper con las convenciones sociales, explorar su libertad y vivir un amor apasionado con un hombre m\u00e1s joven, desatando conflictos con su entorno y con su exmarido, un marqu\u00e9s incapaz de aceptar la p\u00e9rdida del control.<\/p>\n<p>\n<img decoding=\"async\" loading=\"lazy\" class=\"size-full wp-image-2420126\" alt=\"Juan del Val en 'El Hormiguero'. (Foto: Gtres)\" width=\"1800\" height=\"1200\"  src=\"https:\/\/www.europesays.com\/es\/wp-content\/uploads\/2025\/10\/placeholder.jpg\"  bad-src=\"https:\/\/www.europesays.com\/es\/wp-content\/uploads\/2025\/10\/placeholder.jpg\"\/><\/p>\n<p><img decoding=\"async\" loading=\"lazy\" class=\"size-full wp-image-2420126\" src=\"https:\/\/www.europesays.com\/es\/wp-content\/uploads\/2025\/11\/u582976_017-1.jpg\" alt=\"Juan del Val en 'El Hormiguero'. (Foto: Gtres)\" width=\"1800\" height=\"1200\"  \/><\/p>\n<p> Juan del Val en \u2018El Hormiguero\u2019. (Foto: Gtres)\n<\/p>\n<p data-start=\"4745\" data-end=\"5218\">M\u00e1s all\u00e1 de su obra y su trabajo en televisi\u00f3n, Juan del Val se ha mostrado siempre como un hombre aut\u00e9ntico y directo. Sus opiniones en El Hormiguero, a veces pol\u00e9micas, son solo una faceta de su honestidad. Tanto \u00e9l como Nuria Roca han compartido p\u00fablicamente detalles sobre su relaci\u00f3n, reconociendo que mantienen una pareja abierta basada en el respeto y la comprensi\u00f3n mutua, lo que les ha permitido consolidar una relaci\u00f3n longeva y s\u00f3lida durante m\u00e1s de 25 a\u00f1os. La visita de Juan del Val esta noche a El Hormiguero promete ser un momento cargado de cercan\u00eda, humor y emoci\u00f3n. No solo presentar\u00e1 su novela premiada, sino que compartir\u00e1 an\u00e9cdotas sobre su trayectoria, su familia y su visi\u00f3n del mundo, en un encuentro que promete risas, complicidad con Pablo Motos y la habitual reflexi\u00f3n incisiva que caracteriza a este tertuliano que ha sabido ganarse un lugar en el coraz\u00f3n de los espectadores.<\/p>\n<p>\t\t\t\t\t\t\t<script async src=\"\/\/www.instagram.com\/embed.js\"><\/script><\/p>\n","protected":false},"excerpt":{"rendered":"Esta noche, El Hormiguero recibe a uno de sus tertulianos m\u00e1s carism\u00e1ticos y a la vez pol\u00e9micos: Juan&hellip;\n","protected":false},"author":2,"featured_media":222665,"comment_status":"","ping_status":"","sticky":false,"template":"","format":"standard","meta":{"footnotes":""},"categories":[174],"tags":[255,146,147,25,24,256,4260,23],"class_list":{"0":"post-222664","1":"post","2":"type-post","3":"status-publish","4":"format-standard","5":"has-post-thumbnail","7":"category-famosos","8":"tag-celebrities","9":"tag-entertainment","10":"tag-entretenimiento","11":"tag-es","12":"tag-espana","13":"tag-famosos","14":"tag-juan-del-val","15":"tag-spain"},"share_on_mastodon":{"url":"https:\/\/pubeurope.com\/@es\/115506115059861633","error":""},"_links":{"self":[{"href":"https:\/\/www.europesays.com\/es\/wp-json\/wp\/v2\/posts\/222664","targetHints":{"allow":["GET"]}}],"collection":[{"href":"https:\/\/www.europesays.com\/es\/wp-json\/wp\/v2\/posts"}],"about":[{"href":"https:\/\/www.europesays.com\/es\/wp-json\/wp\/v2\/types\/post"}],"author":[{"embeddable":true,"href":"https:\/\/www.europesays.com\/es\/wp-json\/wp\/v2\/users\/2"}],"replies":[{"embeddable":true,"href":"https:\/\/www.europesays.com\/es\/wp-json\/wp\/v2\/comments?post=222664"}],"version-history":[{"count":0,"href":"https:\/\/www.europesays.com\/es\/wp-json\/wp\/v2\/posts\/222664\/revisions"}],"wp:featuredmedia":[{"embeddable":true,"href":"https:\/\/www.europesays.com\/es\/wp-json\/wp\/v2\/media\/222665"}],"wp:attachment":[{"href":"https:\/\/www.europesays.com\/es\/wp-json\/wp\/v2\/media?parent=222664"}],"wp:term":[{"taxonomy":"category","embeddable":true,"href":"https:\/\/www.europesays.com\/es\/wp-json\/wp\/v2\/categories?post=222664"},{"taxonomy":"post_tag","embeddable":true,"href":"https:\/\/www.europesays.com\/es\/wp-json\/wp\/v2\/tags?post=222664"}],"curies":[{"name":"wp","href":"https:\/\/api.w.org\/{rel}","templated":true}]}}