{"id":222674,"date":"2025-11-07T02:50:26","date_gmt":"2025-11-07T02:50:26","guid":{"rendered":"https:\/\/www.europesays.com\/es\/222674\/"},"modified":"2025-11-07T02:50:26","modified_gmt":"2025-11-07T02:50:26","slug":"que-me-llamen-gorda-cuando-tengo-un-cuerpo-muy-normativo-me-parece-fuera-de-lugar","status":"publish","type":"post","link":"https:\/\/www.europesays.com\/es\/222674\/","title":{"rendered":"Que me llamen gorda cuando tengo un cuerpo muy normativo, me parece fuera de lugar"},"content":{"rendered":"<p class=\"c-paragraph\"><a href=\"https:\/\/www.20minutos.es\/tags\/personas\/laura-escanes.html\" title=\"Laura Escanes\" rel=\"nofollow noopener\" target=\"_blank\">Laura Escanes<\/a> acaba de protagonizar la portada digital de\u00a0Women&#8217;s Health, donde ha dado una entrevista repleta de respuestas cargadas de empoderamiento femenino. De hecho, la influencer no tiene problema en \u00abmeterse en alg\u00fan jard\u00edn\u00bb: \u00abVa un poco a temporadas. <b>Cuando siento que estoy preparada para meterme en alg\u00fan jard\u00edn o s\u00e9 que algo va a ser pol\u00e9mico y va a haber alg\u00fan titular\u2026<\/b>\u00ab.<\/p>\n<p class=\"c-paragraph\">\u00ab<b>Que alguien me est\u00e9 llamando gorda cuando tengo un cuerpo s\u00fapernormativo, me parec\u00eda tan fuera de lugar\u2026<\/b>\u00ab, ha explicado indignada Escanes. \u00abCreo que las mujeres estamos muy juzgadas, y m\u00e1s en redes sociales, por el f\u00edsico y por nuestra apariencia. Los hombres no lo viven tant\u00edsimo\u00bb, ha opinado. <b>La catalana cuenta con 2 millones de seguidores Instagram, por lo que conoce el poder de su influencia<\/b>: \u00abTengo la sensaci\u00f3n de que hay tanta responsabilidad por tener seguidores\u00bb.<\/p>\n<p class=\"c-paragraph\">Asegura que sabe que le siguen \u00abmuchas ni\u00f1as\u00bb: \u00ab<b>Cualquier mensaje que pueda lanzar sobre estar sana, entrenar para estar fuerte, y no simplemente para verte m\u00e1s delgada o marcadita<\/b> o para llegar a verano, sino para que cuando tengas 80 a\u00f1os puedas ir a la compra y cargar tus botellas de agua\u00bb.<\/p>\n<p class=\"c-paragraph\"><b>Laura Escanes ha asegurado que \u00ableer los comentarios\u00bb es m\u00e1s duro que \u00abun entrenamiento de fuerza con Crys Dyaz\u00bb<\/b>, su entrenadora: \u00abHay una recompensa: lo bien que te sientes mentalmente, pero leer un comentario de\u00a0hate\u00a0no te da ninguna\u00bb.<\/p>\n<p class=\"c-paragraph\">Adem\u00e1s, tambi\u00e9n ha hecho hincapi\u00e9 en la importancia de ir al psic\u00f3logo: \u00abHe hecho mucha terapia en mi vida. En momentos m\u00e1s complicados, cuando me separ\u00e9 o cuando me mud\u00e9\u2026\u00bb. \u00abHay un punto que dije: &#8216;<b>Me da igual lo que diga la gente que no me conoce y que no est\u00e1 viviendo lo que he tenido que vivir yo<\/b>&#8216;\u00bb, ha sentenciado Escanes.<\/p>\n","protected":false},"excerpt":{"rendered":"Laura Escanes acaba de protagonizar la portada digital de\u00a0Women&#8217;s Health, donde ha dado una entrevista repleta de respuestas&hellip;\n","protected":false},"author":2,"featured_media":222675,"comment_status":"","ping_status":"","sticky":false,"template":"","format":"standard","meta":{"footnotes":""},"categories":[91],"tags":[146,147,25,59092,24,3459,23],"class_list":{"0":"post-222674","1":"post","2":"type-post","3":"status-publish","4":"format-standard","5":"has-post-thumbnail","7":"category-entretenimiento","8":"tag-entertainment","9":"tag-entretenimiento","10":"tag-es","11":"tag-escanes","12":"tag-espana","13":"tag-laura","14":"tag-spain"},"share_on_mastodon":{"url":"https:\/\/pubeurope.com\/@es\/115506146414261846","error":""},"_links":{"self":[{"href":"https:\/\/www.europesays.com\/es\/wp-json\/wp\/v2\/posts\/222674","targetHints":{"allow":["GET"]}}],"collection":[{"href":"https:\/\/www.europesays.com\/es\/wp-json\/wp\/v2\/posts"}],"about":[{"href":"https:\/\/www.europesays.com\/es\/wp-json\/wp\/v2\/types\/post"}],"author":[{"embeddable":true,"href":"https:\/\/www.europesays.com\/es\/wp-json\/wp\/v2\/users\/2"}],"replies":[{"embeddable":true,"href":"https:\/\/www.europesays.com\/es\/wp-json\/wp\/v2\/comments?post=222674"}],"version-history":[{"count":0,"href":"https:\/\/www.europesays.com\/es\/wp-json\/wp\/v2\/posts\/222674\/revisions"}],"wp:featuredmedia":[{"embeddable":true,"href":"https:\/\/www.europesays.com\/es\/wp-json\/wp\/v2\/media\/222675"}],"wp:attachment":[{"href":"https:\/\/www.europesays.com\/es\/wp-json\/wp\/v2\/media?parent=222674"}],"wp:term":[{"taxonomy":"category","embeddable":true,"href":"https:\/\/www.europesays.com\/es\/wp-json\/wp\/v2\/categories?post=222674"},{"taxonomy":"post_tag","embeddable":true,"href":"https:\/\/www.europesays.com\/es\/wp-json\/wp\/v2\/tags?post=222674"}],"curies":[{"name":"wp","href":"https:\/\/api.w.org\/{rel}","templated":true}]}}