{"id":222680,"date":"2025-11-07T02:55:17","date_gmt":"2025-11-07T02:55:17","guid":{"rendered":"https:\/\/www.europesays.com\/es\/222680\/"},"modified":"2025-11-07T02:55:17","modified_gmt":"2025-11-07T02:55:17","slug":"detectada-por-primera-vez-en-el-ultimo-siglo-una-manada-de-lobos-con-cachorros-en-cataluna-noticias-de-cataluna","status":"publish","type":"post","link":"https:\/\/www.europesays.com\/es\/222680\/","title":{"rendered":"Detectada por primera vez en el \u00faltimo siglo una manada de lobos con cachorros en Catalu\u00f1a | Noticias de Catalu\u00f1a"},"content":{"rendered":"<p class=\"\">El Cuerpo de Agentes Rurales (CAR) ha confirmado la presencia de una manada de lobos (Canis lupus), un macho, una hembra y tres cachorros en una amplia zona a caballo entre el Alt Empord\u00e0 y la Alta Garrotxa. Una vez nacidos cachorros, la legislaci\u00f3n marca que ha dejado de ser una especie extinta como reproductora en Catalu\u00f1a, para ser una especie amenazada en peligro de extinci\u00f3n. Este cambio de estatus implica, como prev\u00e9 la normativa europea, la redacci\u00f3n, tramitaci\u00f3n y aprobaci\u00f3n de un plan de recuperaci\u00f3n. Desde el Govern aseguran que <a href=\"https:\/\/elpais.com\/ciencia\/2025-10-02\/el-lobo-feroz-sigue-huyendo-de-los-humanos.html\" target=\"_self\" rel=\"nofollow noopener\" title=\"https:\/\/elpais.com\/ciencia\/2025-10-02\/el-lobo-feroz-sigue-huyendo-de-los-humanos.html\">todas las medidas que se adopten se har\u00e1n de forma coordinada con la Mesa del Lobo<\/a> y los diversos departamentos implicados y destacan que \u201cla reaparici\u00f3n del lobo en Catalu\u00f1a es muy importante no s\u00f3lo para la naturaleza, tambi\u00e9n un indicador de la transformaci\u00f3n del medio natural en las \u00faltimas d\u00e9cadas\u201d. Se trabajar\u00e1 para su coexistencia con el sector ganadero.<\/p>\n<p class=\"\">Los Agentes Rurales, encargados del seguimiento de esta especie, han intensificado el seguimiento y la vigilancia de este grupo para conocer sus h\u00e1bitos y comportamientos, as\u00ed como sus posibles interacciones con las actividades humanas. Este hecho hist\u00f3rico llega despu\u00e9s de d\u00e9cadas de seguimiento por parte de la Generalitat, y justo cuando hace un cuarto de siglo que se detect\u00f3 el regreso de un individuo aislado de lobo \u2014de estirpe italiana y procedente de Francia\u2014 en el Parc del Cad\u00ed-Moixer\u00f3. Aunque los ganaderos ya denunciaban ataques en 1997,<a href=\"https:\/\/elpais.com\/ccaa\/2018\/02\/04\/catalunya\/1517784386_886371.html\" target=\"_self\" rel=\"nofollow noopener\" title=\"https:\/\/elpais.com\/ccaa\/2018\/02\/04\/catalunya\/1517784386_886371.html\"> no fue hasta el a\u00f1o 2000 cuando se confirm\u00f3 la presencia de un ejemplar<\/a>.<\/p>\n<p class=\"\">En paralelo y en el marco de las tareas de seguimiento de esta especie, el Govern ya tiene previsto hacer un seguimiento de la nueva situaci\u00f3n y trabaja en la especializaci\u00f3n de m\u00e1s agentes rurales y el incremento de recursos frente a esta nueva realidad, as\u00ed como en la especializaci\u00f3n de t\u00e9cnicos de los departamentos implicados, Interior, Territorio y Agricultura. Por otra parte, ha intensificado el trabajo directo con las explotaciones ganaderas y, junto con la Universidad Aut\u00f3noma de Barcelona (UAB), <a href=\"https:\/\/elpais.com\/elpais\/2017\/09\/07\/ciencia\/1504773676_192968.html\" target=\"_self\" rel=\"nofollow noopener\" title=\"https:\/\/elpais.com\/elpais\/2017\/09\/07\/ciencia\/1504773676_192968.html\">desarrolla un proyecto para mejorar el apoyo a la ganader\u00eda extensiva<\/a>, tal y como se ha ido trabajando en la Mesa del Lobo donde est\u00e1n los departamentos implicados, los sindicatos agrarios y entidades ecologistas, entre otros.<\/p>\n<p><img decoding=\"auto\" class=\"_re lazyload a_m-h\" height=\"246\"  width=\"414\"  src=\"https:\/\/www.europesays.com\/es\/wp-content\/uploads\/2025\/11\/HX6BD2Q3M5F5RNJ4S5CUM4AXG4.jpg\" loading=\"lazy\"\/><\/p>\n<p class=\"\">Desde el Govern aseguran que llevan tiempo \u201cimpulsando medidas de coexistencia para minimizar los da\u00f1os producidos en la ganader\u00eda por la presencia de individuos de lobo aislados\u201d. El programa de prevenci\u00f3n de da\u00f1os en la ganader\u00eda ya incluye medidas como la cesi\u00f3n de material de prevenci\u00f3n, como pastores el\u00e9ctricos; el fomento de los perros de protecci\u00f3n de reba\u00f1os y se da apoyo econ\u00f3mico a los ganaderos que hagan autoprotecci\u00f3n del reba\u00f1o. El Govern tambi\u00e9n ha aprobado recientemente el Plan de Ganader\u00eda Extensiva, que incluye medidas para garantizar su convivencia con la fauna salvaje y ha actualizado baremos e incorporado el concepto de lucro cesante para compensar los da\u00f1os causados por fauna salvaje protegida en ganader\u00eda y agricultura.<\/p>\n<p class=\"\">Para el Govern la presencia del lobo contribuir\u00e1 al<a href=\"https:\/\/elpais.com\/espana\/catalunya\/2022-09-05\/la-huelga-de-cazadores-agrava-la-amenaza-por-el-exceso-de-jabalies.html\" target=\"_self\" rel=\"nofollow noopener\" title=\"https:\/\/elpais.com\/espana\/catalunya\/2022-09-05\/la-huelga-de-cazadores-agrava-la-amenaza-por-el-exceso-de-jabalies.html\"> control de la poblaci\u00f3n de grandes ungulados, como corzos o jabal\u00eds<\/a>, que causan graves afectaciones en agricultura y ganader\u00eda. La cronolog\u00eda de la llegada del lobo a Catalu\u00f1a, en concreto al Alt Empord\u00e0 (Girona), empez\u00f3 en enero de 2024 cuando los Agentes Rurales vieron un ejemplar. En mayo se consigui\u00f3 identificar gen\u00e9ticamente, se supo que era una hembra y se localiz\u00f3 un segundo animal en la zona que, fotogr\u00e1ficamente, se identific\u00f3 como un macho. Todo el a\u00f1o se localizaron por separado y bastante alejados hasta que en diciembre, por primera vez, unas im\u00e1genes de las c\u00e1maras de seguimiento los grabaron juntos. Se intensific\u00f3 el seguimiento y la vigilancia en la zona, muy amplia y con orograf\u00eda complicada.<\/p>\n<p class=\"\">Este estrecho seguimiento permiti\u00f3 detectar cambios en su comportamiento al acercarse el per\u00edodo reproductor, entrada la primavera. As\u00ed se opt\u00f3 por un seguimiento m\u00e1s quir\u00fargico para no interferir en este per\u00edodo sensible y por esperar para verificar el \u00e9xito reproductor o no de la pareja en oto\u00f1o, cuando los cachorros comienzan a seguir a los adultos por todo el territorio. Los Agentes han podido confirmar la presencia de 3 cachorros.<\/p>\n<p class=\"\">Para los expertos, desde un punto de vista biol\u00f3gico, el retorno del lobo es un proceso natural y l\u00f3gico: \u201cla presencia de presas favorece el retorno del depredador, contribuyendo a recuperar el equilibrio ecol\u00f3gico de los ecosistemas\u201d. Cuando desaparecieron los \u00faltimos ejemplares el escenario era muy distinto al actual, hab\u00eda escasa presencia de ungulados salvajes, no hab\u00eda ciervos, corzos, gamos ni muflones, solo rebecos y cabras salvajes y el jabal\u00ed era mucho menos abundante. Ahora en algunas zonas estas especies provocan serios problemas serios a la agricultura, ganader\u00eda, seguridad vial y act\u00faan como posibles vectores de enfermedades.<\/p>\n","protected":false},"excerpt":{"rendered":"El Cuerpo de Agentes Rurales (CAR) ha confirmado la presencia de una manada de lobos (Canis lupus), un&hellip;\n","protected":false},"author":2,"featured_media":222681,"comment_status":"","ping_status":"","sticky":false,"template":"","format":"standard","meta":{"footnotes":""},"categories":[8],"tags":[2077,59094,8986,17,18,1980,119,25,24,13,14,1949,1487,11,19,20,14913,48798,9,10,15,16,23,12,21,22],"class_list":{"0":"post-222680","1":"post","2":"type-post","3":"status-publish","4":"format-standard","5":"has-post-thumbnail","7":"category-espana","8":"tag-agricultura","9":"tag-animales-salvajes","10":"tag-biodiversidad","11":"tag-breaking-news","12":"tag-breakingnews","13":"tag-cataluna","14":"tag-ciencia","15":"tag-es","16":"tag-espana","17":"tag-featured-news","18":"tag-featurednews","19":"tag-ganaderia","20":"tag-ganado","21":"tag-headlines","22":"tag-latest-news","23":"tag-latestnews","24":"tag-lobos","25":"tag-mamiferos","26":"tag-news","27":"tag-noticias","28":"tag-noticias-destacadas","29":"tag-noticiasdestacadas","30":"tag-spain","31":"tag-titulares","32":"tag-ultimas-noticias","33":"tag-ultimasnoticias"},"share_on_mastodon":{"url":"https:\/\/pubeurope.com\/@es\/115506166318308875","error":""},"_links":{"self":[{"href":"https:\/\/www.europesays.com\/es\/wp-json\/wp\/v2\/posts\/222680","targetHints":{"allow":["GET"]}}],"collection":[{"href":"https:\/\/www.europesays.com\/es\/wp-json\/wp\/v2\/posts"}],"about":[{"href":"https:\/\/www.europesays.com\/es\/wp-json\/wp\/v2\/types\/post"}],"author":[{"embeddable":true,"href":"https:\/\/www.europesays.com\/es\/wp-json\/wp\/v2\/users\/2"}],"replies":[{"embeddable":true,"href":"https:\/\/www.europesays.com\/es\/wp-json\/wp\/v2\/comments?post=222680"}],"version-history":[{"count":0,"href":"https:\/\/www.europesays.com\/es\/wp-json\/wp\/v2\/posts\/222680\/revisions"}],"wp:featuredmedia":[{"embeddable":true,"href":"https:\/\/www.europesays.com\/es\/wp-json\/wp\/v2\/media\/222681"}],"wp:attachment":[{"href":"https:\/\/www.europesays.com\/es\/wp-json\/wp\/v2\/media?parent=222680"}],"wp:term":[{"taxonomy":"category","embeddable":true,"href":"https:\/\/www.europesays.com\/es\/wp-json\/wp\/v2\/categories?post=222680"},{"taxonomy":"post_tag","embeddable":true,"href":"https:\/\/www.europesays.com\/es\/wp-json\/wp\/v2\/tags?post=222680"}],"curies":[{"name":"wp","href":"https:\/\/api.w.org\/{rel}","templated":true}]}}