{"id":222754,"date":"2025-11-07T04:05:08","date_gmt":"2025-11-07T04:05:08","guid":{"rendered":"https:\/\/www.europesays.com\/es\/222754\/"},"modified":"2025-11-07T04:05:08","modified_gmt":"2025-11-07T04:05:08","slug":"el-rey-defiende-en-los-premios-20minutos-el-periodismo-libre-riguroso-y-comprometido-para-velar-por-la-concordia-y-la-democracia","status":"publish","type":"post","link":"https:\/\/www.europesays.com\/es\/222754\/","title":{"rendered":"El rey defiende en los Premios &#8217;20minutos&#8217; el periodismo \u00ablibre, riguroso y comprometido\u00bb para velar por \u00abla concordia y la democracia\u00bb"},"content":{"rendered":"<p class=\"c-paragraph\">El <a href=\"https:\/\/www.20minutos.es\/tags\/personas\/rey-felipe-vi.html\" title=\"Rey Felipe VI\" rel=\"nofollow noopener\" target=\"_blank\">rey Felipe VI<\/a> ha presidido este jueves la gala de entrega de la III edici\u00f3n de los <b>Premios 20minutos<\/b>, un acto celebrado en el Teatro Real en el que el periodismo ha sido el gran protagonista, sobre todo por el principal galard\u00f3n, otorgado a la Asociaci\u00f3n de Periodistas Independientes de Ucrania. En su discurso de clausura del evento, el monarca ha defendido el \u00abperiodismo libre, riguroso, independiente y comprometido con la b\u00fasqueda de la verdad, por la concordia y la democracia\u00bb.<\/p>\n<p class=\"c-paragraph\">La gala, conducida por la periodista M\u00f3nica Mart\u00ednez, ha premiado a los periodistas ucranianos, que han estado representados por su presidenta Oksana Brovko; a <b>Manel del Castillo, director gerente del Hospital San Joan de D\u00e9u, que ha recibido el Premio Acci\u00f3n Social por el proyecto \u00daNICAS<\/b> de apoyo y visibilidad a las enfermedades raras; y a <b>Valencia<\/b>, a la que se ha otorgado el Premio Ciudad 2025.<\/p>\n<p class=\"c-paragraph\">Felipe VI, que ha entregado el Premio 20minutos, ha felicitdo al peri\u00f3dico por sus 25 a\u00f1os de historia en los que ha demostrado su \u00abs\u00f3lida trayectoria\u00bb y su esfuerzo por hacer \u00abun periodismo cercano\u00bb. Tambi\u00e9n ha ensalzado la \u00abidea pionera\u00bb de hacer un peri\u00f3dico gratuito, el primero en Espa\u00f1a, que <b>\u00abtransform\u00f3 la manera de informar\u00bb y que se convirti\u00f3 en \u00abparte del paisaje urbano\u00bb<\/b>. Y desde entonces, 20minutos sigue \u00abfiel a su compromiso de llegar al mayor n\u00famero de lectores posible\u00bb.<\/p>\n<p class=\"c-paragraph\">Tal y como ha afirmado el monarca, \u00abcada ma\u00f1ana miles de lectores encuentran en las p\u00e1ginas\u00bb de 20minutos una forma \u00e1gil y accesible de entender el d\u00eda que empiezan. Para el ciudadano que no tiene mucho tiempo para ello, el peri\u00f3dico les ofrece la \u00aboportunidad\u00bb de recibir informaci\u00f3n \u00abrigurosa\u00bb.\u00a0<b>\u00abEl periodismo, cuando se hace con vocaci\u00f3n, es esencial para entender el mundo en que vivimos\u00bb<\/b>, ha destacado.<\/p>\n<p class=\"c-paragraph\">Para Felipe VI, en la gala de este jueves \u00abno solo se celebra un aniversario, sino un <b>ejemplo de compromiso, innovaci\u00f3n y servicio a la sociedad<\/b>\u00ab, por lo que ha felicitado a 20minutos por \u00abtodos estos a\u00f1os de informaci\u00f3n libre, cercana y al alcance de todos\u00bb, por un \u00abperiodismo libre, riguroso, independiente y comprometido con la b\u00fasqueda de la verdad, por la concordia y la democracia\u00bb.<\/p>\n<p class=\"c-paragraph\">El evento, patrocinado por Banco Santander, Caixabank, Telef\u00f3nica, Aena, Veolia, Moeve, Indra, Philip Morris, Iberdrola, W2M y la Universidad CEU San Pablo ha comenzado a las 18.00 horas con la actuaci\u00f3n de la actriz y pianista madrile\u00f1a Esther Toledano, que ha interpretado al piano una versi\u00f3n de la canci\u00f3n <b>&#8216;Entre dos tierras&#8217;, del m\u00edtico grupo zaragozano H\u00e9roes del Silencio<\/b>.<\/p>\n<p class=\"c-paragraph\">Tras la entrega de los galardones Acci\u00f3n Social y Ciudad 2025, ha llegado el turno del Premio 20minutos. En nombre de la Asociaci\u00f3n de Periodistas Independientes de Ucrania, Oksana Brovko ha defendido la labor de los <b>informadores en mitad de la guerra, que luchan \u00abpor el derecho a la verdad\u00bb<\/b>. En un discurso muy emotivo, y tras agradecer la solidaridad de Espa\u00f1a con Ucrania, ha proclamado que \u00abla libertad de expresi\u00f3n no es un derecho abstracto\u00bb, sino que \u00abes valent\u00eda y la decisi\u00f3n de hablar, incluso cuando nadie quiere escucharte\u00bb.<\/p>\n<p class=\"c-paragraph\">A este evento anual de 20minutos han asistido numerosas personalidades, entre ellas el presidente del Senado, <a href=\"https:\/\/www.20minutos.es\/tags\/personas\/pedro-rollan.html\" title=\"Pedro Roll\u00e1n\" rel=\"nofollow noopener\" target=\"_blank\">Pedro Roll\u00e1n<\/a>; los ministros de Educaci\u00f3n e Interior, <a href=\"https:\/\/www.20minutos.es\/tags\/personas\/pilar-alegria.html\" title=\"Pilar Alegr\u00eda\" rel=\"nofollow noopener\" target=\"_blank\">Pilar Alegr\u00eda<\/a> y <a href=\"https:\/\/www.20minutos.es\/tags\/personas\/fernando-grande-marlaska.html\" title=\"Fernando Grande-Marlaska\" rel=\"nofollow noopener\" target=\"_blank\">Fernando Grande-Marlaska<\/a>, respectivamente; el jefe de la Casa del Rey, Camilo Villarino; el l\u00edder del PP, <a href=\"https:\/\/www.20minutos.es\/tags\/personas\/alberto-nunez-feijoo.html\" title=\"Alberto N\u00fa\u00f1ez Feij\u00f3o\" rel=\"nofollow noopener\" target=\"_blank\">Alberto N\u00fa\u00f1ez Feij\u00f3o<\/a>; la l\u00edder de Podemos, Ione Belarra; el consejero de Presidencia, Justicia y Administraci\u00f3n Local de la Comunidad de Madrid, Miguel \u00c1ngel Garc\u00eda; la vicealcaldesa de Madrid, Inmaculada Sanz; la alcaldesa de Valencia, <a href=\"https:\/\/www.20minutos.es\/tags\/personas\/maria-jose-catala.html\" title=\"Mar\u00eda Jos\u00e9 Catal\u00e1\" rel=\"nofollow noopener\" target=\"_blank\">Mar\u00eda Jos\u00e9 Catal\u00e1<\/a>; la regidora de Zaragoza, Natalia Chueca; y la presidenta de las Cortes de Arag\u00f3n, Marta Fern\u00e1ndez.<\/p>\n<p class=\"c-paragraph\">A todos ellos ha dado la bienvenida el director de 20minutos, Jes\u00fas Morales, quien ha resaltado la vocaci\u00f3n de \u00abinformar a los lectores de forma imparcial y cercana\u00bb que tiene el diario y ha manifestado que su intenci\u00f3n es que este sea \u00abel <b>reflejo de esa Espa\u00f1a diversa y unida en la que caben todos<\/b>\u00ab.<\/p>\n<p class=\"c-paragraph\">Morales ha celebrado los logros de los tres galardonados en la III edici\u00f3n de los Premios 20minutos, a los que ha calificado como \u00abgrandes referentes sociales\u00bb. \u00abCada uno en su faceta, <b>han estado al lado de la gente<\/b>\u00ab, ha expresado, objetivo que, dice, comparten con el peri\u00f3dico.<\/p>\n<p class=\"c-paragraph\">El director del peri\u00f3dico ha protagonizado adem\u00e1s una de las grandes an\u00e9cdotas del evento, cuando en su discurso mostr\u00f3 <b>un aut\u00f3grafo que le pidi\u00f3 a Felipe VI cuando apenas ten\u00eda 10 a\u00f1os<\/b> y que guarda a buen recaudo desde entonces. El rey recibi\u00f3 la historia divertido y agradeci\u00f3 a Morales el \u00abdetalle\u00bb de haber compartido este recuerdo con \u00e9l y el resto de asistentes a los galardones. \u00abReconozco mi letra y mi firma de entonces\u00bb, ha dicho el monarca al ver la r\u00fabrica.<\/p>\n<p class=\"c-paragraph\">En la reivindicaci\u00f3n del periodismo de 20minutos tambi\u00e9n ha participado el presidente de Henneo, Fernando de Yarza, quien ha defendido la labor \u00abtransversal\u00bb del diario como \u00abel camino necesario para lograr una sana convivencia\u00bb.\u00a0\u00ab<b>Ser transversal, como ser independiente, no es lo mismo que ser equidistante<\/b>. Ni tampoco neutral\u00bb, ha afirmado De Yarza, quien ha querido dejar claro que el grupo que dirige no es neutral \u00abcuando se agrede la Constituci\u00f3n ni ante los intentos de descr\u00e9dito de nuestro sistema pol\u00edtico ni cuando se ataca a la esencial e indispensable divisi\u00f3n de poderes del Estado o se pone en peligro la justicia social\u00bb.<\/p>\n","protected":false},"excerpt":{"rendered":"El rey Felipe VI ha presidido este jueves la gala de entrega de la III edici\u00f3n de los&hellip;\n","protected":false},"author":2,"featured_media":222755,"comment_status":"","ping_status":"","sticky":false,"template":"","format":"standard","meta":{"footnotes":""},"categories":[5],"tags":[49380,17,18,5443,25,24,13,14,11,19,20,4417,9,10,15,16,532,5330,23,12,21,22],"class_list":{"0":"post-222754","1":"post","2":"type-post","3":"status-publish","4":"format-standard","5":"has-post-thumbnail","7":"category-titulares","8":"tag-20minutos","9":"tag-breaking-news","10":"tag-breakingnews","11":"tag-defiende","12":"tag-es","13":"tag-espana","14":"tag-featured-news","15":"tag-featurednews","16":"tag-headlines","17":"tag-latest-news","18":"tag-latestnews","19":"tag-los","20":"tag-news","21":"tag-noticias","22":"tag-noticias-destacadas","23":"tag-noticiasdestacadas","24":"tag-premios","25":"tag-rey","26":"tag-spain","27":"tag-titulares","28":"tag-ultimas-noticias","29":"tag-ultimasnoticias"},"share_on_mastodon":{"url":"https:\/\/pubeurope.com\/@es\/115506441282370772","error":""},"_links":{"self":[{"href":"https:\/\/www.europesays.com\/es\/wp-json\/wp\/v2\/posts\/222754","targetHints":{"allow":["GET"]}}],"collection":[{"href":"https:\/\/www.europesays.com\/es\/wp-json\/wp\/v2\/posts"}],"about":[{"href":"https:\/\/www.europesays.com\/es\/wp-json\/wp\/v2\/types\/post"}],"author":[{"embeddable":true,"href":"https:\/\/www.europesays.com\/es\/wp-json\/wp\/v2\/users\/2"}],"replies":[{"embeddable":true,"href":"https:\/\/www.europesays.com\/es\/wp-json\/wp\/v2\/comments?post=222754"}],"version-history":[{"count":0,"href":"https:\/\/www.europesays.com\/es\/wp-json\/wp\/v2\/posts\/222754\/revisions"}],"wp:featuredmedia":[{"embeddable":true,"href":"https:\/\/www.europesays.com\/es\/wp-json\/wp\/v2\/media\/222755"}],"wp:attachment":[{"href":"https:\/\/www.europesays.com\/es\/wp-json\/wp\/v2\/media?parent=222754"}],"wp:term":[{"taxonomy":"category","embeddable":true,"href":"https:\/\/www.europesays.com\/es\/wp-json\/wp\/v2\/categories?post=222754"},{"taxonomy":"post_tag","embeddable":true,"href":"https:\/\/www.europesays.com\/es\/wp-json\/wp\/v2\/tags?post=222754"}],"curies":[{"name":"wp","href":"https:\/\/api.w.org\/{rel}","templated":true}]}}