{"id":222810,"date":"2025-11-07T05:04:09","date_gmt":"2025-11-07T05:04:09","guid":{"rendered":"https:\/\/www.europesays.com\/es\/222810\/"},"modified":"2025-11-07T05:04:09","modified_gmt":"2025-11-07T05:04:09","slug":"lista-completa-de-los-concursantes-de-gh-20-con-los-oficiales-y-los-secretos","status":"publish","type":"post","link":"https:\/\/www.europesays.com\/es\/222810\/","title":{"rendered":"Lista completa de los concursantes de &#8216;GH 20&#8217;, con los oficiales y los secretos"},"content":{"rendered":"<p class=\"article-text\">\n        <strong>Gran Hermano 20<\/strong> cerr\u00f3 su fase de casting durante su gala de estreno, este jueves 6 de noviembre. <strong>Jorge Javier V\u00e1zquez<\/strong> arranc\u00f3 el programa desde dentro de la nueva casa y present\u00f3 a las dos primeras concursantes que entraron por su puerta: Roc\u00edo y Desir\u00e9e, con una trama entre amigas.\n    <\/p>\n<p>    <a href=\"https:\/\/www.eldiario.es\/vertele\/noticias\/nueva-casa-gh-20-14-espacios-distintos-puertas-misteriosas-entrar-salir_1_12748488.html\" data-mrf-recirculation=\"saber-mas\" data-dl-event=\"saber-mas\" rel=\"nofollow noopener\" target=\"_blank\"><\/p>\n<p class=\"know-more__title\">As\u00ed es la nueva casa de &#8216;GH 20&#8217;: de sus 14 espacios distintos, a las puertas misteriosas para entrar y salir<\/p>\n<p>            <img decoding=\"async\" class=\"lazy\" loading=\"lazy\" data-src=\"https:\/\/static.eldiario.es\/clip\/ba5c8fa1-2199-47e0-9aca-08ac62087a2a_16-9-aspect-ratio_default_0.jpg\" src=\"data:image\/svg+xml,%3Csvg xmlns=\" http:=\"\" viewbox=\"0 0 880 495\" alt=\"As\u00ed es la nueva casa de 'GH 20': de sus 14 espacios distintos, a las puertas misteriosas para entrar y salir\"\/><\/p>\n<p>                        <\/a><\/p>\n<p class=\"article-text\">\n        Tambi\u00e9n <strong>Nagore Robles<\/strong> se encarg\u00f3 de ir anunciando al resto de escogidos de<strong> GH 20<\/strong> desde la feria que montaron en el exterior de <strong>Mediaset<\/strong>: una baj\u00f3 de la Noria, de otra apareci\u00f3 su n\u00famero en el cuerpo de Vanessa Bouza, y as\u00ed sucesivamente.\n    <\/p>\n<p class=\"article-text\">\n        Mientras algunos otros entraron directamente al que ser\u00e1 su nuevo hogar &#8211; como <a href=\"https:\/\/www.eldiario.es\/vertele\/noticias\/telecinco-presenta-gh-20-primer-concursante-oficial-foco-nueva-casa-explicacion-sobera_1_12727657.html\" target=\"_blank\" data-mrf-recirculation=\"links-noticia\" class=\"link\" rel=\"nofollow noopener\">Mamadou que hab\u00eda presentado<\/a> en la rueda de prensa- con las presentaciones de v\u00eddeo habituales, y algunas tramas conectadas en plat\u00f3.\n    <\/p>\n<p class=\"article-text\">\n        Todos ellos tienen edades comprendidas <strong>entre los 20 y los 50 a\u00f1os,<\/strong> se\u00f1alaron su procedencia, sus gustos y profesiones que detallamos a continuaci\u00f3n:\n    <\/p>\n<p>    Desir\u00e9e, 31 a\u00f1os, Jerez de la Frontera<\/p>\n<p class=\"article-text\">\n        Tiene una peluquer\u00eda y entr\u00f3 al reality con su amiga Roc\u00edo. En la casa tuvieron que elegir cu\u00e1l de las dos se quedaba y la otra abandonaba la experiencia y ella acept\u00f3 (entre l\u00e1grimas) que su amiga se marchara.\n    <\/p>\n<blockquote class=\"twitter-tweet\" data-lang=\"es\"><p><a href=\"https:\/\/twitter.com\/X\/status\/1986545123270738355?ref_src=twsrc%5Etfw\" rel=\"nofollow noopener\" target=\"_blank\"><\/p><\/blockquote>\n<p>    Aroa, 22 a\u00f1os, M\u00e1laga<\/p>\n<p class=\"article-text\">\n        Aroa es asesora comercial. Fue madre con 15 a\u00f1os, algo que describi\u00f3 como \u201cmuy duro\u201d, y quiere mucho a su abuela. Asegura que donde va no pasa desapercibida y que entra al programa abierta al amor.\n    <\/p>\n<blockquote class=\"twitter-tweet\" data-lang=\"es\"><p><a href=\"https:\/\/twitter.com\/X\/status\/1986542864717811715?ref_src=twsrc%5Etfw\" rel=\"nofollow noopener\" target=\"_blank\"><\/p><\/blockquote>\n<p>    Jonay, 32 a\u00f1os, Las Palmas de Gran Canaria<\/p>\n<p class=\"article-text\">\n        Es un gran amante de los animales y est\u00e1 construyendo una finca para poder vivir con sus cuatro perros y sus dos guacamayos. Trabaja como jefe de sala en un bingo, le gusta el kick boxing y todos los deportes de lucha.\n    <\/p>\n<blockquote class=\"twitter-tweet\" data-lang=\"es\"><p><a href=\"https:\/\/twitter.com\/X\/status\/1986543372849586352?ref_src=twsrc%5Etfw\" rel=\"nofollow noopener\" target=\"_blank\"><\/p><\/blockquote>\n<p>    Bel\u00e9n, 41 a\u00f1os, Vigo, <\/p>\n<p class=\"article-text\">\n        Tiene una tienda de ropa online, es modelo curvy y muy de energ\u00edas. Se present\u00f3 a la edici\u00f3n de Nagore aunque no la escogieron. Ahora est\u00e1 enamorada de un gallego, aunque viven en Barcelona.\n    <\/p>\n<blockquote class=\"twitter-tweet\" data-lang=\"es\"><p><a href=\"https:\/\/twitter.com\/X\/status\/1986549533820522767?ref_src=twsrc%5Etfw\" rel=\"nofollow noopener\" target=\"_blank\"><\/p><\/blockquote>\n<p>    Diego, 34 a\u00f1os, Madrid<\/p>\n<p class=\"article-text\">\n        Es militar, le gusta bailar bachata y ama a los caballos desde peque\u00f1o. Va a divertirse, conocerse a \u00e9l mismo y conquistar a los compa\u00f1eros para llevarse el malet\u00edn. A todos, excepto a su hermano Marcos, al que el programa escogi\u00f3 tambi\u00e9n como concursante, pero una pelea familiar hizo que prefiriera no entrar si estaba Diego.\n    <\/p>\n<blockquote class=\"twitter-tweet\" data-lang=\"es\"><p><a href=\"https:\/\/twitter.com\/X\/status\/1986553571203076594?ref_src=twsrc%5Etfw\" rel=\"nofollow noopener\" target=\"_blank\"><\/p><\/blockquote>\n<p>    Paula, 27 a\u00f1os, Crevillente<\/p>\n<p class=\"article-text\">\n        La joven tiene profundas creencias religiosas, por eso se re\u00fane en la parroquia con sus amigos y su novio. Su vocaci\u00f3n es el matrimonio, pero hasta entonces no tendr\u00e1 sexo.\n    <\/p>\n<blockquote class=\"twitter-tweet\" data-lang=\"es\"><p><a href=\"https:\/\/twitter.com\/X\/status\/1986563035331190880?ref_src=twsrc%5Etfw\" rel=\"nofollow noopener\" target=\"_blank\"><\/p><\/blockquote>\n<p>    Aquilino, 31 a\u00f1os, Alicante<\/p>\n<p class=\"article-text\">\n        Orgulloso gitano asegura que es todo pasi\u00f3n, fe y drama. Fan del reality desde siempre, dice que \u201cGH me ha ense\u00f1ado a apreciar la diversidad y la autenticidad de las personas\u201d.\n    <\/p>\n<blockquote class=\"twitter-tweet\" data-lang=\"es\"><p><a href=\"https:\/\/twitter.com\/X\/status\/1986566411918143745?ref_src=twsrc%5Etfw\" rel=\"nofollow noopener\" target=\"_blank\"><\/p><\/blockquote>\n<p>    Lorena, 23 a\u00f1os, Ciudad Real<\/p>\n<p class=\"article-text\">\n        Estudia dise\u00f1o de moda, es fiestera, se siente identificada con Angelina Jolie y tambi\u00e9n es muy de energ\u00edas. Asegura que liga much\u00edsimo, pero es muy exquisita.\n    <\/p>\n<blockquote class=\"twitter-tweet\" data-lang=\"es\"><p><a href=\"https:\/\/twitter.com\/X\/status\/1986572309348446634?ref_src=twsrc%5Etfw\" rel=\"nofollow noopener\" target=\"_blank\"><\/p><\/blockquote>\n<p>    Mamadou, 22 a\u00f1os, Granollers<\/p>\n<p class=\"article-text\">\n        Estudia administraci\u00f3n y finanzas, trabaja en atenci\u00f3n al cliente en Renfe y su sue\u00f1o es ser modelo. Se define como simp\u00e1tico, alegre y muy ordenado.\n    <\/p>\n<blockquote class=\"twitter-tweet\" data-lang=\"es\"><p><a href=\"https:\/\/twitter.com\/X\/status\/1986573755821531502?ref_src=twsrc%5Etfw\" rel=\"nofollow noopener\" target=\"_blank\"><\/p><\/blockquote>\n<p>    Ra\u00fal, 30 a\u00f1os, Soria<\/p>\n<p class=\"article-text\">\n        Tiene su propia discoteca y es jugador profesional del p\u00f3ker, por lo que asegura que su \u201cmayor estrategia la va a usar en GH para llevarse el malet\u00edn\u201d. Es muy ambicioso y se define como \u201cel puto amo\u201d.\n    <\/p>\n<blockquote class=\"twitter-tweet\" data-lang=\"es\"><p><a href=\"https:\/\/twitter.com\/X\/status\/1986577712232694129?ref_src=twsrc%5Etfw\" rel=\"nofollow noopener\" target=\"_blank\"><\/p><\/blockquote>\n<p>    Almudena, 37 a\u00f1os<\/p>\n<p class=\"article-text\">\n        Oposita para Guardia civil. Dice que tiene pocas amigas pocas porque se lleva mejor con los chicos. Ten\u00eda novio hasta que le cont\u00f3 que entraba al reality y la dej\u00f3.\n    <\/p>\n<blockquote class=\"twitter-tweet\" data-lang=\"es\"><p><a href=\"https:\/\/twitter.com\/X\/status\/1986579100866162767?ref_src=twsrc%5Etfw\" rel=\"nofollow noopener\" target=\"_blank\"><\/p><\/blockquote>\n<p>    Sof\u00eda<\/p>\n<p class=\"article-text\">\n        Se present\u00f3 con su novia, pero solo la escogieron a ella&#8230; o eso cre\u00eda hasta que en plat\u00f3 informaron a la novia de que tambi\u00e9n entraba. Ambas se definen como posesivas y celosas.\n    <\/p>\n<blockquote class=\"twitter-tweet\" data-lang=\"es\"><p><a href=\"https:\/\/twitter.com\/X\/status\/1986581840505733306?ref_src=twsrc%5Etfw\" rel=\"nofollow noopener\" target=\"_blank\"><\/p><\/blockquote>\n<p>    Patricia, 34 a\u00f1os,<\/p>\n<p class=\"article-text\">\n        Trabajo en una firma de lujo, tiene dos hijos y lamenta estar \u201cencasillada en el rol de madre\u201d. Llega con muchas ganas de demostrar que es m\u00e1s que eso. Lleva 10 a\u00f1os casada, es alocada y curiosa por la bisexualidad,\n    <\/p>\n<blockquote class=\"twitter-tweet\" data-lang=\"es\"><p><a href=\"https:\/\/twitter.com\/X\/status\/1986583446060138804?ref_src=twsrc%5Etfw\" rel=\"nofollow noopener\" target=\"_blank\"><\/p><\/blockquote>\n<p>    Jose Manuel, 24 a\u00f1os, Sevilla<\/p>\n<p class=\"article-text\">\n        Es M\u00edster Sevilla y entra soltero al reality, pero con el coraz\u00f3n abierto. Asegura tener el car\u00e1cter fuerte y que si le buscan, le encuentran.\n    <\/p>\n<blockquote class=\"twitter-tweet\" data-lang=\"es\"><p><a href=\"https:\/\/twitter.com\/X\/status\/1986587069607551046?ref_src=twsrc%5Etfw\" rel=\"nofollow noopener\" target=\"_blank\"><\/p><\/blockquote>\n<p>    Edurne, 28 a\u00f1os, Barcelona<\/p>\n<p class=\"article-text\">\n        Trabaja como coordinadora en tienda de ropa. Se define como la persona m\u00e1s divertida del mundo. As\u00ed como tambi\u00e9n advierte de que es muy limpia y ordenada.\n    <\/p>\n<blockquote class=\"twitter-tweet\" data-lang=\"es\"><p><a href=\"https:\/\/twitter.com\/X\/status\/1986588480017989989?ref_src=twsrc%5Etfw\" rel=\"nofollow noopener\" target=\"_blank\"><\/p><\/blockquote>\n<p>    I\u00f1igo, 32 a\u00f1os, Vitoria<\/p>\n<p class=\"article-text\">\n        Es ingeniero, natural y honesto. Tambi\u00e9n amante de los perros y entra abierto al amor. Tanto que en el casting se fij\u00f3 en Edurne.\n    <\/p>\n<blockquote class=\"twitter-tweet\" data-lang=\"es\"><p><a href=\"https:\/\/twitter.com\/X\/status\/1986589173944336491?ref_src=twsrc%5Etfw\" rel=\"nofollow noopener\" target=\"_blank\"><\/p><\/blockquote>\n<p>    Joon, 32 a\u00f1os las Palmas<\/p>\n<p class=\"article-text\">\n        Espa\u00f1ol de familia coreana, estudi\u00f3 canto, hace karate,\n    <\/p>\n<blockquote class=\"twitter-tweet\" data-lang=\"es\"><p><a href=\"https:\/\/twitter.com\/X\/status\/1986592031615885714?ref_src=twsrc%5Etfw\" rel=\"nofollow noopener\" target=\"_blank\"><\/p><\/blockquote>\n<p class=\"article-text\">\n        Y los 3 concursantes secretos estuvieron a punto de entrar, pero por alguna raz\u00f3n se quedaron fuera. Hasta que les desvelaron que convivir\u00edan en el oasis:\n    <\/p>\n<p>    Cristian, 34 a\u00f1os, Madrid<\/p>\n<p class=\"article-text\">\n        Feriante, se arruin\u00f3 en el Covid, tiene una hija y le fue infiel a la madre. Era uno de los finalistas de Uno de GH 20, solo que la audiencia vot\u00f3 que entrara Joon y \u00e9l se qued\u00f3 a las puertas&#8230; o m\u00e1s bien en el Oasis.\n    <\/p>\n<blockquote class=\"twitter-tweet\" data-lang=\"es\"><p><a href=\"https:\/\/twitter.com\/X\/status\/1986593672423477684?ref_src=twsrc%5Etfw\" rel=\"nofollow noopener\" target=\"_blank\"><\/p><\/blockquote>\n<p>    Noah<\/p>\n<p class=\"article-text\">\n        Es la novia de Sof\u00eda, que dec\u00eda estar \u201corgullosa\u201d de ver a su novia entrar a la casa. Hasta que le dijeron que tambi\u00e9n ella era concursante y lo celebr\u00f3. Aunque se qued\u00f3 en el Oasis con Cristian y Roc\u00edo.\n    <\/p>\n<p>    <a href=\"https:\/\/www.eldiario.es\/vertele\/noticias\/piqueras-desvela-recado-vasile-inicios-telecinco-propicia-vuelta-puntual-franganillo-rtve_1_12746077.html\" data-mrf-recirculation=\"saber-mas-abajo\" data-dl-event=\"saber-mas-abajo\" rel=\"nofollow noopener\" target=\"_blank\"><\/p>\n<p class=\"know-more__title\">Piqueras desvela el &#8216;recado&#8217; de Vasile en sus inicios en Telecinco y propicia la vuelta puntual de Franganillo a RTVE<\/p>\n<p>            <img decoding=\"async\" class=\"lazy\" loading=\"lazy\" data-src=\"https:\/\/static.eldiario.es\/clip\/be19e22d-63d2-44fb-bc8f-4b3b94e37b26_16-9-aspect-ratio_default_0.jpg\" src=\"data:image\/svg+xml,%3Csvg xmlns=\" http:=\"\" viewbox=\"0 0 880 495\" alt=\"Piqueras desvela el 'recado' de Vasile en sus inicios en Telecinco y propicia la vuelta puntual de Franganillo a RTVE\"\/><\/p>\n<p>                        <\/a><\/p>\n<blockquote class=\"twitter-tweet\" data-lang=\"es\"><p><a href=\"https:\/\/twitter.com\/X\/status\/1986582879053262851?ref_src=twsrc%5Etfw\" rel=\"nofollow noopener\" target=\"_blank\"><\/p><\/blockquote>\n<p>    Roc\u00edo, Jerez de la Frontera<\/p>\n<p class=\"article-text\">\n        Entr\u00f3 con su amiga Desir\u00e9e, hasta que Jorge Javier les hizo escoger a las dos cu\u00e1l de ellas segu\u00eda en el programa, y ella prefiri\u00f3 dejarle el hueco a su amiga. Aunque despu\u00e9s le comunicaron que pod\u00eda volver a la casa, como concursante.\n    <\/p>\n<blockquote class=\"twitter-tweet\" data-lang=\"es\"><p><a href=\"https:\/\/twitter.com\/X\/status\/1986554681317843204?ref_src=twsrc%5Etfw\" rel=\"nofollow noopener\" target=\"_blank\"><\/p><\/blockquote>\n<p>                                    <script async src=\"https:\/\/platform.twitter.com\/widgets.js\" charset=\"utf-8\"><\/script><\/p>\n","protected":false},"excerpt":{"rendered":"Gran Hermano 20 cerr\u00f3 su fase de casting durante su gala de estreno, este jueves 6 de noviembre.&hellip;\n","protected":false},"author":2,"featured_media":222811,"comment_status":"","ping_status":"","sticky":false,"template":"","format":"standard","meta":{"footnotes":""},"categories":[171],"tags":[4248,9781,567,146,147,25,24,37023,12182,691,8316,23,214],"class_list":{"0":"post-222810","1":"post","2":"type-post","3":"status-publish","4":"format-standard","5":"has-post-thumbnail","7":"category-tv","8":"tag-4248","9":"tag-completa","10":"tag-concursantes","11":"tag-entertainment","12":"tag-entretenimiento","13":"tag-es","14":"tag-espana","15":"tag-gh","16":"tag-lista","17":"tag-oficiales","18":"tag-secretos","19":"tag-spain","20":"tag-tv"},"share_on_mastodon":{"url":"https:\/\/pubeurope.com\/@es\/115506673291203082","error":""},"_links":{"self":[{"href":"https:\/\/www.europesays.com\/es\/wp-json\/wp\/v2\/posts\/222810","targetHints":{"allow":["GET"]}}],"collection":[{"href":"https:\/\/www.europesays.com\/es\/wp-json\/wp\/v2\/posts"}],"about":[{"href":"https:\/\/www.europesays.com\/es\/wp-json\/wp\/v2\/types\/post"}],"author":[{"embeddable":true,"href":"https:\/\/www.europesays.com\/es\/wp-json\/wp\/v2\/users\/2"}],"replies":[{"embeddable":true,"href":"https:\/\/www.europesays.com\/es\/wp-json\/wp\/v2\/comments?post=222810"}],"version-history":[{"count":0,"href":"https:\/\/www.europesays.com\/es\/wp-json\/wp\/v2\/posts\/222810\/revisions"}],"wp:featuredmedia":[{"embeddable":true,"href":"https:\/\/www.europesays.com\/es\/wp-json\/wp\/v2\/media\/222811"}],"wp:attachment":[{"href":"https:\/\/www.europesays.com\/es\/wp-json\/wp\/v2\/media?parent=222810"}],"wp:term":[{"taxonomy":"category","embeddable":true,"href":"https:\/\/www.europesays.com\/es\/wp-json\/wp\/v2\/categories?post=222810"},{"taxonomy":"post_tag","embeddable":true,"href":"https:\/\/www.europesays.com\/es\/wp-json\/wp\/v2\/tags?post=222810"}],"curies":[{"name":"wp","href":"https:\/\/api.w.org\/{rel}","templated":true}]}}