{"id":222824,"date":"2025-11-07T05:13:09","date_gmt":"2025-11-07T05:13:09","guid":{"rendered":"https:\/\/www.europesays.com\/es\/222824\/"},"modified":"2025-11-07T05:13:09","modified_gmt":"2025-11-07T05:13:09","slug":"el-gobierno-intentara-acelerar-los-hitos-pendientes-con-junts-aunque-el-principal-obstaculo-es-podemos-espana","status":"publish","type":"post","link":"https:\/\/www.europesays.com\/es\/222824\/","title":{"rendered":"El Gobierno intentar\u00e1 acelerar los hitos pendientes con Junts aunque el principal obst\u00e1culo es Podemos | Espa\u00f1a"},"content":{"rendered":"<p class=\"\">El Gobierno trata de mantener la calma ante<a href=\"https:\/\/elpais.com\/espana\/2025-11-06\/junts-anuncia-que-bloqueara-todas-las-leyes-de-sanchez-no-habra-mas-colaboracion-ni-mas-negociacion.html\" target=\"_self\" rel=\"nofollow noopener\" title=\"https:\/\/elpais.com\/espana\/2025-11-06\/junts-anuncia-que-bloqueara-todas-las-leyes-de-sanchez-no-habra-mas-colaboracion-ni-mas-negociacion.html\"> la nueva ofensiva de Junts con la amenaza de bloqueo de la legislatura.<\/a> Este jueves, Miriam Nogueras ha anunciado su rechazo a todas las leyes que est\u00e1n en tramitaci\u00f3n. Eso incluye tanto las que est\u00e1n en la mesa del Consejo de Ministros como las que deber\u00edan seguir su curso parlamentario. \u201cNo habr\u00e1 m\u00e1s colaboraci\u00f3n, ni m\u00e1s negociaci\u00f3n\u201d, ha asegurado la portavoz, que ha sostenido que m\u00e1s de 50 iniciativas quedar\u00e1n en el limbo. Junts ha registrado<a href=\"https:\/\/elpais.com\/espana\/2025-11-06\/junts-anuncia-que-bloqueara-todas-las-leyes-de-sanchez-no-habra-mas-colaboracion-ni-mas-negociacion.html\" target=\"_self\" rel=\"nofollow noopener\" title=\"https:\/\/elpais.com\/espana\/2025-11-06\/junts-anuncia-que-bloqueara-todas-las-leyes-de-sanchez-no-habra-mas-colaboracion-ni-mas-negociacion.html\"> enmiendas a la totalidad a 25 leyes presentadas en el Congreso por el Gobierno<\/a> y no votar\u00e1 a favor de las 21 que est\u00e1n acabando su tramitaci\u00f3n. Tambi\u00e9n vetar\u00e1 las nuevas propuestas que ya han pasado por el Consejo de Ministros cuando lleguen al Parlamento.<\/p>\n<p class=\"\">El Ejecutivo se aferra al hecho de que los independentistas no barajan una moci\u00f3n de censura con PP y Vox, que s\u00ed que sumar\u00eda una mayor\u00eda suficiente para tumbar a Pedro S\u00e1nchez. Y sobre todo, fuentes del Gobierno se\u00f1alan que Junts, al anunciar su bloqueo, ofrece tambi\u00e9n una salida: que el Gobierno \u201ccumpla lo pactado\u201d. <\/p>\n<p class=\"\">La Moncloa hace una lectura distinta a la de Nogueras de sus compromisos con Junts. Aseguran que en realidad ya est\u00e1n cumpliendo la parte que depende de ellos y que est\u00e1n dispuestos a acelerar cuestiones pendientes, como las iniciativas de Junts bloqueadas en el Congreso, para intentar reactivar la relaci\u00f3n. El problema es que todas ellas, como el traspaso de inmigraci\u00f3n a la Generalitat o la norma contra la reincidencia o contra la ocupaci\u00f3n, dependen de otros grupos, en especial de Podemos. El Gobierno asegura que se esforzar\u00e1 por intentar avanzar en ellas, pero fuentes de Podemos insisten en que ni ocupaci\u00f3n ni multirreincidencia son leyes que vayan a apoyar. El traspaso de competencias ya lo tumbaron en las Cortes y no hay novedad sobre su posici\u00f3n al respecto, <b>informa Paula Chouza.<\/b><\/p>\n<p class=\"\">S\u00e1nchez tambi\u00e9n se ha movido con el canciller Merz para intentar desbloquear la oficialidad del catal\u00e1n en Europa, que es una negociaci\u00f3n que puede tardar, aunque el Gobierno ha buscado otra v\u00eda para dar muestras de su compromiso con este asunto. El ministro de Exteriores, Jos\u00e9 Manuel Albares, abord\u00f3 este jueves el posible uso del catal\u00e1n, el euskera y el gallego en el Parlamento Europeo, con la presidenta de la instituci\u00f3n, Roberta Metsola, durante una reuni\u00f3n que mantuvieron en Bruselas, seg\u00fan fuentes del Ministerio. El conseller de Uni\u00f3n Europea y Acci\u00f3n Exterior de la Generalitat, Jaume Duch, tambi\u00e9n de visita oficial en Bruselas, quiso reconocer \u201cel trabajo que est\u00e1 haciendo el Gobierno espa\u00f1ol y, muy especialmente, el ministro de Exteriores\u201d. Gobierno y Generalitat van de la mano en esta estrategia.<\/p>\n<p class=\"\">Es una negociaci\u00f3n, seg\u00fan Jaume Duch, que requiere de \u201cmuchos contactos\u201d, del mismo modo que tampoco est\u00e1 en manos del Gobierno otro asunto que interesa mucho a Junts: la aplicaci\u00f3n de la ley de amnist\u00eda a su l\u00edder, Carles Puigdemont. La cuesti\u00f3n est\u00e1 en manos del Tribunal Constitucional, la justicia europea y el Supremo, con lo que el Gobierno admite que puede hacer poco para el desbloqueo una vez que se ha aprobado la ley. <\/p>\n<p class=\"\">A pesar de la ruptura de Junts, en el Ejecutivo trasladan que en ning\u00fan caso se vislumbra un escenario de adelanto electoral. \u201cSe puede bloquear el Congreso, aunque ya veremos con qu\u00e9 efecto real, pero no se bloquea el Gobierno, que tiene a\u00fan mucho margen para hacer pol\u00edtica\u201d, se\u00f1alan en la Moncloa. Adem\u00e1s, en el Ejecutivo se\u00f1alan que Junts ya est\u00e1 diciendo que las primeras votaciones si las aprobar\u00e1n, porque <a href=\"https:\/\/elpais.com\/espana\/2025-11-06\/junts-anuncia-que-bloqueara-todas-las-leyes-de-sanchez-no-habra-mas-colaboracion-ni-mas-negociacion.html\" target=\"_self\" rel=\"nofollow noopener\" title=\"https:\/\/elpais.com\/espana\/2025-11-06\/junts-anuncia-que-bloqueara-todas-las-leyes-de-sanchez-no-habra-mas-colaboracion-ni-mas-negociacion.html\">son de leyes ya negociadas<\/a>. Y entre ellas est\u00e1 la ley de movilidad sostenible, de la que depende una gran partida de fondos europeos de 10.000 millones de euros. Por eso, el Gobierno cree que tiene algo de margen para buscar salidas, aunque nadie niega la gravedad de la situaci\u00f3n que plantea Junts, que hace mucho m\u00e1s complicada esta segunda parte de la legislatura.<\/p>\n<p class=\"\">El pasado 30 de octubre, las bases de Junts, con 6.300 afiliados, seg\u00fan el \u00faltimo dato oficial, ratificaron la decisi\u00f3n de la direcci\u00f3n de poner punto y final al acuerdo de investidura con el PSOE. El 87% de los participantes en la consulta apoyaron la decisi\u00f3n. La consulta part\u00eda de una reuni\u00f3n de tres horas en la que los pesos pesados de la formaci\u00f3n independentista decidieron retirar su apoyo a los socialistas.<\/p>\n","protected":false},"excerpt":{"rendered":"El Gobierno trata de mantener la calma ante la nueva ofensiva de Junts con la amenaza de bloqueo&hellip;\n","protected":false},"author":2,"featured_media":222825,"comment_status":"","ping_status":"","sticky":false,"template":"","format":"standard","meta":{"footnotes":""},"categories":[8],"tags":[17,18,3834,25,24,13,14,582,11,3837,19,20,35916,9,10,15,16,36051,956,1699,23,4453,12,21,22,624],"class_list":{"0":"post-222824","1":"post","2":"type-post","3":"status-publish","4":"format-standard","5":"has-post-thumbnail","7":"category-espana","8":"tag-breaking-news","9":"tag-breakingnews","10":"tag-carles-puigdemont","11":"tag-es","12":"tag-espana","13":"tag-featured-news","14":"tag-featurednews","15":"tag-gobierno","16":"tag-headlines","17":"tag-juntsxcat","18":"tag-latest-news","19":"tag-latestnews","20":"tag-miriam-nogueras","21":"tag-news","22":"tag-noticias","23":"tag-noticias-destacadas","24":"tag-noticiasdestacadas","25":"tag-pedro-sanchez-aleman","26":"tag-pp","27":"tag-psoe","28":"tag-spain","29":"tag-sumar","30":"tag-titulares","31":"tag-ultimas-noticias","32":"tag-ultimasnoticias","33":"tag-vox"},"share_on_mastodon":{"url":"https:\/\/pubeurope.com\/@es\/115506708802603216","error":""},"_links":{"self":[{"href":"https:\/\/www.europesays.com\/es\/wp-json\/wp\/v2\/posts\/222824","targetHints":{"allow":["GET"]}}],"collection":[{"href":"https:\/\/www.europesays.com\/es\/wp-json\/wp\/v2\/posts"}],"about":[{"href":"https:\/\/www.europesays.com\/es\/wp-json\/wp\/v2\/types\/post"}],"author":[{"embeddable":true,"href":"https:\/\/www.europesays.com\/es\/wp-json\/wp\/v2\/users\/2"}],"replies":[{"embeddable":true,"href":"https:\/\/www.europesays.com\/es\/wp-json\/wp\/v2\/comments?post=222824"}],"version-history":[{"count":0,"href":"https:\/\/www.europesays.com\/es\/wp-json\/wp\/v2\/posts\/222824\/revisions"}],"wp:featuredmedia":[{"embeddable":true,"href":"https:\/\/www.europesays.com\/es\/wp-json\/wp\/v2\/media\/222825"}],"wp:attachment":[{"href":"https:\/\/www.europesays.com\/es\/wp-json\/wp\/v2\/media?parent=222824"}],"wp:term":[{"taxonomy":"category","embeddable":true,"href":"https:\/\/www.europesays.com\/es\/wp-json\/wp\/v2\/categories?post=222824"},{"taxonomy":"post_tag","embeddable":true,"href":"https:\/\/www.europesays.com\/es\/wp-json\/wp\/v2\/tags?post=222824"}],"curies":[{"name":"wp","href":"https:\/\/api.w.org\/{rel}","templated":true}]}}