{"id":222866,"date":"2025-11-07T05:55:12","date_gmt":"2025-11-07T05:55:12","guid":{"rendered":"https:\/\/www.europesays.com\/es\/222866\/"},"modified":"2025-11-07T05:55:12","modified_gmt":"2025-11-07T05:55:12","slug":"fran-perea-recuerda-las-consecuencias-que-sufrio-por-apoyar-a-zapatero-en-2008-fue-terrorifico","status":"publish","type":"post","link":"https:\/\/www.europesays.com\/es\/222866\/","title":{"rendered":"Fran Perea recuerda las consecuencias que sufri\u00f3 por apoyar a Zapatero en 2008: \u00abFue terror\u00edfico\u00bb"},"content":{"rendered":"<p class=\"article-text\">\n        <strong>Fran Perea<\/strong> pag\u00f3 un alto precio por apoyar a <strong>Jos\u00e9 Luis Rodr\u00edguez Zapatero<\/strong> en las elecciones de 2008. El actor malague\u00f1o respald\u00f3 al candidato socialista al igual que hicieron otros artistas como <strong>Joan Manuel Serrat<\/strong>, <strong>Joaqu\u00edn Sabina<\/strong>, <strong>Concha Velasco<\/strong> y <strong>Miguel Bos\u00e9<\/strong>, aunque \u00e9l sufri\u00f3 las consecuencias de sumarse a la campa\u00f1a de &#8216;la ceja&#8217;.\n    <\/p>\n<p>    <a href=\"https:\/\/www.eldiario.es\/vertele\/noticias\/anton-losada-plantea-gonzalez-amador-tercera-opcion-destierro-suicidio-paga-impuestos_1_12746652.html\" data-mrf-recirculation=\"saber-mas\" data-dl-event=\"saber-mas\" rel=\"nofollow noopener\" target=\"_blank\"><\/p>\n<p class=\"know-more__title\">Ant\u00f3n Losada plantea a Gonz\u00e1lez Amador una tercera opci\u00f3n al destierro o el suicidio: \u00abPaga tus impuestos\u00bb<\/p>\n<p>            <img decoding=\"async\" class=\"lazy\" loading=\"lazy\" data-src=\"https:\/\/static.eldiario.es\/clip\/c23f803e-bd6b-456e-b67f-9dc1a7d592c2_16-9-aspect-ratio_default_0.jpg\" src=\"data:image\/svg+xml,%3Csvg xmlns=\" http:=\"\" viewbox=\"0 0 880 495\" alt=\"Ant\u00f3n Losada plantea a Gonz\u00e1lez Amador una tercera opci\u00f3n al destierro o el suicidio: &quot;Paga tus impuestos&quot;\"\/><\/p>\n<p>                        <\/a><\/p>\n<p class=\"article-text\">\n        \u201cYo pensaba entonces que viv\u00edamos en un pa\u00eds donde t\u00fa pod\u00edas dar tu opini\u00f3n sin que eso significase que alguien te hiciera la cruz, sobre todo cuando es una opini\u00f3n democr\u00e1tica y argumentada en un momento dado. Pero no era as\u00ed\u201d, ha lamentado en una entrevista con el programa de Cadena SER <a href=\"https:\/\/cadenaser.com\/nacional\/2025\/11\/06\/fran-perea-se-sincera-sobre-el-dano-que-sufrio-por-apoyar-a-zapatero-en-2008-perdi-contratos-y-a-mis-padres-les-costo-el-trabajo-cadena-ser\/\" target=\"_blank\" data-mrf-recirculation=\"links-noticia\" class=\"link\" rel=\"nofollow noopener\">Hoy por hoy<\/a>.\n    <\/p>\n<p class=\"article-text\">\n        Despu\u00e9s de que Perea mostrara su simpat\u00eda por el expresidente, algunos pol\u00edticos trataron de boicotearlo. <strong>\u201cHubo ayuntamientos que me dijeron que no me contrataban porque hab\u00eda apoyado a Zapatero\u201d<\/strong>, explica el famoso int\u00e9rprete, que en aquella \u00e9poca ya era completamente conocido por sus trabajos en series como <strong>Al salir de clase<\/strong> y <strong>Los Serrano<\/strong>.\n    <\/p>\n<p class=\"article-text\">\n        Por si fuera poco, <strong>el peri\u00f3dico <\/strong><strong>El Mundo<\/strong><strong> empez\u00f3 a publicar \u201cart\u00edculos muy locos\u201d contra la familia de Fran Perea<\/strong>. Su padre trabajaba en la delegaci\u00f3n de Educaci\u00f3n en M\u00e1laga y llevaba una ONG sobre educaci\u00f3n y cultura popular, mientras que su madre era consejera del gobierno que presid\u00eda el socialista Manuel Chaves.\n    <\/p>\n<p>    <a href=\"https:\/\/www.eldiario.es\/vertele\/noticias\/piqueras-desvela-recado-vasile-inicios-telecinco-propicia-vuelta-puntual-franganillo-rtve_1_12746077.html\" data-mrf-recirculation=\"saber-mas-abajo\" data-dl-event=\"saber-mas-abajo\" rel=\"nofollow noopener\" target=\"_blank\"><\/p>\n<p class=\"know-more__title\">Piqueras desvela el &#8216;recado&#8217; de Vasile en sus inicios en Telecinco y propicia la vuelta puntual de Franganillo a RTVE<\/p>\n<p>            <img decoding=\"async\" class=\"lazy\" loading=\"lazy\" data-src=\"https:\/\/static.eldiario.es\/clip\/be19e22d-63d2-44fb-bc8f-4b3b94e37b26_16-9-aspect-ratio_default_0.jpg\" src=\"data:image\/svg+xml,%3Csvg xmlns=\" http:=\"\" viewbox=\"0 0 880 495\" alt=\"Piqueras desvela el 'recado' de Vasile en sus inicios en Telecinco y propicia la vuelta puntual de Franganillo a RTVE\"\/><\/p>\n<p>                        <\/a><\/p>\n<p class=\"article-text\">\n        En las informaciones de El Mundo se dec\u00eda que los familiares de Fran Perea \u201ceran funcionarios porque hab\u00edan apoyado a Ch\u00e1ves y que ten\u00edan empresas que no ten\u00edan\u201d, denuncia el actor, que ahora, casi 20 a\u00f1os despu\u00e9s, recuerda las graves consecuencias de aquel se\u00f1alamiento p\u00fablico: <strong>\u201cEmpezaron a sacar mucha mierda y eso les cost\u00f3 el trabajo a mis padres. Los echaron. Fue terror\u00edfico\u201d<\/strong>.\n    <\/p>\n","protected":false},"excerpt":{"rendered":"Fran Perea pag\u00f3 un alto precio por apoyar a Jos\u00e9 Luis Rodr\u00edguez Zapatero en las elecciones de 2008.&hellip;\n","protected":false},"author":2,"featured_media":222867,"comment_status":"","ping_status":"","sticky":false,"template":"","format":"standard","meta":{"footnotes":""},"categories":[91],"tags":[59125,259,7290,10107,4374,146,147,25,24,7410,3621,59124,1699,23,34964,7472],"class_list":{"0":"post-222866","1":"post","2":"type-post","3":"status-publish","4":"format-standard","5":"has-post-thumbnail","7":"category-entretenimiento","8":"tag-59125","9":"tag-andalucia","10":"tag-apoyar","11":"tag-consecuencias","12":"tag-elecciones","13":"tag-entertainment","14":"tag-entretenimiento","15":"tag-es","16":"tag-espana","17":"tag-fran","18":"tag-padres","19":"tag-perea","20":"tag-psoe","21":"tag-spain","22":"tag-terrorifico","23":"tag-zapatero"},"share_on_mastodon":{"url":"https:\/\/pubeurope.com\/@es\/115506873987141117","error":""},"_links":{"self":[{"href":"https:\/\/www.europesays.com\/es\/wp-json\/wp\/v2\/posts\/222866","targetHints":{"allow":["GET"]}}],"collection":[{"href":"https:\/\/www.europesays.com\/es\/wp-json\/wp\/v2\/posts"}],"about":[{"href":"https:\/\/www.europesays.com\/es\/wp-json\/wp\/v2\/types\/post"}],"author":[{"embeddable":true,"href":"https:\/\/www.europesays.com\/es\/wp-json\/wp\/v2\/users\/2"}],"replies":[{"embeddable":true,"href":"https:\/\/www.europesays.com\/es\/wp-json\/wp\/v2\/comments?post=222866"}],"version-history":[{"count":0,"href":"https:\/\/www.europesays.com\/es\/wp-json\/wp\/v2\/posts\/222866\/revisions"}],"wp:featuredmedia":[{"embeddable":true,"href":"https:\/\/www.europesays.com\/es\/wp-json\/wp\/v2\/media\/222867"}],"wp:attachment":[{"href":"https:\/\/www.europesays.com\/es\/wp-json\/wp\/v2\/media?parent=222866"}],"wp:term":[{"taxonomy":"category","embeddable":true,"href":"https:\/\/www.europesays.com\/es\/wp-json\/wp\/v2\/categories?post=222866"},{"taxonomy":"post_tag","embeddable":true,"href":"https:\/\/www.europesays.com\/es\/wp-json\/wp\/v2\/tags?post=222866"}],"curies":[{"name":"wp","href":"https:\/\/api.w.org\/{rel}","templated":true}]}}