{"id":222892,"date":"2025-11-07T06:18:19","date_gmt":"2025-11-07T06:18:19","guid":{"rendered":"https:\/\/www.europesays.com\/es\/222892\/"},"modified":"2025-11-07T06:18:19","modified_gmt":"2025-11-07T06:18:19","slug":"sofia-palazuelo-la-mas-elegante-en-nueva-york-con-un-vestido-del-disenador-favorito-de-las-reinas-y-sus-pendientes-mas-especiales","status":"publish","type":"post","link":"https:\/\/www.europesays.com\/es\/222892\/","title":{"rendered":"Sof\u00eda Palazuelo, la m\u00e1s elegante en Nueva York con un vestido del dise\u00f1ador favorito de las reinas y sus pendientes m\u00e1s especiales"},"content":{"rendered":"<p id=\"ezAnEbzuL-\" data-wc=\"58\">La agenda de los duques de Hu\u00e9scar parece destacar \u00faltimamente por la celebraci\u00f3n de fiestas exclusivas en escenarios de cuento. Si el mes pasado <a class=\"hm-link hf-link\" href=\"https:\/\/www.hola.com\/fashion\/20251024863477\/sofia-palazuelo-sassa-de-osma-looks-palacio-liria\/\" rel=\"noopener nofollow\" target=\"_blank\" data-mrf-recirculation=\"article-body-link\">se convert\u00edan en anfitriones en el Palacio de Liria<\/a> de una cena especial para celebrar la trayectoria del perfumista Alberto Morillas, en esta ocasi\u00f3n, han acudido a una fiesta en Nueva York como invitados.<\/p>\n<p> <img src=\"https:\/\/www.europesays.com\/es\/wp-content\/uploads\/2025\/11\/b3563606584c-bfa522277531505.jpg\"   width=\"1080\" height=\"1080\" loading=\"lazy\" decoding=\"async\" alt=\"Sof\u00eda Palazuelo y Fernando Fitz-James\" fetchpriority=\"auto\" class=\"image hf-image\"\/>\u00a9 Quadir Moore\/BFA.com<\/p>\n<p id=\"e-ShuiUVMQS\" data-wc=\"81\">El 30 de octubre, la Hispanic Society celebro su gala anual en la Gran Manzana, dentro de su propio museo y librer\u00eda. Una cita que reuni\u00f3 a la\u00a0jet set\u00a0y figuras como Blanca Pons-Sorolla, bisnieta del pintor Sorolla, la fil\u00e1ntropa estadounidense Marina Kellen French o el actor Matt Dillon. Tampoco falt\u00f3 <strong>Sof\u00eda Palazuelo y su marido, Fernando Fitz-James<\/strong>, que adem\u00e1s de su trabajo como promotores culturales, ahora tambi\u00e9n se han lanzado al mundo de la perfumer\u00eda con su propia marca.<\/p>\n<p> <img src=\"https:\/\/www.europesays.com\/es\/wp-content\/uploads\/2025\/11\/3c8dcef50e36-bfa522277531470.jpg\"   width=\"1080\" height=\"1080\" loading=\"lazy\" decoding=\"async\" alt=\"Sof\u00eda Palazuelo y Fernando Fitz-James\" fetchpriority=\"auto\" class=\"image hf-image\"\/>\u00a9 Quadir Moore\/BFA.com<\/p>\n<p id=\"eASAf2bT7r\" data-wc=\"64\">La empresaria se convirti\u00f3 en una de las invitadas m\u00e1s elegantes de la velada, apostando por un vestido recto en color negro, con escote en forma de coraz\u00f3n y detalles en rojo intenso. Un dise\u00f1o que deja los hombros al descubierto y se anuda en el cuello con finos tirantes tipo halter, obra del <strong>dise\u00f1ador Jan Taminiau<\/strong>, en quien Sof\u00eda Palazuelo conf\u00eda a menudo.<\/p>\n<p> <img src=\"https:\/\/www.europesays.com\/es\/wp-content\/uploads\/2025\/11\/90574d67fd5f-bfa522277531469.jpg\"   width=\"1080\" height=\"1080\" loading=\"lazy\" decoding=\"async\" alt=\"Sof\u00eda Palazuelo y Fernando Fitz-James\" fetchpriority=\"auto\" class=\"image hf-image\"\/>\u00a9 Quadir Moore\/BFA.com<\/p>\n<p id=\"egCauc2k7ob\" data-wc=\"60\">\u00abEs una musa, tiene un gran porte, energ\u00eda y un humor maravilloso\u00bb, <a class=\"hm-link hf-link\" href=\"https:\/\/www.hola.com\/moda\/20210526303130\/sofia-palazuelo-vestido-boda-entrevista-jan-taminiau\/\" rel=\"noopener nofollow\" target=\"_blank\" data-mrf-recirculation=\"article-body-link\">aseguraba el modisto de origen holand\u00e9s a \u00a1HOLA!<\/a>, quien se ha convertido en el favorito de reinas europeas como M\u00e1xima de Holanda y Matilde de B\u00e9lgica. \u00abSe deja asesorar mucho y tiene muy claro lo que no le gusta. Esto ayuda a la hora de tomar buenas decisiones\u00bb.<\/p>\n<p> <img src=\"https:\/\/www.europesays.com\/es\/wp-content\/uploads\/2025\/11\/fa5e066c0dcb-dlu592463054.jpg\"   width=\"1080\" height=\"1080\" loading=\"lazy\" decoding=\"async\" alt=\"Fernando Fitz James y Sof\u00eda Palazuelo\" fetchpriority=\"auto\" class=\"image hf-image\"\/>\u00a9 GTRESSof\u00eda Palazuelo y Fernando Fitz-James en la boda de Cayetano Mart\u00ednez de Irujo y Barbara Mirjan<br \/>\nSus pendientes favoritos<\/p>\n<p id=\"e5NOZZHGKE\" data-wc=\"60\">La duquesa de Hu\u00e9scar, que hace unas semanas volv\u00eda a <a class=\"hm-link hf-link\" href=\"https:\/\/www.hola.com\/actualidad\/20250916856119\/sofia-palazuelo-primeras-imagenes-tras-dar-luz-hijo-fernando\/\" rel=\"noopener nofollow\" target=\"_blank\" data-mrf-recirculation=\"article-body-link\">convertirse en madre por tercera vez<\/a>, complet\u00f3 su estilismo para esta gala neoyorquina con una pieza muy especial en su joyero. Se trata de unos pendientes tipo candelabro, formados por una perla bot\u00f3n con diamantes festoneados alrededor de lo que parece un citrino o cuarzo ahumado en forma de l\u00e1grima.\u00a0<\/p>\n<p>  <img src=\"https:\/\/www.europesays.com\/es\/wp-content\/uploads\/2025\/11\/fe11bd39c82c-dlu592463053.jpg\"   width=\"1080\" height=\"1800\" loading=\"lazy\" decoding=\"async\" alt=\"Fernando Fitz James y Sof\u00eda Palazuelo\" fetchpriority=\"auto\" class=\"image hf-image\"\/>\u00a9 GTRES<\/p>\n<p>  <img src=\"https:\/\/www.europesays.com\/es\/wp-content\/uploads\/2025\/11\/93c549bc3976-sofia-palazuelo-pendientes.jpg\"   width=\"614\" height=\"1024\" loading=\"lazy\" decoding=\"async\" alt=\"Los pendientes de Sof\u00eda Palazuelo\" fetchpriority=\"auto\" class=\"image hf-image\"\/>\u00a9 GTRES<\/p>\n<p id=\"eUo36qzdNr\" data-wc=\"45\">Una pieza de estilo vintage\u00a0que <strong>Sof\u00eda Palazuelo<\/strong> llev\u00f3 tambi\u00e9n a principios de octubre, durante la <strong>boda en Sevilla de Cayetano Mart\u00ednez de Irujo y Barbara Mirjan<\/strong>, completando entonces su look premam\u00e1 con vestido verde esmeralda con capas de gasa y volantes en el cuerpo.<\/p>\n<p> <img src=\"https:\/\/www.europesays.com\/es\/wp-content\/uploads\/2025\/11\/1385fecccbf7-dlu494898076.jpg\"   width=\"1080\" height=\"1080\" loading=\"lazy\" decoding=\"async\" alt=\"Sof\u00eda Palazuelo en 2021\" fetchpriority=\"auto\" class=\"image hf-image\"\/>\u00a9 GTRES<\/p>\n<p> <img src=\"https:\/\/www.europesays.com\/es\/wp-content\/uploads\/2025\/11\/c5aec485a003-dlu494898086.jpg\"   width=\"1080\" height=\"1080\" loading=\"lazy\" decoding=\"async\" alt=\"Sof\u00eda Palazuelo en 2021\" fetchpriority=\"auto\" class=\"image hf-image\"\/>\u00a9 GTRES<\/p>\n<p id=\"eZfchj4x4dHZ\" data-wc=\"69\">Y no ha sido la \u00fanica ocasi\u00f3n en que la hemos visto decantarse por estos pendientes, que guarda al menos desde el 2021, cuando apareci\u00f3 con ellos por primera vez en la <a class=\"hm-link hf-link\" href=\"https:\/\/www.hola.com\/actualidad\/20210925196567\/jaime-borbon-dos-sicilias-boda\/\" rel=\"noopener nofollow\" target=\"_blank\" data-mrf-recirculation=\"article-body-link\">boda de Jaime de Borb\u00f3n-Dos Sicilias y Lady Charlotte Lindesay-Bethune<\/a>. En aquella ocasi\u00f3n eligi\u00f3 un original dise\u00f1o estampado de estilo patchwork\u00a0y complet\u00f3 su elegante mo\u00f1o pulido con una redecilla, que dejaba a la vista esta joya.\u00a0<\/p>\n","protected":false},"excerpt":{"rendered":"La agenda de los duques de Hu\u00e9scar parece destacar \u00faltimamente por la celebraci\u00f3n de fiestas exclusivas en escenarios&hellip;\n","protected":false},"author":2,"featured_media":222893,"comment_status":"","ping_status":"","sticky":false,"template":"","format":"standard","meta":{"footnotes":""},"categories":[91],"tags":[425,253,146,147,25,24,18761,4016,10,18759,23],"class_list":{"0":"post-222892","1":"post","2":"type-post","3":"status-publish","4":"format-standard","5":"has-post-thumbnail","7":"category-entretenimiento","8":"tag-hola-fashion","9":"tag-discover","10":"tag-entertainment","11":"tag-entretenimiento","12":"tag-es","13":"tag-espana","14":"tag-fernando-fitz-james-stuart","15":"tag-joyas","16":"tag-noticias","17":"tag-sofia-palazuelo","18":"tag-spain"},"share_on_mastodon":{"url":"https:\/\/pubeurope.com\/@es\/115506965364895693","error":""},"_links":{"self":[{"href":"https:\/\/www.europesays.com\/es\/wp-json\/wp\/v2\/posts\/222892","targetHints":{"allow":["GET"]}}],"collection":[{"href":"https:\/\/www.europesays.com\/es\/wp-json\/wp\/v2\/posts"}],"about":[{"href":"https:\/\/www.europesays.com\/es\/wp-json\/wp\/v2\/types\/post"}],"author":[{"embeddable":true,"href":"https:\/\/www.europesays.com\/es\/wp-json\/wp\/v2\/users\/2"}],"replies":[{"embeddable":true,"href":"https:\/\/www.europesays.com\/es\/wp-json\/wp\/v2\/comments?post=222892"}],"version-history":[{"count":0,"href":"https:\/\/www.europesays.com\/es\/wp-json\/wp\/v2\/posts\/222892\/revisions"}],"wp:featuredmedia":[{"embeddable":true,"href":"https:\/\/www.europesays.com\/es\/wp-json\/wp\/v2\/media\/222893"}],"wp:attachment":[{"href":"https:\/\/www.europesays.com\/es\/wp-json\/wp\/v2\/media?parent=222892"}],"wp:term":[{"taxonomy":"category","embeddable":true,"href":"https:\/\/www.europesays.com\/es\/wp-json\/wp\/v2\/categories?post=222892"},{"taxonomy":"post_tag","embeddable":true,"href":"https:\/\/www.europesays.com\/es\/wp-json\/wp\/v2\/tags?post=222892"}],"curies":[{"name":"wp","href":"https:\/\/api.w.org\/{rel}","templated":true}]}}