{"id":222910,"date":"2025-11-07T06:33:16","date_gmt":"2025-11-07T06:33:16","guid":{"rendered":"https:\/\/www.europesays.com\/es\/222910\/"},"modified":"2025-11-07T06:33:16","modified_gmt":"2025-11-07T06:33:16","slug":"cuando-fallecio-mi-marido-quise-tirar-la-toalla-no-sabia-como-parar-de-sufrir","status":"publish","type":"post","link":"https:\/\/www.europesays.com\/es\/222910\/","title":{"rendered":"Cuando falleci\u00f3 mi marido, quise tirar la toalla. No sab\u00eda c\u00f3mo parar de sufrir"},"content":{"rendered":"<p id=\"eSxUGgZPYF\" data-wc=\"110\">Puede que la vida de<strong>\u00a0Carmen Lomana\u00a0<\/strong>parezca de color de rosa, pero no hay duda de que<strong>\u00a0ha recibido alegr\u00edas y palos a partes iguales.\u00a0<\/strong>As\u00ed lo cuenta ella misma a \u00a1HOLA! al recibirnos en su <strong>casa de Madrid, situado en el distrito de Chamber\u00ed,<\/strong> donde Carmen recuerda su infancia, sus a\u00f1os de juventud en Londres y c\u00f3mo conoci\u00f3 al <a class=\"hm-link ho-link\" href=\"https:\/\/www.hola.com\/actualidad\/20250331823369\/carmen-lomana-cuarto-milenio-experiencia-paranormal-marido\/\" data-mrf-recirculation=\"article-body-link\" rel=\"nofollow noopener\" target=\"_blank\">ingeniero Guillermo Capdevila, el gran amor de su vida<\/a>. Pero tambi\u00e9n repasa los cap\u00edtulos m\u00e1s dif\u00edciles de su vida: desde la negligencia m\u00e9dica que le dej\u00f3 sin cumplir su sue\u00f1o de ser madre hasta el terrible accidente de tr\u00e1fico en el que falleci\u00f3 su marido \u2013en enero de 1999\u2013.<\/p>\n<p id=\"ezO-_Count4\" data-wc=\"60\">Pero Carmen tambi\u00e9n nos habla de su <strong>vida actual, que comparte con su novio, el inspector de Hacienda Antonio Guti\u00e9rrez Marcet,<\/strong> expareja de Marta Ch\u00e1varri, para luego confesarse sobre los<strong>\u00a0tres enigmas que la persiguen<\/strong>: si realmente tiene <strong>77 a\u00f1os<\/strong>, cu\u00e1l es el <strong>origen de su fortuna<\/strong> y qu\u00e9<strong>\u00a0retoques est\u00e9ticos\u00a0<\/strong>se ha hecho. Carmen responde a todo en \u00a1HOLA!.<\/p>\n<p> <img src=\"https:\/\/www.europesays.com\/es\/wp-content\/uploads\/2025\/11\/11581265b091-foto-02-jaa6613r.jpg\"   width=\"1024\" height=\"700\" loading=\"lazy\" decoding=\"async\" alt=\"Media Image\" fetchpriority=\"auto\" class=\"image ho-image\"\/>\u00a9 Javier Alonso<\/p>\n<p class=\"question-s1\" id=\"eUJe3pdu1I\" data-wc=\"9\"><strong>Si tuvieras que definir tu vida, \u00bfc\u00f3mo lo har\u00edas?<\/strong><\/p>\n<p class=\"answer-s1\" id=\"eh3B_EcNeGw\" data-wc=\"55\">He tenido una<strong>\u00a0vida con pasi\u00f3n, que es como se llaman mis memorias<\/strong> \u2013Pasi\u00f3n por la vida\u2013. Me ha salvado ser una disfrutona y aferrarme a las cosas buenas, porque tambi\u00e9n la vida me ha dado muchos palos. Si tuviera que poner un t\u00edtulo a la m\u00eda, ser\u00eda como la pel\u00edcula Almod\u00f3var, Dolor y gloria.<\/p>\n<p class=\"question-s1\" id=\"eVi10h6aqt-\" data-wc=\"7\"><strong>Porque has vivido momentos de mucho dolor.<\/strong><\/p>\n<p class=\"answer-s1\" id=\"e7oMTv7LiUi\" data-wc=\"16\">Mucho. Pero <strong>no me gusta dar pena.<\/strong> La vida tambi\u00e9n me ha dado muchas cosas buenas.<\/p>\n<p class=\"question-s1\" id=\"eIdSPplzv8Q\" data-wc=\"7\"><strong>Queda claro que los ricos tambi\u00e9n lloran.<\/strong><\/p>\n<p class=\"answer-s1\" id=\"e97WGgNOyr_\" data-wc=\"20\">Bueno, los seres humanos lloran todos. Ya seas africano, asi\u00e1tico, europeo\u2026 <strong>Todos lloramos y nos re\u00edmos<\/strong> por cosas muy parecidas.<\/p>\n<p class=\"question-s1\" id=\"e4Nc3Jpcvvw\" data-wc=\"14\"><strong>\u00bfC\u00f3mo ha sido escribir tus memorias y hacer un repaso por todos tus recuerdos?<\/strong><\/p>\n<p class=\"answer-s1\" id=\"ecF2kH37qmr\" data-wc=\"63\">Aunque soy muy popular o muy conocida<strong>, la gente no sabe mucho de mi vida personal, de mi intimidad.<\/strong> Es un libro de verdad, tremendamente sincero, donde cuento todo con mucha naturalidad. <strong>Nadie se imaginaba que Carmen Lomana pod\u00eda contar el d\u00eda que perdi\u00f3 la virginidad<\/strong> y lo que sinti\u00f3. Hay mil cosas de ese estilo muy \u00edntimo, que es la vida tambi\u00e9n.<\/p>\n<blockquote class=\"ho-bl-1081603 -no-figcaption\" cite=\"\">\n<p id=\"e_ju6eJwFZG\">\u00abLo m\u00e1s doloroso fue cuando marido tuvo un accidente y supe que estaba muerto. Me he vuelto a enamorar, pero no de esa intensidad\u00bb<\/p>\n<\/blockquote>\n<p class=\"answer-s1\" id=\"eZ8dxIllnH\" data-wc=\"9\"><strong>\u00bfQu\u00e9 es lo que m\u00e1s te ha gustado recordar?<\/strong><\/p>\n<p class=\"answer-s1\" id=\"eAujCGaAI5c\" data-wc=\"72\">Indudablemente, mi infancia y cuando conoc\u00ed a Willy. Luego, <a class=\"hm-link ho-link\" href=\"https:\/\/www.hola.com\/actualidad\/20230401344292\/carmen-lomana-factea-desconocida-dj\/\" data-mrf-recirculation=\"article-body-link\" rel=\"nofollow noopener\" target=\"_blank\">este momento de ahora, que empez\u00f3 cuando me vine a Madrid.<\/a> Estoy muy agradecida a la ciudad, la adoro. <strong>Jam\u00e1s me imagin\u00e9 que fuese a trabajar en los medios<\/strong>\u2026 El primer reportaje me lo hizo \u00a1HOLA! y ah\u00ed era cero famosa. Eduardo, padre, se fij\u00f3 en m\u00ed al verme en fiestas, desfiles\u2026 Y me hizo en un reportaje maravilloso en esta misma casa.<\/p>\n<p class=\"question-s1\" id=\"enpNaxryKZ9\" data-wc=\"6\"><strong>\u00bfQu\u00e9 ha sido lo m\u00e1s doloroso?<\/strong><\/p>\n<p class=\"answer-s1\" id=\"ePX7hkhwuIV\" data-wc=\"89\">La noche en la que <strong>me avisaron que mi marido hab\u00eda tenido un accidente y supe que estaba muerto<\/strong> \u2013el 9 de enero de 1999\u2013. Fue horrible. Fue de un impacto tan enorme\u2026 Tambi\u00e9n lo que vino despu\u00e9s. A los seis meses, no ten\u00eda ni pelo. <strong>Me pasaba la mano por la cabeza y se me quedaba en la mano<\/strong>. Casi se me cay\u00f3 completamente por el estr\u00e9s, por lo que adelgac\u00e9\u2026 \u00bfHas escuchado que<strong>\u00a0a alguien le duele el coraz\u00f3n<\/strong>? A m\u00ed me ha pasado y duele mucho.\u00a0<\/p>\n<p class=\"question-s1\" id=\"eQBvmiPxUKD\" data-wc=\"6\"><strong>\u00bfC\u00f3mo se supera un mazazo as\u00ed?<\/strong><\/p>\n<p class=\"answer-s1\" id=\"e-qZP3Jb4g6\" data-wc=\"53\">En realidad, <strong>no hay consuelo.<\/strong> Tienes que pasar el luto, pero siempre pensando que vas a salir y que vas a salir bien, pensando tambi\u00e9n que esa persona que has perdido est\u00e1 en otra dimensi\u00f3n y probablemente est\u00e9 muy feliz. Creo que nunca,<strong>\u00a0nunca debemos dejar que la vida nos hunda<\/strong>, nos doblegue.<\/p>\n<p class=\"question-s1\" id=\"edo-wPHbkM1\" data-wc=\"5\"><strong>\u00bfY c\u00f3mo empezaste a remontar?<\/strong><\/p>\n<p class=\"answer-s1\" id=\"eyU5PAlRR7M\" data-wc=\"30\">Con<strong>\u00a0mucha fuerza de voluntad<\/strong>, diciendo: \u201cEsto no puede ser\u201d. Cuando me di cuenta de lo mal que estaba, me dije: \u201cCarmen, t\u00fa no. No puedes estar as\u00ed. Es imposible\u201d.<\/p>\n<p> <img src=\"https:\/\/www.europesays.com\/es\/wp-content\/uploads\/2025\/11\/4cc5fff98ea7-foto-03-jaa6624r.jpg\"   width=\"702\" height=\"1024\" loading=\"lazy\" decoding=\"async\" alt=\"Media Image\" fetchpriority=\"auto\" class=\"image ho-image\"\/>\u00a9 Javier Alonso<\/p>\n<p class=\"question-s1\" id=\"eSUXgu_zEu\" data-wc=\"7\"><strong>\u00bfA qu\u00e9 te aferraste para salir adelante?<\/strong><\/p>\n<p class=\"answer-s1\" id=\"eQKpes_XyZa\" data-wc=\"123\">A<strong>l d\u00eda a d\u00eda<\/strong>, a las peque\u00f1as cosas que me hac\u00edan ilusi\u00f3n. Luego, <strong>tuve que tomar medicaci\u00f3n en un momento dado, porque no quer\u00eda vivir.<\/strong> Sent\u00eda que la vida era una losa y, sin Guillermo, no lo pod\u00eda soportar. Hubo un momento en el que quer\u00eda tirar la toalla y se me pas\u00f3 por la cabeza\u2026 <strong>No sab\u00eda c\u00f3mo para no hacer sufrir<\/strong>. En el suicidio hay un doble sufrimiento. Por un lado, el que sufre la familia de la persona que ha tomado esa decisi\u00f3n. Por el otro, el de la persona que se suicida, porque, en el fondo, est\u00e1 diciendo: \u201cNo hab\u00e9is entendido lo mal que estaba y no me hab\u00e9is apoyado\u201d\u2026 Ah\u00ed deja a los dem\u00e1s un sentimiento de culpabilidad\u2026<\/p>\n<p class=\"question-s1\" id=\"e2NKgSKMbTf\" data-wc=\"3\"><strong>Pero saliste adelante\u2026<\/strong><\/p>\n<p class=\"answer-s1\" id=\"eIemb4EA6cv\" data-wc=\"43\">Soy tan optimista\u2026 <strong>Me gusta tanto la vida que, a la que me das un poco, me aferro a ella.<\/strong> Como me dec\u00eda un d\u00eda una amiga: \u201cA la que me descuido, me divierto\u201d. Y es verdad, siempre estoy con ganas de disfrutar.<\/p>\n<p class=\"question-s1\" id=\"eqtgUKAqmbX\" data-wc=\"4\"><strong>\u00bfC\u00f3mo recuerdas tu infancia?<\/strong><\/p>\n<p class=\"answer-s1\" id=\"eTUgalJcVxp\" data-wc=\"15\"><strong>Fant\u00e1stica<\/strong>. Durante cinco a\u00f1os, fui hija \u00fanica, cuidada y querid\u00edsima. Tuve una infancia <strong>muy feliz.\u00a0<\/strong><\/p>\n<p class=\"question-s1\" id=\"eNWzgt_eMSx\" data-wc=\"5\"><strong>Pero luego tuviste m\u00e1s hermanos.<\/strong><\/p>\n<p class=\"answer-s1\" id=\"ebjlhZ7CeOS\" data-wc=\"19\">S\u00ed, a mi madre le dijeron que no iba a poder tener m\u00e1s hijos y luego<strong>\u00a0tuvo tres m\u00e1s.<\/strong><\/p>\n<p class=\"question-s1\" id=\"eYJ9mSgxPxb\" data-wc=\"13\"><strong>En esos primeros cinco a\u00f1os sin hermanos, ser\u00edas las reina de la casa.<\/strong><\/p>\n<p class=\"answer-s1\" id=\"ekpypi23U0k\" data-wc=\"35\">Siempre fui la reina. Creo que mis padres se quedaron con esa sensaci\u00f3n de que <strong>yo era su ni\u00f1a.\u00a0<\/strong>Recuerdo estar siempre con ellos. Me llevaban a todos los sitios y viajaba mucho con ellos.<\/p>\n<blockquote class=\"ho-bl-1081603 -no-figcaption\" cite=\"\">\n<p id=\"eyWS3x0wa60\">\u201cEl primer reportaje me lo hizo \u00a1HOLA! y ah\u00ed era cero famosa. Eduardo, padre, se fij\u00f3 en m\u00ed al verme en fiestas, desfiles\u2026 Y me hizo en un reportaje maravilloso en esta misma casa\u00bb<\/p>\n<\/blockquote>\n<p class=\"question-s1\" id=\"euZ254qOhi\" data-wc=\"2\"><strong>\u00bfEras caprichosa?<\/strong><\/p>\n<p class=\"answer-s1\" id=\"e_dssSKqP-b\" data-wc=\"22\">S\u00ed, <strong>mucho<\/strong>. Bueno, ahora lo soy m\u00e1s. Pero mi madre siempre dec\u00eda que era ni\u00f1a<strong>\u00a0muy buena, muy so\u00f1adora y muy independiente<\/strong>.\u00a0<\/p>\n<p class=\"question-s1\" id=\"etjW6gZWqX6\" data-wc=\"5\"><strong>De adolescente, ya fuiste rebelde.<\/strong><\/p>\n<p class=\"answer-s1\" id=\"estBIm_FE-V\" data-wc=\"28\">S\u00ed, fui muy inesperada.<strong>\u00a0Siempre he sido muy libre, muy rompedora de esquemas.<\/strong> Mis padres no entend\u00edan nada (r\u00ede). Pero s\u00ed fui rebelde, rebelde en todo lo establecido.<\/p>\n<p class=\"question-s1\" id=\"e6pwoaw0cHf\" data-wc=\"20\"><strong>Hasta a la hora de tener novios, que, en tu \u00e9poca, las parejas se daban un besito y poco m\u00e1s.<\/strong><\/p>\n<p class=\"answer-s1\" id=\"eSOAE8Lcxq2\" data-wc=\"35\">Pero<strong>\u00a0a m\u00ed apeteci\u00f3 m\u00e1s y ya est\u00e1<\/strong> (r\u00ede). He sido una persona con valores y con \u00e9tica, pero nunca he tenido prejuicios. La primera vez pens\u00e9: \u201c\u00bfQu\u00e9 es eso?\u201d. Como nunca lo hab\u00eda visto\u2026<\/p>\n<p class=\"question-s1\" id=\"eZRcQwfsaGP\" data-wc=\"4\"><strong>Ocurri\u00f3 en un coche.<\/strong><\/p>\n<p class=\"answer-s1\" id=\"enPB8KIZH5y\" data-wc=\"70\">Como le ocurri\u00f3 a la mayor\u00eda de la gente de mi generaci\u00f3n. Yo estaba <strong>muy enamorada de un chico que jugaba en D\u00e9por de La Coru\u00f1a.\u00a0<\/strong>Cuando lleg\u00f3 mi cumplea\u00f1os y mi madre me pregunt\u00f3 qu\u00e9 quer\u00eda de regalo, le contest\u00e9: \u201cPor favor, ll\u00e9vame a La Coru\u00f1a a celebrarlo con Rodrigo\u201d. Y nos fuimos un grupo de amigos de mis padres. Nos fuimos a cenar y, luego, nos quedamos bailando.<\/p>\n<p> <img src=\"https:\/\/www.europesays.com\/es\/wp-content\/uploads\/2025\/11\/c8f1dd29fff5-foto-04-jaa6654r.jpg\"   width=\"669\" height=\"1024\" loading=\"lazy\" decoding=\"async\" alt=\"Media Image\" fetchpriority=\"auto\" class=\"image ho-image\"\/>\u00a9 Javier Alonso<\/p>\n<p class=\"question-s1\" id=\"e1Q-r5dDMz\" data-wc=\"3\">\u00bfCu\u00e1ntos a\u00f1os ten\u00edas?<\/p>\n<p class=\"answer-s1\" id=\"eJGvE1dL1aK\" data-wc=\"7\">Tampoco era tan peque\u00f1a. Tendr\u00eda 18 a\u00f1os.<\/p>\n<p class=\"question-s1\" id=\"erkQZwwxkMq\" data-wc=\"5\">Te podr\u00edas haber quedado embarazada.<\/p>\n<p class=\"answer-s1\" id=\"eTJdIaGW_Vn\" data-wc=\"13\">Totalmente, porque <strong>no tom\u00e9 ninguna medida<\/strong>. \u00a1Qu\u00e9 inconsciencia! Es que \u00e9ramos muy inocentes.<\/p>\n<p class=\"question-s1\" id=\"eh_mwRv3IYV\" data-wc=\"8\">Te propusiste celebrar tu cumplea\u00f1os y lo conseguiste.<\/p>\n<p class=\"answer-s1\" id=\"euhLPCaKrV2\" data-wc=\"24\">Y lo celebr\u00e9 por todo lo alto (r\u00ede). Yo <strong>no esperaba eso, pero \u00e9ramos j\u00f3venes, estupendos y ten\u00edamos mucha pasi\u00f3n<\/strong>\u2026 Pues me dej\u00e9 llevar.<\/p>\n<p class=\"question-s1\" id=\"eLOZwFTByDI\" data-wc=\"5\">\u00bfVolviste a ver a Rodrigo?<\/p>\n<p class=\"answer-s1\" id=\"eRzcCU4xOIs\" data-wc=\"37\">S\u00ed, mucho, <strong>hasta que me fui a vivir a Londres.<\/strong> Ah\u00ed ya me vino a ver y sent\u00ed como que se hab\u00eda roto algo. Yo ya estaba en otro mundo y a \u00e9l le ve\u00eda como antiguo.\u00a0<\/p>\n<p class=\"question-s1\" id=\"eVdYtseVJ3c\" data-wc=\"6\">\u00bfC\u00f3mo fue tu llegada a Londres?<\/p>\n<p class=\"answer-s1\" id=\"ec37I6lbL4I\" data-wc=\"101\">Maravillosa, porque <a class=\"hm-link ho-link\" href=\"https:\/\/www.hola.com\/actualidad\/20230511231763\/carmen-lomana-tumor\/\" data-mrf-recirculation=\"article-body-link\" rel=\"nofollow noopener\" target=\"_blank\">iba con tanta ilusi\u00f3n, con unas ganas de marcharme de Espa\u00f1a<\/a> y de conocer otros mundos\u2026 Era <strong>rockera<\/strong> a muerte. Quer\u00eda conocer a los Rolling y a toda esta gente. En aquella \u00e9poca, Londres era ideal. Me encantaba la<strong>\u00a0ropa\u00a0hippie chic,\u00a0elegante<\/strong>. Estaban muy de moda los temas hinduistas y en las tiendas vend\u00edan vestidos maravillosos de Afganist\u00e1n, de la India\u2026 Hab\u00eda una tienda en Kings\u2019s Road, que se llamaba\u00a0Forbidden Fruit\u2026 Los frutos prohibidos\u2026 Esa tienda era mi para\u00edso. Estaba todo lleno de cojines por el suelo y ol\u00eda a incienso. Era como <strong>lo prohibido, lo clandestino.<\/strong><\/p>\n<blockquote class=\"ho-bl-1081603 -no-figcaption\" cite=\"\">\n<p id=\"eZ71nbt4KqO\">\u201cA Londres me fui con tanta ilusi\u00f3n\u2026 Era rockera a muerte. Quer\u00eda conocer a los Rolling y a toda esta gente. \u00a0 Tuve a cenando a Mick Jagger y Jerry Hall al lado m\u00edo. Tambi\u00e9n vi Pink Floyd\u2026 A Bryan Ferry, que me encantaba\u201d<\/p>\n<\/blockquote>\n<p class=\"question-s1\" id=\"e3-gXMMv_F\" data-wc=\"8\"><strong>\u00bfTe revolucionaste m\u00e1s en Inglaterra? \u00bfEn qu\u00e9 sentido?<\/strong><\/p>\n<p class=\"answer-s1\" id=\"eQkLCTwD0uH\" data-wc=\"60\">En todos. <strong>No me despendol\u00e9. Para nada<\/strong>. Y te digo por qu\u00e9: siempre he sido bastante responsable. Siempre<strong>\u00a0pensaba en mis padres<\/strong>. Ellos hab\u00edan confiado en m\u00ed y me hab\u00edan dado la libertad de ir a Londres, as\u00ed que no les pod\u00eda defraudar. Adem\u00e1s, estaba en un piso m\u00edo, Chelsea\u2026<strong>\u00a0Viv\u00eda como una reina<\/strong>. Decid\u00ed que me ten\u00eda que cuidar.<\/p>\n<p class=\"question-s1\" id=\"eWjX5zTA37z\" data-wc=\"2\"><strong>\u00bfCompart\u00edas piso?<\/strong><\/p>\n<p class=\"answer-s1\" id=\"etvj4N5XQpc\" data-wc=\"7\">No. <strong>Ten\u00eda un flat\u00a0maravilloso en Chelsea.<\/strong><\/p>\n<p class=\"question-s1\" id=\"ePjmQL553WU\" data-wc=\"19\"><strong>Es una de las zonas m\u00e1s exclusivas de Londres. Entiendo que tendr\u00edas de vecinos a gente muy, muy conocida.<\/strong><\/p>\n<p class=\"answer-s1\" id=\"ejw2s6pkhbu\" data-wc=\"74\">S\u00ed, pero todo me parec\u00eda normal todo\u2026 Me parec\u00eda normal recibir una<strong>\u00a0invitaci\u00f3n del Palacio de Saint James para las carreras de Ascot<\/strong> por mis amigos. Luego, lleg\u00f3 un amigo espa\u00f1ol, <strong>el marqu\u00e9s de Lanzarote, Luis Ben\u00edtez de Lugo<\/strong>, que ahora es marqu\u00e9s de la Florida\u2026 \u00c9l estaba relacionado con todo el mundo en Londres. Entre que yo ya estaba muy introducida y \u00e9l conoc\u00eda a much\u00edsima gente, pues termin\u00e9 metida en lo m\u00e1s.<\/p>\n<p class=\"question-s1\" id=\"eop0P8KLNMT\" data-wc=\"6\"><strong>\u00bfA qui\u00e9n conociste en esa \u00e9poca<\/strong><\/p>\n<p class=\"answer-s1\" id=\"ex-mwGTVOvQ\" data-wc=\"68\">Cenando en San Lorenzo,<strong>\u00a0tuve a Mick Jagger y Jerry Hall al lado m\u00edo<\/strong>. Tambi\u00e9n <strong>a Pink Floyd<\/strong>\u2026 A <strong>Bryan Ferry<\/strong>, que me encantaba. A muchos. Es que eso era la calle. Sal\u00edamos por Chelsea, por Nice Bridge\u2026 Te ibas de compras una ma\u00f1ana a Harrod\u2019s y no ve\u00edas m\u00e1s que ingleses, aunque los fines de semana se llenaban de espa\u00f1oles. Ahora no veo m\u00e1s que a musulmanes.<\/p>\n<p> <img src=\"https:\/\/www.europesays.com\/es\/wp-content\/uploads\/2025\/11\/69ca9eb97677-foto-05-carmenmonana-hace-muchos-anos-en-londres-en-portobelo-road-la-pri.jpg\"   width=\"819\" height=\"1024\" loading=\"lazy\" decoding=\"async\" alt=\"&quot;Hace muchos an\u0303os en Londres, en Portobelo Road. La primer foto que me hizo mi novio&quot;, recuerda Carmen\" fetchpriority=\"auto\" class=\"image ho-image\"\/>\u00a9 @carmen_lomana\u00bbHace muchos an\u0303os en Londres, en Portobelo Road. La primer foto que me hizo mi novio\u00bb, recuerda Carmen<\/p>\n<p class=\"question-s1\" id=\"eG5BFPBNBb\" data-wc=\"6\">\u00bfTen\u00edas de vecino a alguien conocido?<\/p>\n<p class=\"answer-s1\" id=\"enIj0zdyiMO\" data-wc=\"5\">Era <strong>vecina de Freddie Mercury<\/strong>.<\/p>\n<p class=\"question-s1\" id=\"eFxMl629EDA\" data-wc=\"4\">\u00bfEn tu mismo edificio?<\/p>\n<p class=\"answer-s1\" id=\"epX7mnJoozJ\" data-wc=\"54\">En dos edificios despu\u00e9s. Me llamaban \u201cla gata de King&#8217;s Road\u201d porque<strong>\u00a0andaba todo el d\u00eda de aqu\u00ed para all\u00e1 y conoc\u00eda a todo el mundo.<\/strong> Iba a Beach And Place, que hab\u00eda un restaurante que se llamaba San Lorenzo y ah\u00ed estaba todo el mundo. Me acuerdo de ver all\u00ed a Boris Becker.\u00a0<\/p>\n<p class=\"question-s1\" id=\"exJlrYlswJI\" data-wc=\"8\">Esa \u00e9poca era el boom de la psicodelia.<\/p>\n<p class=\"answer-s1\" id=\"eiMra-lrhSj\" data-wc=\"8\">Hab\u00eda <strong>mucha droga<\/strong>. La gente no era consciente.<\/p>\n<p class=\"question-s1\" id=\"eF44mCteZoQ\" data-wc=\"3\">\u00bfNunca la probaste?<\/p>\n<p class=\"answer-s1\" id=\"erHKrC1CoSL\" data-wc=\"67\"><strong>No<\/strong>, me daba miedo. Pero ibas a cualquier fiesta y siempre aparec\u00eda un se\u00f1or con una maletita que ten\u00eda de todo. A m\u00ed me daba miedo. Pensaba: \u201cSi esto es tan bueno, me vuelvo drogadicta. Qu\u00e9 horror para mis padres\u201d. <strong>Siempre pensaba en mis padres.\u00a0<\/strong>Tampoco quer\u00eda tener relaciones sexuales pensando en mis padres, pero luego all\u00ed\u2026 All\u00ed ya hab\u00eda <strong>m\u00e9todos anticonceptivos que en Espa\u00f1a no<\/strong> hab\u00eda.<\/p>\n<blockquote class=\"ho-bl-1081603 -no-figcaption\" cite=\"\">\n<p id=\"eLxjaQZ1GrW\">\u201cTen\u00eda un flat maravilloso en Chelsea y era vecina de Freddy Mercury. Me llamaban \u201cla gata de King&#8217;s Road\u201d porque andaba todo el d\u00eda de aqu\u00ed para all\u00e1 y conoc\u00eda a todo el mundo. Pero no me despendol\u00e9. Siempre pensaba en mis padres\u201d<\/p>\n<\/blockquote>\n<p class=\"question-s1\" id=\"erHZKz2pEs\" data-wc=\"9\"><strong>En Londres conociste a Guillermo, tu marido. \u00bfC\u00f3mo fue?<\/strong><\/p>\n<p class=\"answer-s1\" id=\"eFFpd_0_hgx\" data-wc=\"102\">Como <strong>siempre conoces a la gente importante de tu vida<\/strong>, lo conoc\u00ed en el t\u00edpico d\u00eda que est\u00e1s agota<strong>da. Mi hermana hab\u00eda ido a visitarme y salimos de juerga con unos pilotos de Iberia espa\u00f1oles\u00a0<\/strong>en el club Playboy, que era maravilloso. Lo pasamos bomba. Al d\u00eda siguiente<strong>, est\u00e1bamos tiradas en los sof\u00e1s<\/strong>, pero le dije a mi hermana Mar\u00eda: \u201cVenga,<strong>\u00a0que nos d\u00e9 el aire<\/strong>. Vamos a ir a un club de jazz estupendo\u201d. Nos fuimos pr\u00e1cticamente sin arreglar, muy casual. Y <strong>ah\u00ed conoc\u00ed a Willy\u2026 El t\u00edo m\u00e1s guapo que hab\u00eda visto en mi vida.\u00a0<\/strong>Fue un golpe de amor.<\/p>\n<p class=\"question-s1\" id=\"e075JdnOtkW\" data-wc=\"9\"><strong>Suena muy cursi decir esto, pero, \u00bfc\u00f3mo te conquist\u00f3?<\/strong><\/p>\n<p class=\"answer-s1\" id=\"e-m0uv4pgRZ\" data-wc=\"20\">\u00a1Si me ten\u00eda conquistada desde que le vi! Pero, \u00bfsabes que <strong>me pidi\u00f3 el tel\u00e9fono y no se lo di?<\/strong><\/p>\n<p class=\"question-s1\" id=\"ePKYuZWM8P8\" data-wc=\"2\"><strong>\u00bfPor qu\u00e9?<\/strong><\/p>\n<p class=\"answer-s1\" id=\"e4eHc1KjkQd\" data-wc=\"69\">Porqu<strong>e le acababa de conocer.\u00a0<\/strong>Me march\u00e9 a casa medio llorando y diciendo a mi hermana: \u201c<strong>He conocido al hombre de mi vida<\/strong>\u2026\u201d. Mi hermana no entend\u00eda nada, porque yo <strong>estaba saliendo con un suizo\u00a0<\/strong>que era agente de cambio de bolsa y era estupendo. Pero s\u00f3lo quer\u00eda volver a ver a Willy. No sab\u00eda c\u00f3mo lo pod\u00eda encontrar y s\u00f3lo sab\u00eda que se llama Guillermo y era chileno.\u00a0<\/p>\n<p class=\"question-s1\" id=\"etGxUQjQ-QG\" data-wc=\"5\"><strong>\u00bfC\u00f3mo te reencontraste con \u00e9l?<\/strong><\/p>\n<p class=\"answer-s1\" id=\"etq4qTBFFet\" data-wc=\"49\">Estando sentadas en una terraza con unos amigos en Brompton Road, a la salida del metro de South Kensington. De repente, <strong>mi hermana, le vio y solt\u00f3: \u201c\u00a1El chileno!\u201d<\/strong>. Willy se me acerc\u00f3 y hablamos: \u201cMe dar\u00e1s el tel\u00e9fono, \u00bfno? Porque no he hecho m\u00e1s que pensar en ti\u201d.\u00a0<\/p>\n<p> <img src=\"https:\/\/www.europesays.com\/es\/wp-content\/uploads\/2025\/11\/1b9953356a5b-foto-06-carmen-en-el-dia-de-su-boda-con-guillermo-capdevila.jpg\"   width=\"882\" height=\"1024\" loading=\"lazy\" decoding=\"async\" alt=\"Carmen, en el di\u0301a de su boda con Guillermo Capdevila \" fetchpriority=\"auto\" class=\"image ho-image\"\/>\u00a9 @carmen_lomanaCarmen, en el di\u0301a de su boda con Guillermo Capdevila <\/p>\n<p class=\"question-s1\" id=\"e4WsljykHa\" data-wc=\"3\">\u00bfQu\u00e9 le respondiste?<\/p>\n<p class=\"answer-s1\" id=\"ee730Xz1PHv\" data-wc=\"17\">\u201cYo en ti tambi\u00e9n\u201d. Pero no le di el n\u00famero. Quedamos <strong>otro d\u00eda en el mismo sitio.<\/strong><\/p>\n<p class=\"question-s1\" id=\"edeMopsdnSB\" data-wc=\"9\">\u00bfQu\u00e9 pas\u00f3 con tu novio suizo? \u00bfLe diste puerta?<\/p>\n<p class=\"answer-s1\" id=\"eYQcsX_gyGj\" data-wc=\"53\">Pero puerta puerta. Me acuerdo que me llam\u00f3 al d\u00eda siguiente de que yo conociera a Willy, pero <strong>ya no me apetec\u00eda estar con \u00e9l<\/strong>. Le puse como excusa que me estaba lavando el pelo. Al d\u00eda siguiente, me volvi\u00f3 a llamar y me dijo: \u201cYa te has terminado de lavarte el pelo?\u201d<\/p>\n<p class=\"question-s1\" id=\"eJwSyXfcwG7\" data-wc=\"3\">\u00bfQu\u00e9 le contestaste?<\/p>\n<p class=\"answer-s1\" id=\"eFdEjhQSSmQ\" data-wc=\"17\">\u201cS\u00ed, per<strong>o no tengo ganas de salir<\/strong>\u201d. Es que ya ten\u00eda el otro metido en la cabeza.<\/p>\n<p class=\"question-s1\" id=\"eM5pYw0jnPl\" data-wc=\"7\">\u00bfDejaste a tu novio suizo por tel\u00e9fono?<\/p>\n<p class=\"answer-s1\" id=\"e4u5QDmovfN\" data-wc=\"46\">Por <strong>tel\u00e9fono<\/strong>. Me pregunto qu\u00e9 me pasaba y <strong>le cont\u00e9 que hab\u00eda a alguien que no me pod\u00eda quitar de la cabeza<\/strong>. Se lo confes\u00e9: \u201cTe tengo much\u00edsimo cari\u00f1o, eres muy bueno, pero\u2026 No\u201d. Era un t\u00edo muy importante de cambio y bolsa. Se llamaba Jean-Claude.<\/p>\n<p class=\"question-s1\" id=\"eSQRQhcUw8m\" data-wc=\"5\">Y te fuiste con Guillermo.<\/p>\n<p class=\"answer-s1\" id=\"enw2Fq5AWqF\" data-wc=\"21\"><strong>Nos casamos enseguida<\/strong>, a los meses. Estuve <strong>23 a\u00f1os casada con \u00e9l y fueron los a\u00f1os m\u00e1s felices de mi vida.\u00a0<\/strong><\/p>\n<blockquote class=\"ho-bl-1081603 -no-figcaption\" cite=\"\">\n<p id=\"e46xy57HxiS\">\u00abA Willy le conoc\u00ed en un club de jazz. El t\u00edo m\u00e1s guapo que hab\u00eda visto en mi vida. \u00a1Me ten\u00eda conquistada desde que le vi! Ten\u00eda novio y le di puerta. Es que ya ten\u00eda a Willy metido en la cabeza\u00bb<\/p>\n<\/blockquote>\n<p class=\"question-s1\" id=\"eF8G8p3PWa\" data-wc=\"12\"><strong>A pesar del aborto que tuviste. Despu\u00e9s, ya no pudiste ser madre.<\/strong><\/p>\n<p class=\"answer-s1\" id=\"eRCmSN1skUH\" data-wc=\"60\">Tuve un <strong>embarazo extrauterino<\/strong>. Me tuvieron que ingresar por la noche de urgencias y casi me muero. Pero pod\u00eda haber tenido hijos. Lo que pasa es que, en vez de quitarme la trompa donde se form\u00f3 el beb\u00e9, <strong>el m\u00e9dico me quit\u00f3 las dos trompas\u2026<\/strong> Por si acaso\u2026 \u00a1Aunque no ten\u00eda nada que ver el lado derecho con el izquierdo!\u00a0<\/p>\n<p class=\"question-s1\" id=\"etUvmRmkIg3\" data-wc=\"7\"><strong>Vaya palo cuando despertaste de la anestesia.<\/strong><\/p>\n<p class=\"answer-s1\" id=\"euI1cw4iZ3S\" data-wc=\"66\">Cuando me enter\u00e9\u2026 Imag\u00ednate, reci\u00e9n casada y enamorad\u00edsima\u2026 Fue al poco de casarme y <strong>me qued\u00e9 desesperada, porque pensaba que ser\u00eda una mujer sin hijos<\/strong>. Pero pens\u00e9 que no voy a ser una desgraciada ni le iba a hacer desgraciado a mi marido, as\u00ed que <strong>le ped\u00ed a Guillermo que nos separ\u00e1ramos<\/strong>, porque hab\u00edamos pensado en crear una familia y yo no se la pod\u00eda dar.<\/p>\n<p class=\"question-s1\" id=\"ejplIkaDtJY\" data-wc=\"4\"><strong>\u00bfC\u00f3mo reaccion\u00f3 tu marido?<\/strong><\/p>\n<p class=\"answer-s1\" id=\"efn6J-f0df7\" data-wc=\"14\">Me dijo<strong>\u00a0que si estaba loca<\/strong>. Fue de una generosidad enorme. Y de amor.<\/p>\n<p class=\"question-s1\" id=\"eNovH2rIkZZ\" data-wc=\"8\"><strong>Con el tiempo, \u00bfbarajaste la posibilidad de adoptar?<\/strong><\/p>\n<p class=\"answer-s1\" id=\"eV4y17Ssqxg\" data-wc=\"87\">Nunca. Lo que s\u00ed me hice fue la<strong>\u00a0fecundaci\u00f3n in vitro.\u00a0<\/strong>Hice cinco intentos, pero, entonces, era una t\u00e9cnica que estaba empezando\u2026 No era como ahora. Me acuerdo que la primera ni\u00f1a que naci\u00f3 por fecundaci\u00f3n in vitro era inglesa y fuimos a Cambridge a ver a los dos doctores. Pero<strong>\u00a0no hubo suerte.\u00a0<\/strong>Guillermo me dijo: \u201cMira, no tendremos hijos, pero vamos a tener una vida estupenda. Vamos a vivir como novios y nunca se sabe\u2026 La ciencia la tenemos ah\u00ed\u201d. Y vivimos muy, muy felices.<\/p>\n<blockquote class=\"ho-bl-1081603 -no-figcaption\" cite=\"\">\n<p id=\"eDnZlyPRng\">\u00a0\u201cTuve un embarazo extrauterino. En vez de quitarme la trompa donde se form\u00f3 el beb\u00e9, el m\u00e9dico me quit\u00f3 las dos\u2026 Por si acaso\u2026 Me qued\u00e9 desesperada, porque ya no pude tener hijos\u00bb<\/p>\n<\/blockquote>\n<p class=\"question-s1\" id=\"eatoKEngXO\" data-wc=\"13\"><strong>Despu\u00e9s de perder a Guillermo, \u00bfte has vuelto a enamorar tanto de alguien?\u00a0<\/strong><\/p>\n<p class=\"answer-s1\" id=\"e35ygHqE4dZ\" data-wc=\"29\">Me he vuelto a enamorar, pero <strong>no de esa intensidad. No, ni color.<\/strong> La prueba es que no me he querido casar y sigo llevando mi anillo de casada.<\/p>\n<p class=\"question-s1\" id=\"eK19UsRfBSG\" data-wc=\"9\"><strong>Supongo que m\u00e1s de uno te habr\u00e1 pedido matrimonio.<\/strong><\/p>\n<p class=\"answer-s1\" id=\"e9uMfGsdcJg\" data-wc=\"9\">Claro, pero<strong>\u00a0he dicho \u201cno\u201d y he salido corriendo.\u00a0<\/strong><\/p>\n<p class=\"question-s1\" id=\"ezkLTf3XcIw\" data-wc=\"4\"><strong>\u00bfHas tenido muchos novios?<\/strong><\/p>\n<p class=\"answer-s1\" id=\"ecSReFWZbwy\" data-wc=\"10\">S\u00ed, muchos.<strong>\u00a0He sido muy noviera y he sido caprichosa.<\/strong><\/p>\n<p class=\"question-s1\" id=\"eJoPjBL1ThB\" data-wc=\"12\"><strong>Pero si has podido\u2026 Otra cosa es ser caprichosa y no poder.<\/strong><\/p>\n<p class=\"answer-s1\" id=\"elMgyrq8tkZ\" data-wc=\"40\">S\u00ed, <strong>se me ha dado bien la cosa. Sabes que soy muy privada para mi vida personal.\u00a0<\/strong>Nunca me ver\u00e9is con un se\u00f1or. Normalmente, si me ves con alguien en un photocall, es porque ese se\u00f1or me importa un comino.<\/p>\n<p class=\"question-s1\" id=\"eDh_tWpKkBh\" data-wc=\"12\"><strong>Pero habr\u00e1s estado con gente muy importante\u2026 Alg\u00fan arist\u00f3crata o un pol\u00edtico.<\/strong><\/p>\n<p class=\"answer-s1\" id=\"eL2jC-otIIf\" data-wc=\"3\">\u00bfPol\u00edtico? S\u00ed, <strong>uno<\/strong>.\u00a0<\/p>\n<p> <img src=\"https:\/\/www.europesays.com\/es\/wp-content\/uploads\/2025\/11\/5b237f29e861-foto-07-carmen-lomana-con-35-anos-carmenlomana.jpg\"   width=\"870\" height=\"1024\" loading=\"lazy\" decoding=\"async\" alt=\"Carmen Lomana, con 35 an\u0303os \" fetchpriority=\"auto\" class=\"image ho-image\"\/>\u00a9 @carmen_lomanaCarmen Lomana, con 35 an\u0303os <\/p>\n<p class=\"question-s1\" id=\"e6hoWLICgW\" data-wc=\"3\">No ser\u00eda Monedero\u2026<\/p>\n<p class=\"answer-s1\" id=\"eUj4wSy3bFE\" data-wc=\"39\">No\u2026<strong>Somos amigos, pero de ah\u00ed a ser pareja y que me guste<\/strong>\u2026 El primer novio que tuve despu\u00e9s de Guillermo era un arquitecto argentino que vive en Marbella. Luego un alem\u00e1n, un franc\u00e9s\u2026 Nunca espa\u00f1oles, no s\u00e9 por qu\u00e9.<\/p>\n<p class=\"question-s1\" id=\"eohfCWIu1yy\" data-wc=\"5\">\u00bfHas dado calabazas muchas veces?<\/p>\n<p class=\"answer-s1\" id=\"e8To7onQVPs\" data-wc=\"12\">S\u00ed, claro. <strong>Las calabazas se dan muy sutilmente\u2026\u00a0<\/strong>Creo que se nota.\u00a0<\/p>\n<p class=\"question-s1\" id=\"eMrT0XrfZsV\" data-wc=\"4\">\u00bfY a gente conocida?<\/p>\n<p class=\"answer-s1\" id=\"e_eRi5UNnjs\" data-wc=\"30\"><strong>Tambi\u00e9n<\/strong>. \u00bfY<strong>\u00a0a m\u00ed me han dado calabazas? Estoy pens\u00e1ndolo<\/strong>\u2026 No calabazas, pero en un momento dado pens\u00e9 que pod\u00edamos ser una buena pareja. Ahora salgo con una persona estupenda.<\/p>\n<p class=\"question-s1\" id=\"eqSgUw9hI6-\" data-wc=\"5\">\u00bfC\u00f3mo has conocido a Antonio?<\/p>\n<p class=\"answer-s1\" id=\"e86jbKw6nfz\" data-wc=\"39\">Yo lo conozco de hace diez a\u00f1os.<strong>\u00a0Nos gustamos mucho, pero, entonces, \u00e9l ten\u00eda novia y yo era amiga suya.\u00a0<\/strong>\u00c9l me llamaba, porque no quer\u00eda perderme. Entonces, cuando ya se termin\u00f3 su relaci\u00f3n, ya se lanz\u00f3 en plancha.<\/p>\n<p class=\"question-s1\" id=\"ePtE34LjjF2\" data-wc=\"2\">\u00bfCu\u00e1ndo empezasteis?<\/p>\n<p class=\"answer-s1\" id=\"eVpJeiH0e1-\" data-wc=\"5\">Hace <strong>dos a\u00f1os y medio.<\/strong><\/p>\n<p> <img src=\"https:\/\/www.europesays.com\/es\/wp-content\/uploads\/2025\/11\/707e57eba4fe-foto-08-carmen-con-el-inspector-de-hacienda-antonio-gutierrez-marcet-su-actua.jpg\"   width=\"819\" height=\"1024\" loading=\"lazy\" decoding=\"async\" alt=\"Carmen, con el inspector de Hacienda Antonio Gutie\u0301rrez Marcet, su actual pareja \" fetchpriority=\"auto\" class=\"image ho-image\"\/>\u00a9 @carmen_lomanaCarmen, con el inspector de Hacienda Antonio Gutie\u0301rrez Marcet, su actual pareja <\/p>\n<p class=\"question-s1\" id=\"eo6DVa1kzL\" data-wc=\"5\">\u00bfLe consideras novio de verdad?<\/p>\n<p class=\"answer-s1\" id=\"eOAZq37g8S8\" data-wc=\"29\">Yo nunca lo digo, pero <strong>nos queremos much\u00edsimo.\u00a0<\/strong>Nos llev\u00e1bamos fenomenal y lo pasamos pipa. Estoy contenta, a gusto con \u00e9l. Adem\u00e1s, tambi\u00e9n es viudo de su primera mujer.\u00a0<\/p>\n<p class=\"question-s1\" id=\"e1qQrHOhQOz\" data-wc=\"6\">\u00bfQu\u00e9 es lo mejor de Antonio?<\/p>\n<p class=\"answer-s1\" id=\"e2JA8JyiOWH\" data-wc=\"19\">Es <strong>muy inteligente y tiene mucho sentido del humor.\u00a0<\/strong>Te r\u00edes mucho con \u00e9l. \u00bfLo peor? Es terriblemente <strong>cbeloso<\/strong>.<\/p>\n<p class=\"question-s1\" id=\"eQPjQ8AcEAC\" data-wc=\"1\">\u00bfS\u00ed?<\/p>\n<p class=\"answer-s1\" id=\"eRUJMnXgcj3\" data-wc=\"13\">\u00a1Oh! Pero ya parece que lo estoy domesticando (r\u00ede)<strong>. Yo tambi\u00e9n<\/strong><strong>\u00a0soy celosa.<\/strong><\/p>\n<p class=\"question-s1\" id=\"eqd8nTFwrz2\" data-wc=\"11\">Es inspector de Hacienda, as\u00ed que no te puede venir mejor.<\/p>\n<p class=\"answer-s1\" id=\"e6VFna_OSA2\" data-wc=\"6\">Pues <strong>nunca me ha ayudado<\/strong>, oye.<\/p>\n<blockquote class=\"ho-bl-1081603 -no-figcaption\" cite=\"\">\n<p id=\"e-jPkYOzcU_\">\u00abA Antonio le conozco de hace diez a\u00f1os, pero empezamos hace dos a\u00f1os y medio. Es muy inteligente y tiene mucho sentido del humor. \u00bfLo peor? Es terriblemente celoso, pero ya parece que lo estoy domesticando (r\u00ede). Yo tambi\u00e9n soy celosa\u00bb<\/p>\n<\/blockquote>\n<p class=\"question-s1\" id=\"eX2ZsyDwxr\" data-wc=\"6\"><strong>\u00bfHas tenido alg\u00fan problema con Hacienda?\u00a0<\/strong><\/p>\n<p class=\"answer-s1\" id=\"e7DELmB36io\" data-wc=\"7\"><strong>Como todo el mundo,<\/strong> con alguna inspecci\u00f3n.<\/p>\n<p class=\"question-s1\" id=\"e9IK5bZQ0VM\" data-wc=\"6\"><strong>\u00bfY te han dado alg\u00fan palo?<\/strong><\/p>\n<p class=\"answer-s1\" id=\"eIEJU11dVr2\" data-wc=\"36\">Pero porqu<strong>e se juntaron muchas cosas que hab\u00edan hecho mal.<\/strong> Luego, mi asesor firm\u00f3 en conformidad y no me lo dijo, as\u00ed que se pasaron todos los plazos. Cuando me enter\u00e9 se hab\u00eda hecho una bola\u2026<\/p>\n<p class=\"question-s1\" id=\"eEKGebwKXaZ\" data-wc=\"4\"><strong>\u00bfDe cu\u00e1nto dinero hablamos?<\/strong><\/p>\n<p class=\"answer-s1\" id=\"ej-i1Ou20Z-\" data-wc=\"8\">No te lo voy a decir, pero <strong>mucho<\/strong>.<\/p>\n<p class=\"question-s1\" id=\"eGtooUkEBzJ\" data-wc=\"4\"><strong>\u00bfM\u00e1s de medio mill\u00f3n?<\/strong><\/p>\n<p class=\"answer-s1\" id=\"e8rvKejHmY4\" data-wc=\"1\">M\u00e1s.\u00a0<\/p>\n<p class=\"question-s1\" id=\"eClUyvu570V\" data-wc=\"5\"><strong>\u00bfY m\u00e1s de un mill\u00f3n?<\/strong><\/p>\n<p class=\"answer-s1\" id=\"eh-zsEpKuoS\" data-wc=\"9\">(Se queda callada). No me gusta hablar de esto\u2026<\/p>\n<p class=\"question-s1\" id=\"eN1zRw44iBj\" data-wc=\"12\"><strong>\u00bfY c\u00f3mo afrontaste un pago as\u00ed? Entiendo que tuviste que vender propiedades.<\/strong><\/p>\n<p class=\"answer-s1\" id=\"e6un599-mmX\" data-wc=\"59\">Claro. Oye,<strong>\u00a0gracias a Dios, pude pagarlo.<\/strong> Te quedas temblando y te quedas indignada porque dices: \u201cSiempre he pagado todo y no s\u00e9 por qu\u00e9 ha surgido esto\u201d. Pero en fin\u2026 <strong>Estoy totalmente de acuerdo con que hay que pagar a Hacienda<\/strong>, de la misma manera que lo que querr\u00eda es que nos explicaran qu\u00e9 hacen con nuestro dinero.<\/p>\n<p class=\"question-s1\" id=\"eYKwSMxokIZ\" data-wc=\"3\"><strong>\u00bfCu\u00e1ndo ocurri\u00f3 esto?<\/strong><\/p>\n<p class=\"answer-s1\" id=\"eZQGgfU5EuV\" data-wc=\"53\"><strong>Cuando empec\u00e9 en la televisi\u00f3n.\u00a0<\/strong>\u00bfTe acuerdas que hubo un momento en el que sal\u00ed en todos los lados? Pues en ese momento. Cuando me puse a trabajar en televisi\u00f3n, me dijeron que ten\u00eda que hacerme una sociedad. Todo el mundo nos lo dec\u00eda, pero, luego, lleg\u00f3 Hacienda y dijo que ni hablar.<\/p>\n<p class=\"question-s1\" id=\"eX6-bw03ABY\" data-wc=\"15\"><strong>Te refieres a que tributaste a trav\u00e9s de una sociedad, como hicieron muchas personas conocidas<\/strong><\/p>\n<p class=\"answer-s1\" id=\"eEA_SgzDSMs\" data-wc=\"23\">Es que <strong>era lo que nos aconsejaban<\/strong>. Adem\u00e1s, era una \u00e9poca en la que gan\u00e9 much\u00edsimo porque Telecinco me hizo un contrato importante.<\/p>\n<p> <img src=\"https:\/\/www.europesays.com\/es\/wp-content\/uploads\/2025\/11\/3a5f12c09eb6-foto-09-javier-alonso.jpg\"   width=\"682\" height=\"1024\" loading=\"lazy\" decoding=\"async\" alt=\"Media Image\" fetchpriority=\"auto\" class=\"image ho-image\"\/>\u00a9 Javier Alonso<\/p>\n<p class=\"question-s1\" id=\"e3vQ09OmTS\" data-wc=\"13\"><strong>Luego, te reclamaron ese dinero cuando las cosas te no iban tan bien.<\/strong><\/p>\n<p class=\"answer-s1\" id=\"eClFL-OhRxv\" data-wc=\"23\"><strong>Siempre me ha ido bien y, gracias a Dios, no he sido una persona derrochadora<\/strong>. Tengo mi patrimonio del que puedo muy bien.<\/p>\n<p class=\"question-s1\" id=\"eVrHP9mWK9T\" data-wc=\"4\"><strong>\u00bfSabes cu\u00e1nto dinero tienes?<\/strong><\/p>\n<p class=\"answer-s1\" id=\"eetr2p3SvGj\" data-wc=\"31\">\u00a1Claro que lo s\u00e9!<strong>\u00a0\u00bfC\u00f3mo no lo voy a saber?\u00a0<\/strong>Soy una mujer muy controladora de todo lo que tengo y me hacen. Tengo un equipo, pero lo tengo todo controlado.<\/p>\n<p class=\"question-s1\" id=\"emiT5_5NS0t\" data-wc=\"13\"><strong>H\u00e1blanos de esta casa. \u00bfQu\u00e9 es lo que m\u00e1s te gusta de ella?<\/strong><\/p>\n<p class=\"answer-s1\" id=\"eyIeBIs4AU2\" data-wc=\"54\">Le tengo un<strong>\u00a0cari\u00f1o inmenso porque fue mi refugio cuando llegu\u00e9 a Madrid.<\/strong> Me acuerdo que mi madre me dijo que dejara San Sebasti\u00e1n y empezara otra vida donde no tuviera tantos recuerdos. Como en Madrid no ten\u00eda ninguno, fue ella la que me dijo que me viniera aqu\u00ed, que ten\u00eda un piso estupendo.<\/p>\n<p class=\"question-s1\" id=\"ev1BTBvdRYl\" data-wc=\"8\"><strong>A ra\u00edz de la muerte de tu marido.<\/strong><\/p>\n<p class=\"answer-s1\" id=\"e22qazBxw5N\" data-wc=\"44\">Me vine <strong>despu\u00e9s de cinco a\u00f1o<\/strong><strong>s<\/strong>. Esta casa la adoro,<a class=\"hm-link ho-link\" href=\"https:\/\/www.hola.com\/actualidad\/20231010241518\/carmen-lomana-cuenta-detalles-robo-en-su-casa\/\" data-mrf-recirculation=\"article-body-link\" rel=\"nofollow noopener\" target=\"_blank\">\u00a0aunque me dieron alg\u00fan problemilla\u2026<\/a> En vuestra revista, le\u00ed en una entrevista a una persona que<strong>\u00a0compr\u00f3 un piso en el edificio y que nos inund\u00f3 todo<\/strong>, hasta el s\u00f3tano. Mi casa qued\u00f3 destrozada.<\/p>\n<p class=\"question-s1\" id=\"eZ1tf-F9UwF\" data-wc=\"5\"><strong>Te refieres a Ella Fontanals-Cisneros.<\/strong><\/p>\n<p class=\"answer-s1\" id=\"ee2KIi1xbRv\" data-wc=\"95\">Claro<strong>. Ella ha contado una pel\u00edcula que no tiene nada que ver con lo que pas\u00f3<\/strong>, porque ella da a entender que era una gotera y nos inund\u00f3 todo. Compr\u00f3 un piso en una c<strong>asa de protecci\u00f3n hist\u00f3rico art\u00edstica,<\/strong> que estamos incluso exentos de IBI por todo lo que es el mantenimiento de estos edificios tan antiguos, y <strong>se meti\u00f3 en una obra sin pedir permiso a nadie<\/strong>. Puso calefacci\u00f3n radiante y revent\u00f3 una tuber\u00eda, porque no son casas preparadas para estas cosas. Fue horrible, porque nos inundo todo. Nunca nos pidi\u00f3 disculpas ni nada.<\/p>\n<p class=\"question-s1\" id=\"eef4iQbEiTe\" data-wc=\"9\"><strong>Ella me dijo que s\u00ed te hab\u00eda pedido perd\u00f3n.<\/strong><\/p>\n<p class=\"answer-s1\" id=\"eyZ7ge00UHd\" data-wc=\"42\">\u00bfA m\u00ed? <strong>No<\/strong>. En una junta de comunidad vino un representante suyo, que ser\u00eda su abogado, y dijo que sent\u00eda mucho todo lo que hab\u00eda pasado. Luego, a m\u00ed me pag\u00f3 el seguro de su constructora, pero me pag\u00f3 una parte peque\u00f1a.<\/p>\n<p class=\"question-s1\" id=\"ery82dFC9BR\" data-wc=\"3\"><strong>Concretamente, 250.000 euros.<\/strong><\/p>\n<p class=\"answer-s1\" id=\"eO4cFb69tSl\" data-wc=\"104\">S\u00ed, pero es que no sabes lo que fue tod<strong>o. Lo que m\u00e1s nos doli\u00f3 a todos fue la actitud de ella\u2026 Fue arrogante. T<\/strong>odos los vecinos est\u00e1bamos muy enfadados. Me tuve que ir a un hotel tres meses porque no pod\u00eda entrar en mi casa. <strong>Ella va contando otra historia\u2026 Cada uno tiene su versi\u00f3n.<\/strong> Luego, <strong>ella dice que yo la esperaba para que me invitase\u2026<\/strong> Pero, \u00bfa d\u00f3nde? \u00bfA qu\u00e9? Es absurdo. Antes de que pasara todo este l\u00edo, en una semana de ARCO, me invit\u00f3 a tomar una copa con Boris y con otros amigos. Ah\u00ed me pareci\u00f3 encantadora, pero luego\u2026<\/p>\n<p> <img src=\"https:\/\/www.europesays.com\/es\/wp-content\/uploads\/2025\/11\/1a1b7ba423ea-foto-10-carmen-con-guillermo-su-marido-en-mallorca-carmenlomana.jpg\"   width=\"1024\" height=\"1024\" loading=\"lazy\" decoding=\"async\" alt=\"Carmen, con Guillermo, su marido, en Mallorca\" fetchpriority=\"auto\" class=\"image ho-image\"\/>\u00a9 @carmen_lomanaCarmen, con Guillermo, su marido, en Mallorca<\/p>\n<p class=\"question-s1\" id=\"epnOXrRgtT\" data-wc=\"13\"><strong>En relaci\u00f3n a tu persona, hay tres enigmas. El primero, tu edad verdadera.<\/strong><\/p>\n<p class=\"answer-s1\" id=\"e2DURWtpXME\" data-wc=\"10\">Pero si lo digo todo el d\u00eda. Tengo <strong>77 a\u00f1os\u2026\u00a0<\/strong><\/p>\n<p class=\"question-s1\" id=\"eleFCC0dpiJ\" data-wc=\"8\"><strong>Hay quien dice que te quitas alg\u00fan a\u00f1o.<\/strong><\/p>\n<p class=\"answer-s1\" id=\"e7_DTMrfxmJ\" data-wc=\"40\">\u00a1C\u00f3mo me voy a quitar! \u00bfTe parecen pocos? Pero <strong>me podr\u00eda quitar porque yo estoy fenomenal.\u00a0<\/strong>A ver qui\u00e9n est\u00e1 como yo con 77 a\u00f1os, sin estar todo el d\u00eda metida en un quir\u00f3fano. Yo no, porque no tengo tiempo.<\/p>\n<p class=\"question-s1\" id=\"eMIhMQMsgWQ\" data-wc=\"6\"><strong>\u00bfNo te has hecho ning\u00fan retoque?<\/strong><\/p>\n<p class=\"answer-s1\" id=\"eKLuDl2eesh\" data-wc=\"6\">Los <strong>ojos<\/strong>. Hace casi 20 a\u00f1os.<\/p>\n<p class=\"question-s1\" id=\"e08QzjKKUBa\" data-wc=\"2\"><strong>\u00bfNada m\u00e1s?<\/strong><\/p>\n<p class=\"answer-s1\" id=\"eptpJ3O0SdK\" data-wc=\"21\">No, pero me lo har\u00e9<strong>\u00a0cuando se me empiece a colgar todo.\u00a0<\/strong>Pero es que creo que no tengo necesidad todav\u00eda.<\/p>\n<p class=\"question-s1\" id=\"e5hVvrVF0Rb\" data-wc=\"10\"><strong>Otro de los enigmas es el origen de tu riqueza\u2026<\/strong><\/p>\n<p class=\"answer-s1\" id=\"eWtan2Xhcr8\" data-wc=\"8\"><strong>\u00bfQu\u00e9 riqueza?<\/strong> Yo tampoco soy la m\u00e1s rica.<\/p>\n<p class=\"question-s1\" id=\"eABRFWt24NI\" data-wc=\"17\"><strong>Pero vives una situaci\u00f3n m\u00e1s que acomodada. \u00bfLo has conseguido gracias a las patentes de tu marido?<\/strong><\/p>\n<p class=\"answer-s1\" id=\"euJv_tSB1Q4\" data-wc=\"16\">Eso todo es <strong>mentira. Nunca he cobrado una patente<\/strong>. Hay una cantidad de leyendas urbanas alrededor\u2026<\/p>\n<p class=\"question-s1\" id=\"egpPkR2VCIu\" data-wc=\"16\"><strong>Tambi\u00e9n se dice que, como te gusta tanto decorar casas, las comprabas y las vend\u00edas reformadas.\u00a0<\/strong><\/p>\n<p class=\"answer-s1\" id=\"ezSyu85Zp9t\" data-wc=\"74\">\u00bfEn serio?<strong>\u00a0Jam\u00e1s en mi vida<\/strong>. Mira, eso hubiera sido un buen negocio, pero no.<strong>\u00a0Nosotros invertimos mucho en en real estate y en sitios buenos.<\/strong> Mi marido piensa que ganaba mucho dinero. Bueno, viv\u00edamos normal\u2026<strong>\u00a0Yo tambi\u00e9n he trabajado siempre, nunca he sido una mujer mantenida<\/strong>. Ahora, cuando hablan tanto de feminismo\u2026 Lo mejor de la vida es la independencia econ\u00f3mica en una mujer. Casada, soltera o viuda, siempre he tenido mi dinero.<\/p>\n<p class=\"question-s1\" id=\"eGDECG4Bhjv\" data-wc=\"9\"><strong>\u00bfY lo de\u00a0real state? \u00bfComprabas pisos para alquilar?<\/strong><\/p>\n<p class=\"answer-s1\" id=\"ezyxP0YxPGf\" data-wc=\"13\"><strong>Y en oficina.<\/strong> Pero yo nunca he decorado, aunque es un buen negocio.\u00a0<\/p>\n<blockquote class=\"ho-bl-1081603 -no-figcaption\" cite=\"\">\n<p id=\"eDFHma1d4K-\">\u201cTengo 77, que es mi edad real\u2026 \u00bfTe parecen pocos a\u00f1os? \u00a0Pero me podr\u00eda quitar porque yo estoy fenomenal. A ver qui\u00e9n est\u00e1 como yo, sin estar todo el d\u00eda metida en un quir\u00f3fano. Yo no, porque no tengo tiempo\u201d<\/p>\n<\/blockquote>\n<p class=\"question-s1\" id=\"ebzOZT052K\" data-wc=\"15\"><strong>Hiciste una exposici\u00f3n en el Museo del Traje con tus vestidos de Balmain, Dior, Galliano\u2026<\/strong><\/p>\n<p class=\"answer-s1\" id=\"eIPTCrE4eGQ\" data-wc=\"17\">Valentino\u2026<strong>\u00a0Fue una exposici\u00f3n por pa\u00edses y qued\u00f3 preciosa<\/strong>. Me qued\u00e9 asombrada de la maravilla de exposici\u00f3n.<\/p>\n<p class=\"question-s1\" id=\"ewm9U7DQb8R\" data-wc=\"10\"><strong>\u00bfSabes el n\u00famero de vestidos que tienes en tus armarios?<\/strong><\/p>\n<p class=\"answer-s1\" id=\"eTrcKEJ2l3O\" data-wc=\"33\">Muchos. <strong>En esa exposici\u00f3n, hubo ciento cinco de fiesta.\u00a0<\/strong>Este a\u00f1o, <strong>el Ministerio de Cultura me ha comprado diez:<\/strong> de Oscar de la Renta, de Dior\u2026 Creo que otro de Balmain o Balenciaga.<\/p>\n<p class=\"question-s1\" id=\"eQnlRshGvgD\" data-wc=\"7\"><strong>\u00bfAlguna vez te has puesto un ch\u00e1ndal?<\/strong><\/p>\n<p class=\"answer-s1\" id=\"eGhOCOmfmd-\" data-wc=\"7\">Es que <strong>nunca\u00a0<\/strong>me he sentido favorecida.<\/p>\n<p class=\"question-s1\" id=\"e5bxDnb5hl\" data-wc=\"3\"><strong>\u00bfNo tienes uno?<\/strong><\/p>\n<p class=\"answer-s1\" id=\"e7lR0T-jvF\" data-wc=\"23\"><strong>No<\/strong>. Si un d\u00eda quiero ir a un gimnasio, me pongo un pantal\u00f3n de algod\u00f3n con una camiseta suelta mona y ya est\u00e1.<\/p>\n<p class=\"question-s1\" id=\"e8hldPowQu9\" data-wc=\"11\"><strong>\u00bfHas calculado todo el dinero que has podido gastar en ropa?<\/strong><\/p>\n<p class=\"answer-s1\" id=\"eNHkYisleME\" data-wc=\"26\">No, porque no te lo gastas de repente.<strong>\u00a0Ahora gasto mucho menos.\u00a0<\/strong>Tengo tanta ropa que lo que quiero ahora es ir m\u00e1s ligera de equipaje.<\/p>\n<p class=\"question-s1\" id=\"eOdC5GrH2LU\" data-wc=\"20\"><strong>Antes hablabas de Ella Fontanals-Cisneros, pero tambi\u00e9n has tenido problemas con Naty Abascal, Isabel Preysler, \u00c1gatha Ruiz de la Prada\u2026<\/strong><\/p>\n<p class=\"answer-s1\" id=\"eeioD7uuKA9\" data-wc=\"15\"><strong>Con Nati no\u2026 Ella sabe. Y con Isabel Preysler tampoco.<\/strong> Nunca hemos tenido una palabra\u2026<\/p>\n<p class=\"question-s1\" id=\"enCqgCI7rmy\" data-wc=\"7\"><strong>Pero s\u00ed que has hablado de Isabel\u2026<\/strong><\/p>\n<p class=\"answer-s1\" id=\"e6r5WlCiQrv\" data-wc=\"50\">Pero eran comentarios de risa, con humor. A m\u00ed<strong>\u00a0Isabel me parece una mujer educad\u00edsima, encantadora y le deseo lo mejor.\u00a0<\/strong>Y, si alguna vez he dicho una tonter\u00eda, pues ha sido con sentido del humor y han sido cosas que en el fondo creo que tampoco eran nada malo.<\/p>\n<p> <img src=\"https:\/\/www.europesays.com\/es\/wp-content\/uploads\/2025\/11\/1099ed4f69ea-foto-11-javier-alonso.jpg\"   width=\"671\" height=\"1024\" loading=\"lazy\" decoding=\"async\" alt=\"Media Image\" fetchpriority=\"auto\" class=\"image ho-image\"\/>\u00a9 Javier Alonso<\/p>\n<p class=\"question-s1\" id=\"eEa9drdpgs\" data-wc=\"19\"><strong>Has conocido a muchas personas a lo largo de tu vida. Si tuvieras que escoger a tres, \u00bfqui\u00e9n dir\u00edas?<\/strong><\/p>\n<p class=\"answer-s1\" id=\"eyD0Etx_Bik\" data-wc=\"47\">Muchos no son famosos\u2026 Son<strong>\u00a0gente de un nivel intelectual enorme que he aprendido much\u00edsimo con ellos<\/strong>. Pero dir\u00eda que <strong>Mario Conde\u00a0<\/strong>porque es un hombre arrollador, brillante, con el que aprendes\u2026 Con el que jam\u00e1s ser\u00eda yo pareja suya. Debe ser s\u00faper complicado convivir con \u00e9l.\u00a0<\/p>\n<p class=\"question-s1\" id=\"ehlzu4BcD1N\" data-wc=\"4\"><strong>\u00bfPor qu\u00e9 lo dices?\u00a0<\/strong><\/p>\n<p class=\"answer-s1\" id=\"eFDo0o00323\" data-wc=\"103\">Por su car\u00e1cter. Tiene<strong>\u00a0tanta personalidad y yo tambi\u00e9n, que ser\u00edan demasiado.<\/strong> Luego, alguien que me fascin\u00f3 conocer fue <strong>John Galliano<\/strong>. Hemos sido amigos y le he admirado much\u00edsimo. <strong>Sent\u00ed much\u00edsimo lo que le hicieron\u2026<\/strong> Luego, muchos escritores. Admiro profundamente a <strong>P\u00e9rez Reverte y a Juan Manuel de Prada.<\/strong> Hay mucha gente a la que admiro, pero son intelectuales o gente ligada a la moda. Tambi\u00e9n <strong>conoc\u00ed a Armani en Par\u00eds, cuando hac\u00eda all\u00ed los desfiles de alta costura<\/strong> y me invitaba siempre. Lo que pasa es que a m\u00ed no me gusta hablar de que conozco fulanito o menganito porque parece pretencioso.\u00a0<\/p>\n<p class=\"question-s1\" id=\"eSLECgi6Oql\" data-wc=\"9\"><strong>Para acabar la entrevista, \u00bfel dinero da la felicidad?<\/strong><\/p>\n<p class=\"answer-s1\" id=\"eLUx9CWGUWI\" data-wc=\"40\"><strong>No, no la da. La felicidad es otra cosa<\/strong>. Lo que s\u00ed te <strong>ayuda a vivir m\u00e1s confortablemente, a no depender de nadie y te da cierta independenci<\/strong>a y libertad. La felicidad es un intangible y son ratos, no siempre.<\/p>\n","protected":false},"excerpt":{"rendered":"Puede que la vida de\u00a0Carmen Lomana\u00a0parezca de color de rosa, pero no hay duda de que\u00a0ha recibido alegr\u00edas&hellip;\n","protected":false},"author":2,"featured_media":222911,"comment_status":"","ping_status":"","sticky":false,"template":"","format":"standard","meta":{"footnotes":""},"categories":[174],"tags":[517,4957,255,146,147,25,24,256,23],"class_list":{"0":"post-222910","1":"post","2":"type-post","3":"status-publish","4":"format-standard","5":"has-post-thumbnail","7":"category-famosos","8":"tag-actualidad","9":"tag-carmen-lomana","10":"tag-celebrities","11":"tag-entertainment","12":"tag-entretenimiento","13":"tag-es","14":"tag-espana","15":"tag-famosos","16":"tag-spain"},"share_on_mastodon":{"url":"https:\/\/pubeurope.com\/@es\/115507023526054136","error":""},"_links":{"self":[{"href":"https:\/\/www.europesays.com\/es\/wp-json\/wp\/v2\/posts\/222910","targetHints":{"allow":["GET"]}}],"collection":[{"href":"https:\/\/www.europesays.com\/es\/wp-json\/wp\/v2\/posts"}],"about":[{"href":"https:\/\/www.europesays.com\/es\/wp-json\/wp\/v2\/types\/post"}],"author":[{"embeddable":true,"href":"https:\/\/www.europesays.com\/es\/wp-json\/wp\/v2\/users\/2"}],"replies":[{"embeddable":true,"href":"https:\/\/www.europesays.com\/es\/wp-json\/wp\/v2\/comments?post=222910"}],"version-history":[{"count":0,"href":"https:\/\/www.europesays.com\/es\/wp-json\/wp\/v2\/posts\/222910\/revisions"}],"wp:featuredmedia":[{"embeddable":true,"href":"https:\/\/www.europesays.com\/es\/wp-json\/wp\/v2\/media\/222911"}],"wp:attachment":[{"href":"https:\/\/www.europesays.com\/es\/wp-json\/wp\/v2\/media?parent=222910"}],"wp:term":[{"taxonomy":"category","embeddable":true,"href":"https:\/\/www.europesays.com\/es\/wp-json\/wp\/v2\/categories?post=222910"},{"taxonomy":"post_tag","embeddable":true,"href":"https:\/\/www.europesays.com\/es\/wp-json\/wp\/v2\/tags?post=222910"}],"curies":[{"name":"wp","href":"https:\/\/api.w.org\/{rel}","templated":true}]}}