{"id":222924,"date":"2025-11-07T06:43:07","date_gmt":"2025-11-07T06:43:07","guid":{"rendered":"https:\/\/www.europesays.com\/es\/222924\/"},"modified":"2025-11-07T06:43:07","modified_gmt":"2025-11-07T06:43:07","slug":"elon-musk-podria-convertirse-en-el-primer-trillonario-tras-aprobarse-su-billonario-paquete-salarial","status":"publish","type":"post","link":"https:\/\/www.europesays.com\/es\/222924\/","title":{"rendered":"Elon Musk podr\u00eda convertirse en el primer trillonario tras aprobarse su billonario paquete salarial"},"content":{"rendered":"<p>El hombre m\u00e1s rico del mundo, <strong>Elon Musk<\/strong>, tuvo el jueves la oportunidad de convertirse en <a href=\"https:\/\/es.euronews.com\/business\/2025\/09\/16\/musk-compra-25-millones-de-acciones-de-tesla-se-convertira-en-el-primer-billonario-del-mun\" rel=\"nofollow noopener\" target=\"_blank\">el primer trillonario de la historia<\/a> tras una votaci\u00f3n de los accionistas que otorg\u00f3 al consejero delegado de Tesla <strong>acciones por valor de un bill\u00f3n de d\u00f3lares<\/strong> si alcanza ciertos objetivos de rendimiento durante la pr\u00f3xima d\u00e9cada.<\/p>\n<p>La votaci\u00f3n se produjo tras <strong>semanas de debate sobre su historial de gesti\u00f3n<\/strong> en el fabricante de coches el\u00e9ctricos y sobre si alguien merec\u00eda una remuneraci\u00f3n sin precedentes, suscitando acalorados comentarios desde peque\u00f1os inversores hasta gigantescos fondos de pensiones e, incluso, el Papa.<\/p>\n<p>Tambi\u00e9n se produjo s\u00f3lo tres d\u00edas despu\u00e9s de que un informe europeo mostrara que las ventas de coches Tesla volvieron a caer el mes pasado, incluido <a href=\"https:\/\/es.euronews.com\/business\/2025\/02\/07\/las-ventas-de-tesla-se-desploman-en-alemania-mientras-su-ceo-musk-continua-con-su-activism\" rel=\"nofollow noopener\" target=\"_blank\">un desplome del 50% en Alemania<\/a>. Al final, <strong>m\u00e1s del 75% de los votantes aprobaron el plan<\/strong> cuando los accionistas se reunieron en Austin, Texas, para su asamblea anual.<\/p>\n<p>\u00abFant\u00e1stico grupo de accionistas\u00bb, dijo Musk tras el recuento final de votos, y a\u00f1adi\u00f3: \u00abAgarraos a vuestras acciones de Tesla\u00bb. Musk <strong>gan\u00f3 la votaci\u00f3n con holgura<\/strong>, demostrando que los inversores siguen confiando en \u00e9l a pesar del descenso de las ventas, la cuota de mercado y los beneficios de Tesla, todo ello atribuible en gran medida a Musk.<\/p>\n<p>Debido a <strong>su implicaci\u00f3n en teor\u00edas conspirativas<\/strong> y sus incursiones en pol\u00edtica, <a href=\"https:\/\/es.euronews.com\/my-europe\/2025\/01\/09\/elon-musk-y-la-jefa-de-la-extrema-derecha-alemana-organizan-un-chat-en-linea-que-la-ue-adv\" rel=\"nofollow noopener\" target=\"_blank\">tanto en Europa<\/a> como en Estados Unidos, los clientes de autom\u00f3viles abandonaron la empresa este a\u00f1o.<\/p>\n<p>Los cr\u00edticos acusan a los directivos de depender de Musk<\/p>\n<p>A pesar de la oposici\u00f3n de varios grandes fondos, entre ellos CalPERS, la mayor pensi\u00f3n p\u00fablica de EE.UU., y el fondo soberano de Noruega, Musk vio c\u00f3mo el acuerdo sin precedentes era <strong>aprobado por el 75% de los votos<\/strong>, arrancando grandes aplausos de la audiencia en la junta general anual de la firma celebrada el jueves.<\/p>\n<p>Dos organismos de control corporativo, <strong>Institutional Shareholder Services y Glass Lewis, tambi\u00e9n se opusieron al paquete<\/strong>, lo que enfureci\u00f3 tanto a Musk que lleg\u00f3 a llamarlos \u00abterroristas corporativos\u00bb en una reciente reuni\u00f3n de inversores.<\/p>\n<p>Aunque Musk obtuvo la mayor\u00eda de los votos, los cr\u00edticos sostienen que <strong>el consejo de administraci\u00f3n estaba demasiado en deuda con Musk<\/strong>, que su comportamiento \u00faltimamente era demasiado imprudente y que las riquezas ofrecidas eran excesivas.<\/p>\n<p>\u00abYa tiene cientos de miles de millones de d\u00f3lares en la empresa y decir que no se quedar\u00e1 sin un bill\u00f3n es rid\u00edculo\u00bb, dijo <strong>Sam Abuelsamid<\/strong>, un analista de la firma de investigaci\u00f3n Telemetry que <strong>ha estado cubriendo Tesla durante casi dos d\u00e9cadas<\/strong>. \u00abEs absurdo que los accionistas piensen que vale tanto\u00bb.<\/p>\n<p>Sus partidarios sostienen que Musk necesita ser incentivado para centrarse en la empresa mientras <strong>trabaja para transformarla en una potencia de IA<\/strong> que utiliza software para operar cientos de miles de autom\u00f3viles Tesla de conducci\u00f3n aut\u00f3noma -muchos sin volante- y robots Tesla, desplegados en oficinas, f\u00e1bricas y hogares, y que realizan muchas tareas que ahora manejan los humanos.<\/p>\n","protected":false},"excerpt":{"rendered":"El hombre m\u00e1s rico del mundo, Elon Musk, tuvo el jueves la oportunidad de convertirse en el primer&hellip;\n","protected":false},"author":2,"featured_media":222925,"comment_status":"","ping_status":"","sticky":false,"template":"","format":"standard","meta":{"footnotes":""},"categories":[80],"tags":[82,95,94,11405,2308,25,24,2731,48243,23,12336],"class_list":{"0":"post-222924","1":"post","2":"type-post","3":"status-publish","4":"format-standard","5":"has-post-thumbnail","7":"category-economia","8":"tag-business","9":"tag-economia","10":"tag-economy","11":"tag-elon-musk","12":"tag-empresas","13":"tag-es","14":"tag-espana","15":"tag-finanzas","16":"tag-riqueza","17":"tag-spain","18":"tag-tesla"},"share_on_mastodon":{"url":"https:\/\/pubeurope.com\/@es\/115507062639919332","error":""},"_links":{"self":[{"href":"https:\/\/www.europesays.com\/es\/wp-json\/wp\/v2\/posts\/222924","targetHints":{"allow":["GET"]}}],"collection":[{"href":"https:\/\/www.europesays.com\/es\/wp-json\/wp\/v2\/posts"}],"about":[{"href":"https:\/\/www.europesays.com\/es\/wp-json\/wp\/v2\/types\/post"}],"author":[{"embeddable":true,"href":"https:\/\/www.europesays.com\/es\/wp-json\/wp\/v2\/users\/2"}],"replies":[{"embeddable":true,"href":"https:\/\/www.europesays.com\/es\/wp-json\/wp\/v2\/comments?post=222924"}],"version-history":[{"count":0,"href":"https:\/\/www.europesays.com\/es\/wp-json\/wp\/v2\/posts\/222924\/revisions"}],"wp:featuredmedia":[{"embeddable":true,"href":"https:\/\/www.europesays.com\/es\/wp-json\/wp\/v2\/media\/222925"}],"wp:attachment":[{"href":"https:\/\/www.europesays.com\/es\/wp-json\/wp\/v2\/media?parent=222924"}],"wp:term":[{"taxonomy":"category","embeddable":true,"href":"https:\/\/www.europesays.com\/es\/wp-json\/wp\/v2\/categories?post=222924"},{"taxonomy":"post_tag","embeddable":true,"href":"https:\/\/www.europesays.com\/es\/wp-json\/wp\/v2\/tags?post=222924"}],"curies":[{"name":"wp","href":"https:\/\/api.w.org\/{rel}","templated":true}]}}