{"id":222939,"date":"2025-11-07T06:57:09","date_gmt":"2025-11-07T06:57:09","guid":{"rendered":"https:\/\/www.europesays.com\/es\/222939\/"},"modified":"2025-11-07T06:57:09","modified_gmt":"2025-11-07T06:57:09","slug":"world-press-photo-llega-a-barcelona-con-un-retrato-del-terror-de-gaza-noticias-de-cataluna","status":"publish","type":"post","link":"https:\/\/www.europesays.com\/es\/222939\/","title":{"rendered":"\u2018World Press Photo\u2019 llega a Barcelona con un retrato del terror de Gaza | Noticias de Catalu\u00f1a"},"content":{"rendered":"<p class=\"\">El <a href=\"https:\/\/elpais.com\/noticias\/fotoperiodismo\/\" target=\"_self\" rel=\"nofollow noopener\" title=\"https:\/\/elpais.com\/noticias\/fotoperiodismo\/\">fotoperiodismo<\/a> tiene la capacidad de ser autor y testigo de la historia. Seleccionar no solo las im\u00e1genes m\u00e1s t\u00e9cnicas o est\u00e9ticamente bellas, sino tambi\u00e9n las m\u00e1s significativas, las que cuentan qu\u00e9 nos ha marcado, es el prop\u00f3sito de la exposici\u00f3n organizada por la <a href=\"https:\/\/www.fundacionpsv.org\" target=\"_self\" rel=\"nofollow noopener\" title=\"https:\/\/www.fundacionpsv.org\">Fundaci\u00f3n Photographic Social Vision<\/a>, responsable del premio <a href=\"https:\/\/www.worldpressphoto.org\" target=\"_blank\" rel=\"noreferrer nofollow noopener\" title=\"https:\/\/www.worldpressphoto.org\">World Press Photo<\/a>, junto con el <a href=\"https:\/\/www.cccb.org\/es\" target=\"_self\" rel=\"nofollow noopener\" title=\"https:\/\/www.cccb.org\/es\">Centro de Cultura Contempor\u00e0nia de Barcelona (CCCB)<\/a>. La muestra, que podr\u00e1 visitarse del 7 de noviembre al 14 de diciembre, re\u00fane m\u00e1s de 140 fotograf\u00edas tomadas en su mayor\u00eda durante 2024 y aborda los grandes retos que enfrenta la humanidad: los conflictos b\u00e9licos, la crisis medioambiental y el avance de la extrema derecha.<\/p>\n<p class=\"\">\u201cLos ganadores de este a\u00f1o nos invitan a salir del ciclo vertiginoso de la velocidad de las noticias, a tomar distancia para comprender los temas que nos afectan y merecen una reflexi\u00f3n m\u00e1s profunda\u201d, ha se\u00f1alado Jessica Murray, fundadora y directora de Al-liquindoi, asociaci\u00f3n dedicada a la formaci\u00f3n en fotoperiodismo documental. <\/p>\n<p class=\"\">En busca de esta reflexi\u00f3n, la muestra se ocupa de hacer un recorrido sobre los temas que est\u00e1n m\u00e1s presentes en las discusiones pol\u00edticas y diariamente en los peri\u00f3dicos: los <a href=\"https:\/\/www.google.com\/search?client=safari&amp;rls=en&amp;q=conflictos+b%C3%A9licos+internacionales+de+Gaza+el+pais&amp;ie=UTF-8&amp;oe=UTF-8\" target=\"_self\" rel=\"nofollow noopener\" title=\"https:\/\/www.google.com\/search?client=safari&amp;rls=en&amp;q=conflictos+b%C3%A9licos+internacionales+de+Gaza+el+pais&amp;ie=UTF-8&amp;oe=UTF-8\">conflictos b\u00e9licos internacionales de Gaza<\/a>, Ucrania, Libia y Siria; la crisis medioambiental con <a href=\"https:\/\/elpais.com\/america-futura\/2025-05-03\/las-historicas-inundaciones-del-sur-de-brasil-crearon-nuevas-formas-de-vulnerabilidad.html\" target=\"_self\" rel=\"nofollow noopener\" title=\"https:\/\/elpais.com\/america-futura\/2025-05-03\/las-historicas-inundaciones-del-sur-de-brasil-crearon-nuevas-formas-de-vulnerabilidad.html\">las inundaciones de Brasil<\/a> y la sequ\u00eda hist\u00f3rica en el Amazonas; los ciclones en Filipinas o las contaminaciones de los r\u00edos en la Rep\u00fablica Democr\u00e1tica del Congo; la migraci\u00f3n en Ir\u00e1n o en las fronteras de Estados Unidos y Mexico. La polarizaci\u00f3n pol\u00edtica est\u00e1 representada por <a href=\"https:\/\/elpais.com\/internacional\/elecciones-usa\/2024-07-20\/trump-en-su-primer-mitin-tras-el-atentado-me-lleve-un-balazo-en-nombre-de-la-democracia.html\" target=\"_self\" rel=\"nofollow noopener\" title=\"https:\/\/elpais.com\/internacional\/elecciones-usa\/2024-07-20\/trump-en-su-primer-mitin-tras-el-atentado-me-lleve-un-balazo-en-nombre-de-la-democracia.html\">el intento de asesinato de Donald Trump<\/a>, o la campa\u00f1a de oposici\u00f3n contra Maduro en Venezuela.<\/p>\n<p>M\u00e1s informaci\u00f3n<\/p>\n<p class=\"\">En 2025, la ganadora de la m\u00e1xima distinci\u00f3n del concurso f<a href=\"https:\/\/elpais.com\/cultura\/2025-04-17\/la-foto-del-ano-es-la-imagen-de-un-nino-gazati-mutilado-en-un-ataque-de-israel.html\" target=\"_self\" rel=\"nofollow noopener\" title=\"https:\/\/elpais.com\/cultura\/2025-04-17\/la-foto-del-ano-es-la-imagen-de-un-nino-gazati-mutilado-en-un-ataque-de-israel.html\">ue la fot\u00f3grafa palestina Samar Abu Elouf<\/a> por su retrato Mahmoud Aijour, nueve a\u00f1os, que cuenta la historia de un ni\u00f1o gravemente mutilado mientras hu\u00eda de un ataque israel\u00ed en la Franja de Gaza. \u201cEste ni\u00f1o fue sometido a una intervenci\u00f3n quir\u00fargica sin ning\u00fan tipo de anestesia. Cuando se dio cuenta, le pregunt\u00f3 a su madre: \u2018Mam\u00e1, \u00bfcu\u00e1ndo podr\u00e9 abrazarte?\u2019. Ahora, cuando quiere hacerlo, lo hace con las piernas\u201d, ha explicado Abu Elouf durante la presentaci\u00f3n en el CCCB. La imagen, publicada en un reportaje de The New York Times, deja al descubierto el horror de la guerra y, al mismo tiempo, transmite una ternura en la mirada del personaje principal.<\/p>\n<p><img decoding=\"auto\" class=\"_re lazyload a_m-h\" height=\"277\"  width=\"414\"  src=\"https:\/\/www.europesays.com\/es\/wp-content\/uploads\/2025\/11\/KBSSC2QQA5DALEQ2B4WEBLRSAI.jpg\" loading=\"lazy\"\/>La exposici\u00f3n  del World Press Photo 2025 en el CCCB de Barcelona.massimiliano minocri<\/p>\n<p class=\"\">Como parte de la exposici\u00f3n, la fundaci\u00f3n organiza tambi\u00e9n actividades complementarias, como debates con fotoperiodistas y la publicaci\u00f3n de un informe sobre educaci\u00f3n visual. El World Press Photo 2025 ha contado con la participaci\u00f3n de 3.778 fot\u00f3grafos de 141 pa\u00edses, que enviaron 59.320 im\u00e1genes, y ha reconocido a 42 ganadores. <\/p>\n<p class=\"\">Entre los ganadores tambi\u00e9n est\u00e1 el fot\u00f3grafo catal\u00e1n <a href=\"https:\/\/elpais.com\/autor\/samuel-nacar\/\" target=\"_self\" rel=\"nofollow noopener\" title=\"https:\/\/elpais.com\/autor\/samuel-nacar\/\">Samuel Nacar (Barcelona, \u200b\u200b1992)<\/a> por el proyecto de fotoperiodismo que cuenta la historia de los supervivientes de las prisiones de Siria. El fotoreportaje, publicado en la <a href=\"https:\/\/www.revista5w.com\" target=\"_self\" rel=\"nofollow noopener\" title=\"https:\/\/www.revista5w.com\">revista 5W<\/a> fue titulado <a href=\"https:\/\/www.revista5w.com\/temas\/derechos-humanos\/las-sombras-ya-tienen-nombre-121223\" target=\"_self\" rel=\"nofollow noopener\" title=\"https:\/\/www.revista5w.com\/temas\/derechos-humanos\/las-sombras-ya-tienen-nombre-121223\">Las sombras ya tienen un nombre<\/a> y es un registro hist\u00f3rico de las torturas que sufrieron los hombres encarcelados durante el r\u00e9gimen del expresidente Bashar al Asad. \u201cEs una victoria del fotoperiodismo, de como contar una historia en profundidad, con tiempo. Estamos muy orgullosos porque conseguimos poner nombres en una historia tan olvidada\u201d, ha comentado Nacar. <\/p>\n","protected":false},"excerpt":{"rendered":"El fotoperiodismo tiene la capacidad de ser autor y testigo de la historia. Seleccionar no solo las im\u00e1genes&hellip;\n","protected":false},"author":2,"featured_media":222940,"comment_status":"","ping_status":"","sticky":false,"template":"","format":"standard","meta":{"footnotes":""},"categories":[173],"tags":[229,233,231,230,3250,1980,18614,70,232,234,146,147,25,24,241,244,6643,73,69,74,2151,23,59128],"class_list":{"0":"post-222939","1":"post","2":"type-post","3":"status-publish","4":"format-standard","5":"has-post-thumbnail","7":"category-arte-y-diseno","8":"tag-arte","9":"tag-arte-y-diseno","10":"tag-arts","11":"tag-arts-and-design","12":"tag-camara","13":"tag-cataluna","14":"tag-cccb","15":"tag-conflictos","16":"tag-design","17":"tag-diseno","18":"tag-entertainment","19":"tag-entretenimiento","20":"tag-es","21":"tag-espana","22":"tag-exposiciones","23":"tag-fotografia","24":"tag-fotoperiodismo","25":"tag-franja-gaza","26":"tag-guerra","27":"tag-israel","28":"tag-periodismo","29":"tag-spain","30":"tag-world-press-photo"},"share_on_mastodon":{"url":"https:\/\/pubeurope.com\/@es\/115507117925152657","error":""},"_links":{"self":[{"href":"https:\/\/www.europesays.com\/es\/wp-json\/wp\/v2\/posts\/222939","targetHints":{"allow":["GET"]}}],"collection":[{"href":"https:\/\/www.europesays.com\/es\/wp-json\/wp\/v2\/posts"}],"about":[{"href":"https:\/\/www.europesays.com\/es\/wp-json\/wp\/v2\/types\/post"}],"author":[{"embeddable":true,"href":"https:\/\/www.europesays.com\/es\/wp-json\/wp\/v2\/users\/2"}],"replies":[{"embeddable":true,"href":"https:\/\/www.europesays.com\/es\/wp-json\/wp\/v2\/comments?post=222939"}],"version-history":[{"count":0,"href":"https:\/\/www.europesays.com\/es\/wp-json\/wp\/v2\/posts\/222939\/revisions"}],"wp:featuredmedia":[{"embeddable":true,"href":"https:\/\/www.europesays.com\/es\/wp-json\/wp\/v2\/media\/222940"}],"wp:attachment":[{"href":"https:\/\/www.europesays.com\/es\/wp-json\/wp\/v2\/media?parent=222939"}],"wp:term":[{"taxonomy":"category","embeddable":true,"href":"https:\/\/www.europesays.com\/es\/wp-json\/wp\/v2\/categories?post=222939"},{"taxonomy":"post_tag","embeddable":true,"href":"https:\/\/www.europesays.com\/es\/wp-json\/wp\/v2\/tags?post=222939"}],"curies":[{"name":"wp","href":"https:\/\/api.w.org\/{rel}","templated":true}]}}