{"id":222955,"date":"2025-11-07T07:07:07","date_gmt":"2025-11-07T07:07:07","guid":{"rendered":"https:\/\/www.europesays.com\/es\/222955\/"},"modified":"2025-11-07T07:07:07","modified_gmt":"2025-11-07T07:07:07","slug":"ee-uu-acaba-con-otra-lancha-en-el-caribe-por-supuesto-narcotrafico-3-muertos","status":"publish","type":"post","link":"https:\/\/www.europesays.com\/es\/222955\/","title":{"rendered":"EE.UU. acaba con otra lancha en El Caribe por supuesto narcotr\u00e1fico: 3 muertos"},"content":{"rendered":"<p>\n                    Publicado                 07\/11\/2025 &#8211; 7:41 CET<br \/>\n                \u2022Ultima actualizaci\u00f3n<br \/>\n                                     7:53\n                                        <\/p>\n<p>El <strong>Departamento de Guerra de Estados Unidos<\/strong> confirm\u00f3 la destrucci\u00f3n de un barco en el Caribe, supuestamente <a href=\"https:\/\/es.euronews.com\/tag\/narcotrafico\" rel=\"nofollow noopener\" target=\"_blank\">vinculado al narcotr\u00e1fico<\/a>. Seg\u00fan el secretario Pete Hegseth, la operaci\u00f3n fue <strong>ordenada directamente por el presidente Donald Trump<\/strong>. <\/p>\n<p>En redes sociales, Hegseth comparti\u00f3 un video en blanco y negro capturado desde un dron del ataque y lanz\u00f3 una advertencia: <strong>\u00abSi contin\u00faan traficando drogas, los mataremos\u00bb<\/strong>.<\/p>\n<p>Balance de la campa\u00f1a militar<\/p>\n<p>Con este operativo, <strong>ya son m\u00e1s de 15 embarcaciones destruidas y al menos 69 personas muertas<\/strong> desde septiembre. Los ataques se han extendido desde la costa venezolana hasta el Pac\u00edfico oriental, en lo que la <a href=\"https:\/\/es.euronews.com\/2025\/11\/03\/trump-operacion-militar-secreta-mexico-atacar-carteles-droga\" rel=\"nofollow noopener\" target=\"_blank\">Administraci\u00f3n Trump<\/a> ha calificado como un <strong>\u00abconflicto armado directo\u00bb<\/strong> contra carteles latinoamericanos.<\/p>\n<p>Reacciones y controversias<\/p>\n<p>El Senado estadounidense debati\u00f3 este jueves <a href=\"https:\/\/es.euronews.com\/2025\/10\/17\/senado-limitar-ataques-eeuu-venezuela\" rel=\"nofollow noopener\" target=\"_blank\">una propuesta dem\u00f3crata<\/a> para limitar la campa\u00f1a militar en aguas internacionales, pero fue rechazada por un estrecho margen de <strong>49 votos a favor y 51 en contra<\/strong>. <\/p>\n<p>Mientras tanto, <strong>Venezuela y Colombia<\/strong> han denunciado los ataques como ejecuciones extrajudiciales, y organizaciones como Amnist\u00eda Internacional cuestionan su legalidad bajo el derecho internacional. Adem\u00e1s, existe la posibilidad de un ataque de EE.UU. en territorio venezolano, aunque <a href=\"https:\/\/es.euronews.com\/2025\/10\/31\/trump-niega-ataque-venezuela-inminente\" rel=\"nofollow noopener\" target=\"_blank\">Trump lo haya negado<\/a>.<\/p>\n","protected":false},"excerpt":{"rendered":"Publicado 07\/11\/2025 &#8211; 7:41 CET \u2022Ultima actualizaci\u00f3n 7:53 El Departamento de Guerra de Estados Unidos confirm\u00f3 la destrucci\u00f3n&hellip;\n","protected":false},"author":2,"featured_media":222956,"comment_status":"","ping_status":"","sticky":false,"template":"","format":"standard","meta":{"footnotes":""},"categories":[42],"tags":[25209,21081,17,18,629,13,14,11,61,62,63,64,19,20,7337,9,10,15,16,12,21,22,1192,65,66,67],"class_list":{"0":"post-222955","1":"post","2":"type-post","3":"status-publish","4":"format-standard","5":"has-post-thumbnail","7":"category-internacional","8":"tag-ataque-aereo","9":"tag-barcos","10":"tag-breaking-news","11":"tag-breakingnews","12":"tag-estados-unidos","13":"tag-featured-news","14":"tag-featurednews","15":"tag-headlines","16":"tag-internacional","17":"tag-international","18":"tag-international-news","19":"tag-internationalnews","20":"tag-latest-news","21":"tag-latestnews","22":"tag-narcotrafico","23":"tag-news","24":"tag-noticias","25":"tag-noticias-destacadas","26":"tag-noticiasdestacadas","27":"tag-titulares","28":"tag-ultimas-noticias","29":"tag-ultimasnoticias","30":"tag-venezuela","31":"tag-world","32":"tag-world-news","33":"tag-worldnews"},"share_on_mastodon":{"url":"https:\/\/pubeurope.com\/@es\/115507156964365851","error":""},"_links":{"self":[{"href":"https:\/\/www.europesays.com\/es\/wp-json\/wp\/v2\/posts\/222955","targetHints":{"allow":["GET"]}}],"collection":[{"href":"https:\/\/www.europesays.com\/es\/wp-json\/wp\/v2\/posts"}],"about":[{"href":"https:\/\/www.europesays.com\/es\/wp-json\/wp\/v2\/types\/post"}],"author":[{"embeddable":true,"href":"https:\/\/www.europesays.com\/es\/wp-json\/wp\/v2\/users\/2"}],"replies":[{"embeddable":true,"href":"https:\/\/www.europesays.com\/es\/wp-json\/wp\/v2\/comments?post=222955"}],"version-history":[{"count":0,"href":"https:\/\/www.europesays.com\/es\/wp-json\/wp\/v2\/posts\/222955\/revisions"}],"wp:featuredmedia":[{"embeddable":true,"href":"https:\/\/www.europesays.com\/es\/wp-json\/wp\/v2\/media\/222956"}],"wp:attachment":[{"href":"https:\/\/www.europesays.com\/es\/wp-json\/wp\/v2\/media?parent=222955"}],"wp:term":[{"taxonomy":"category","embeddable":true,"href":"https:\/\/www.europesays.com\/es\/wp-json\/wp\/v2\/categories?post=222955"},{"taxonomy":"post_tag","embeddable":true,"href":"https:\/\/www.europesays.com\/es\/wp-json\/wp\/v2\/tags?post=222955"}],"curies":[{"name":"wp","href":"https:\/\/api.w.org\/{rel}","templated":true}]}}