{"id":222959,"date":"2025-11-07T07:09:11","date_gmt":"2025-11-07T07:09:11","guid":{"rendered":"https:\/\/www.europesays.com\/es\/222959\/"},"modified":"2025-11-07T07:09:11","modified_gmt":"2025-11-07T07:09:11","slug":"zohran-mamdani-alcalde-electo-de-nueva-york-es-accionista-del-real-oviedo","status":"publish","type":"post","link":"https:\/\/www.europesays.com\/es\/222959\/","title":{"rendered":"Zohran Mamdani, alcalde electo de Nueva York, es accionista del Real Oviedo"},"content":{"rendered":"<p>Oviedo (EFE).- El pr\u00f3ximo alcalde de Nueva York, Zohran Mamdani, es desde 2012 accionista del Real Oviedo, club de la Primera Divisi\u00f3n de f\u00fatbol espa\u00f1ola.<\/p>\n<p>\u00abAcabo de comprar una acci\u00f3n, \u00bfposiblemente soy el primer accionista del Real Oviedo con sede en Maine?\u00bb, escribi\u00f3 en noviembre de 2012 Mamdani, entonces de 21 a\u00f1os, en las redes sociales.<\/p>\n<p>EL ahora pol\u00edtico escrib\u00eda a Sid Lowe, el periodista ingl\u00e9s y aficionado del Real Oviedo que consigui\u00f3 globalizar la salvaci\u00f3n del club azul hace m\u00e1s de una d\u00e9cada.<\/p>\n<p>En aquella ampliaci\u00f3n de capital llevada a cabo a finales de 2012, que garantiz\u00f3 la supervivencia del club y la compra despu\u00e9s del Grupo Carso de Carlos Slim, la afici\u00f3n del Real Oviedo se volc\u00f3 y dicho movimiento acab\u00f3 con m\u00e1s de 40.000 personas de 125 pa\u00edses distintos siendo accionistas del club azul, entre ellos el ahora alcalde de Nueva York.<\/p>\n<p>\u00abPor cierto, siento una verg\u00fcenza terrible, no le contest\u00e9\u00bb, bromeaba este mediod\u00eda Sid Lowe, el periodista ingl\u00e9s de The Guardian y gran aficionado carbay\u00f3n, cuando se enter\u00f3 de que Mamdani compr\u00f3 una acci\u00f3n del Real Oviedo en 2012.<\/p>\n<p>Zohran Mamdani, nacido en Uganda, del Partido Dem\u00f3crata, musulm\u00e1n y de ideolog\u00eda socialista, se convertir\u00e1 en enero cuando asuma el cargo en el alcalde m\u00e1s joven de Nueva York desde 1892 y es desde ya uno de los rivales pol\u00edticos del presidente Donald Trump. EFE<\/p>\n","protected":false},"excerpt":{"rendered":"Oviedo (EFE).- El pr\u00f3ximo alcalde de Nueva York, Zohran Mamdani, es desde 2012 accionista del Real Oviedo, club&hellip;\n","protected":false},"author":2,"featured_media":222960,"comment_status":"","ping_status":"","sticky":false,"template":"","format":"standard","meta":{"footnotes":""},"categories":[5],"tags":[17,18,115,25,24,13,14,282,11,19,20,9,10,15,16,952,23,12,21,22],"class_list":{"0":"post-222959","1":"post","2":"type-post","3":"status-publish","4":"format-standard","5":"has-post-thumbnail","7":"category-titulares","8":"tag-breaking-news","9":"tag-breakingnews","10":"tag-eeuu","11":"tag-es","12":"tag-espana","13":"tag-featured-news","14":"tag-featurednews","15":"tag-futbol","16":"tag-headlines","17":"tag-latest-news","18":"tag-latestnews","19":"tag-news","20":"tag-noticias","21":"tag-noticias-destacadas","22":"tag-noticiasdestacadas","23":"tag-politica","24":"tag-spain","25":"tag-titulares","26":"tag-ultimas-noticias","27":"tag-ultimasnoticias"},"share_on_mastodon":{"url":"https:\/\/pubeurope.com\/@es\/115507164775022128","error":""},"_links":{"self":[{"href":"https:\/\/www.europesays.com\/es\/wp-json\/wp\/v2\/posts\/222959","targetHints":{"allow":["GET"]}}],"collection":[{"href":"https:\/\/www.europesays.com\/es\/wp-json\/wp\/v2\/posts"}],"about":[{"href":"https:\/\/www.europesays.com\/es\/wp-json\/wp\/v2\/types\/post"}],"author":[{"embeddable":true,"href":"https:\/\/www.europesays.com\/es\/wp-json\/wp\/v2\/users\/2"}],"replies":[{"embeddable":true,"href":"https:\/\/www.europesays.com\/es\/wp-json\/wp\/v2\/comments?post=222959"}],"version-history":[{"count":0,"href":"https:\/\/www.europesays.com\/es\/wp-json\/wp\/v2\/posts\/222959\/revisions"}],"wp:featuredmedia":[{"embeddable":true,"href":"https:\/\/www.europesays.com\/es\/wp-json\/wp\/v2\/media\/222960"}],"wp:attachment":[{"href":"https:\/\/www.europesays.com\/es\/wp-json\/wp\/v2\/media?parent=222959"}],"wp:term":[{"taxonomy":"category","embeddable":true,"href":"https:\/\/www.europesays.com\/es\/wp-json\/wp\/v2\/categories?post=222959"},{"taxonomy":"post_tag","embeddable":true,"href":"https:\/\/www.europesays.com\/es\/wp-json\/wp\/v2\/tags?post=222959"}],"curies":[{"name":"wp","href":"https:\/\/api.w.org\/{rel}","templated":true}]}}