{"id":222975,"date":"2025-11-07T07:24:08","date_gmt":"2025-11-07T07:24:08","guid":{"rendered":"https:\/\/www.europesays.com\/es\/222975\/"},"modified":"2025-11-07T07:24:08","modified_gmt":"2025-11-07T07:24:08","slug":"crepusculo-zootropolis-2%e2%80%b2-nuremberg-y-otros-estrenos-o-reestrenos-que-puedes-ver-en-cines-este-noviembre-el-pais-expres","status":"publish","type":"post","link":"https:\/\/www.europesays.com\/es\/222975\/","title":{"rendered":"\u2018Crep\u00fasculo\u2019, \u2018Zootr\u00f3polis 2\u2032, \u2018N\u00faremberg\u2019 y otros estrenos (o reestrenos) que puedes ver en cines este noviembre | El PA\u00cdS Expr\u00e9s"},"content":{"rendered":"<p><img fetchpriority=\"high\" decoding=\"auto\" class=\"_re  a_m-h\" height=\"414\"  width=\"414\"  src=\"https:\/\/www.europesays.com\/es\/wp-content\/uploads\/2025\/11\/LIJOSFCFKFBFXDBLUNZ257MZN4.jpg\" loading=\"eager\"\/>This image released by Sony Pictures Classics shows Wrenn Schmidt, left, and Michael Shannon in a scene from \u00abNuremberg.\u00bb (Scott Garfield\/Sony Pictures Classics via AP)FOTO: Sony Pictures Classics via AP<\/p>\n<p class=\"\">Noviembre llega con reestrenos para nost\u00e1lgicos, novedades y algunos salvavidas para una cartelera que lleva meses cayendo en picado. <\/p>\n<p class=\"\">Estas son algunas de las llegadas m\u00e1s esperadas de este mes:<\/p>\n<ol>\n<li><b>Crep\u00fasculo<\/b>. La saga de vampiros que marc\u00f3 a toda una generaci\u00f3n vuelve a la gran pantalla este viernes por su d\u00e9cimo aniversario.<\/li>\n<li><b>Predator: Badlands.<\/b> La franquicia resurge para mostrar al monstruo como nunca antes: amable. Este viernes, en salas.<\/li>\n<li><b>Bugonia.<\/b> Emma Stone y Yorgos Lanthimos preparan una nueva locura de conspiraciones y alien\u00edgenas, adaptada de una pel\u00edcula coreana. Tambi\u00e9n en cines este 7 de noviembre.<\/li>\n<li><b>N\u00faremberg<\/b>. Rami Malek, Russell Crowe y Michael Shannon son quienes se ponen en el estrado del juicio al r\u00e9gimen nazi. El 28, en salas.<\/li>\n<li><b>Zootr\u00f3polis 2. <\/b>El bombazo de Disney de 2016 regresa con una secuela dispuesta a arrasar. Se podr\u00e1 ver a partir del 28 en los cines.<\/li>\n<li><b>Flores para Antonio. <\/b>Alba Flores trata de reconstruir el legado de su padre, musical y personal. Disponible el 28 en las salas.<\/li>\n<\/ol>\n<p class=\"\">\u00a9Foto: Sony Pictures Classics via AP<\/p>\n<p class=\"\"><a href=\"https:\/\/elpais.com\/cultura\/cine\/2025-11-06\/wicked-zootropolis-lo-nuevo-de-yorgos-lanthimos-y-otras-de-las-peliculas-de-estreno-mas-esperadas-de-noviembre.html\" target=\"_self\" rel=\"nofollow noopener\" title=\"https:\/\/elpais.com\/cultura\/cine\/2025-11-06\/wicked-zootropolis-lo-nuevo-de-yorgos-lanthimos-y-otras-de-las-peliculas-de-estreno-mas-esperadas-de-noviembre.html\">Si quieres saber m\u00e1s, puedes leer aqu\u00ed.<\/a><\/p>\n","protected":false},"excerpt":{"rendered":"This image released by Sony Pictures Classics shows Wrenn Schmidt, left, and Michael Shannon in a scene from&hellip;\n","protected":false},"author":2,"featured_media":222976,"comment_status":"","ping_status":"","sticky":false,"template":"","format":"standard","meta":{"footnotes":""},"categories":[169],"tags":[229,1013,177,209,146,147,25,24,176,175,59138,23],"class_list":{"0":"post-222975","1":"post","2":"type-post","3":"status-publish","4":"format-standard","5":"has-post-thumbnail","7":"category-cine","8":"tag-arte","9":"tag-cartelera","10":"tag-cine","11":"tag-cultura","12":"tag-entertainment","13":"tag-entretenimiento","14":"tag-es","15":"tag-espana","16":"tag-film","17":"tag-movies","18":"tag-salas-cine","19":"tag-spain"},"share_on_mastodon":{"url":"https:\/\/pubeurope.com\/@es\/115507224309740657","error":""},"_links":{"self":[{"href":"https:\/\/www.europesays.com\/es\/wp-json\/wp\/v2\/posts\/222975","targetHints":{"allow":["GET"]}}],"collection":[{"href":"https:\/\/www.europesays.com\/es\/wp-json\/wp\/v2\/posts"}],"about":[{"href":"https:\/\/www.europesays.com\/es\/wp-json\/wp\/v2\/types\/post"}],"author":[{"embeddable":true,"href":"https:\/\/www.europesays.com\/es\/wp-json\/wp\/v2\/users\/2"}],"replies":[{"embeddable":true,"href":"https:\/\/www.europesays.com\/es\/wp-json\/wp\/v2\/comments?post=222975"}],"version-history":[{"count":0,"href":"https:\/\/www.europesays.com\/es\/wp-json\/wp\/v2\/posts\/222975\/revisions"}],"wp:featuredmedia":[{"embeddable":true,"href":"https:\/\/www.europesays.com\/es\/wp-json\/wp\/v2\/media\/222976"}],"wp:attachment":[{"href":"https:\/\/www.europesays.com\/es\/wp-json\/wp\/v2\/media?parent=222975"}],"wp:term":[{"taxonomy":"category","embeddable":true,"href":"https:\/\/www.europesays.com\/es\/wp-json\/wp\/v2\/categories?post=222975"},{"taxonomy":"post_tag","embeddable":true,"href":"https:\/\/www.europesays.com\/es\/wp-json\/wp\/v2\/tags?post=222975"}],"curies":[{"name":"wp","href":"https:\/\/api.w.org\/{rel}","templated":true}]}}