{"id":223005,"date":"2025-11-07T07:49:11","date_gmt":"2025-11-07T07:49:11","guid":{"rendered":"https:\/\/www.europesays.com\/es\/223005\/"},"modified":"2025-11-07T07:49:11","modified_gmt":"2025-11-07T07:49:11","slug":"el-vrs-se-mantiene-como-una-amenaza-subestimada-e-incomprendida","status":"publish","type":"post","link":"https:\/\/www.europesays.com\/es\/223005\/","title":{"rendered":"El VRS se mantiene como una amenaza subestimada e incomprendida"},"content":{"rendered":"<p>Nuevos datos de una encuesta internacional sugieren que, pese a que el conocimiento sobre el virus respiratorio sincitial (VRS) en Espa\u00f1a supera la media global, esta informaci\u00f3n no se traduce en una mayor percepci\u00f3n del riesgo ni en un conocimiento real de la misma. La encuesta, llevada a cabo por &#8230;            &#13;\n        <\/p>\n<p> &#13;<br \/>\n&#13;<\/p>\n<p>Nuevos datos de una encuesta internacional sugieren que, pese a que el conocimiento sobre el <strong>virus respiratorio sincitial (VRS) <\/strong>en Espa\u00f1a supera la media global, esta informaci\u00f3n no se traduce en una mayor percepci\u00f3n del riesgo ni en un conocimiento real de la misma. La encuesta, llevada a cabo por la compa\u00f1\u00eda biofarmac\u00e9utica GSK, revela que solo el 38% de los adultos mayores de 50\u00a0a\u00f1os con enfermedades cr\u00f3nicas en Espa\u00f1a sabe qu\u00e9 significan las siglas VRS, un 28% cree que el VRS es un tipo de virus de la gripe y un 29% considera que solo afecta a los pulmones y al sistema respiratorio. Adem\u00e1s, un 21% de encuestados afirma no estar en absoluto preocupado por contraerlo y apenas 2 de cada 5 cree que puede ser algo grave, especialmente entre los adultos mayores y las personas con determinadas enfermedades subyacentes.<\/p>\n<p>Estos datos, publicados con motivo de la Semana de Concienciaci\u00f3n sobre el VRS que se celebra entre el 3 y el 9 de noviembre, reiteran la necesidad de seguir formando a la poblaci\u00f3n sobre una enfermedad que causa m\u00e1s de 5\u00a0millones de infecciones al a\u00f1o. Espa\u00f1a ha sido uno de los pa\u00edses participantes en esta encuesta internacional con una muestra de 501 personas. <\/p>\n<p>De acuerdo con los datos extra\u00eddos a\u00fan persiste gran desconocimiento en torno a esta infecci\u00f3n respiratoria: apenas <strong>2 de cada 5 encuestados en Espa\u00f1a saben que existen medidas preventivas que pueden proteger frente a VRS, neumon\u00eda, gripe o COVID en su grupo de edad<\/strong>. Esta falta de concienciaci\u00f3n es especialmente preocupante en los grupos de riesgo que padecen enfermedades cr\u00f3nicas, como diabetes, enfermedad pulmonar obstructiva cr\u00f3nica (EPOC), asma, enfermedad coronaria o insuficiencia card\u00edaca, y que representan la poblaci\u00f3n con mayor riesgo de desarrollar infecciones graves por infecciones respiratorias. Entre ellos, el 53% de las personas con EPOC y el 41% de las personas con diabetes muestran un nivel de certeza significativamente mayor de que sus condiciones preexistentes los ponen en mayor riesgo de enfermedad grave por infecciones como gripe o neumon\u00eda, frente a quienes tienen enfermedades cardiovasculares (22%).<\/p>\n<p>La <strong>Dra. Karen Rance<\/strong>, directora m\u00e9dica de la Plataforma Global de Pacientes con Alergia Respiratoria (GAAPP, por sus siglas en ingl\u00e9s), afirma que \u00abel VRS no es lo mismo que un resfriado com\u00fan o la gripe. Para los adultos con determinadas enfermedades subyacentes, supone un riesgo de enfermedad grave y puede agravar enfermedades cr\u00f3nicas existentes. Sin embargo, debido a que el p\u00fablico general percibe sus s\u00edntomas como leves, a menudo se pasa por alto su peligrosidad en personas de riesgo\u00bb. <\/p>\n<p> &#13;<br \/>\n&#13;<\/p>\n<p>Por otro lado, es destacable que los pacientes espa\u00f1oles en riesgo se consideran altamente proactivos en el manejo de su salud:  un 83% afirma que cuenta con informaci\u00f3n sobre sus condiciones m\u00e9dicas, pero solo el 27% reconoce estar \u00abdefinitivamente\u00bb en mayor riesgo de padecer infecciones respiratorias graves y un 26% se declara estar muy preocupado por desarrollarlas. La encuesta resalta, asimismo, que un 49% de los adultos en riesgo habla sobre el VRS con su profesional de salud; sin embargo, solo una cuarta parte de esas conversaciones incluye informaci\u00f3n sobre medidas preventivas frente al VRS (27%) y sobre la importancia de protegerse frente a otras infecciones respiratorias como la gripe o la COVID-19. Este dato refleja la falta de integraci\u00f3n del VRS en el di\u00e1logo habitual con el profesional sanitario, a pesar de tratarse de una infecci\u00f3n respiratoria con consecuencias graves en mayores de 50 a\u00f1os y con patolog\u00edas cr\u00f3nicas. Entre quienes s\u00ed abordan el tema en consulta, la mayor\u00eda lo hace con su m\u00e9dico de Atenci\u00f3n Primaria (43%), aunque tambi\u00e9n lo consultan con profesionales de Enfermer\u00eda (33%), Farmacia (32%) y otras especialidades (31%), lo que muestra que existe inter\u00e9s, aunque a\u00fan insuficiente.<\/p>\n<p>Estas percepciones err\u00f3neas generalizadas contribuyen a subestimar la carga de la enfermedad, lo que puede aumentar el riesgo de que muchos adultos vulnerables padezcan enfermedad grave y requieran hospitalizaci\u00f3n. Las repercusiones pueden ser duraderas, ya que se estima que el 14% de los adultos hospitalizados por el VRS necesita un mayor nivel de cuidados al ser dados de alta en comparaci\u00f3n con su situaci\u00f3n anterior. De hecho, un 43% de los pacientes espa\u00f1oles con EPOC desconoce el mayor riesgo de ingreso hospitalario asociado al VRS, mientras que m\u00e1s de la mitad de las personas con dolencias cardiacas o diabetes nunca han hablado de esta infecci\u00f3n con su profesional sanitario. <\/p>\n<p><strong>Algunos de los resultados de la encuesta realizada en Espa\u00f1a son los siguientes:<\/strong><\/p>\n<ul>\n<li>A pesar de que el 80% de los encuestados mayores de 50\u00a0a\u00f1os que padece determinadas enfermedades subyacentes expresa su preocupaci\u00f3n por contraer infecciones respiratorias graves como el VRS, solo la mitad (55%) es consciente de que el VRS puede ser grave. En nuestro pa\u00eds esta percepci\u00f3n de gravedad es menor: solo el 26% de los adultos en riesgo se declara \u00abmuy preocupado\u00bb y un 21% afirma no estar en absoluto preocupado por contraerlo.<\/li>\n<li>En el caso de las personas con enfermedades cardiovasculares, el desconocimiento es especialmente significativo: el 66% desconoce el riesgo de sufrir complicaciones cardiacas graves, a pesar de que tienen m\u00e1s del triple de probabilidades de sufrir un empeoramiento de la insuficiencia card\u00edaca existente o un episodio card\u00edaco agudo cuando son hospitalizados por el VRS..Este hallazgo coincide con el patr\u00f3n global, donde casi dos tercios (60%) de las personas con estas caracter\u00edsticas desconoce ese potencial.<\/li>\n<li>Aunque el 83% afirma tratar de forma proactiva sus enfermedades subyacentes, el 51% nunca ha hablado del VRS con ning\u00fan profesional sanitario.<\/li>\n<li>El 28% de los encuestados cree de forma err\u00f3nea que el VRS es un tipo de virus de la gripe y el 29% considera que solo afecta a los pulmones y al sistema respiratorio, lo que conlleva una subestimaci\u00f3n del riesgo. Estas ideas equivocadas, que tambi\u00e9n se observan a nivel global (26% y 27% respectivamente), refuerzan la tendencia a subestimar el riesgo continuo del virus en los mayores de 50 a\u00f1os con comorbilidades.<\/li>\n<\/ul>\n<p><strong>Mar\u00eda Jos\u00e9 Mu\u00f1oz<\/strong>, directora m\u00e9dico de GSK Espa\u00f1a, ha comentado: \u00abEsta encuesta es un recordatorio de que el VRS sigue siendo una amenaza subestimada e incomprendida, especialmente para las personas con mayor riesgo de padecer enfermedad grave. Esta Semana de Concienciaci\u00f3n sobre el VRS representa una oportunidad para seguir mejorando su conocimiento, capacitar a las personas para que comprendan su riesgo real y fomentar conversaciones con los profesionales sanitarios sobre esta infecci\u00f3n respiratoria y su potencial para empeorar las enfermedades subyacentes\u00bb.<\/p>\n","protected":false},"excerpt":{"rendered":"Nuevos datos de una encuesta internacional sugieren que, pese a que el conocimiento sobre el virus respiratorio sincitial&hellip;\n","protected":false},"author":2,"featured_media":223006,"comment_status":"","ping_status":"","sticky":false,"template":"","format":"standard","meta":{"footnotes":""},"categories":[92],"tags":[7767,4213,988,4507,59148,5327,29148,4340,21611,2270,8830,56,553,1293,25,24,8786,1998,3419,7749,9853,1080,165,7761,59147,61,13949,5968,446,596,3430,32807,9766,2074,798,1789,8828,17823,166,20900,59149,1138,23,59146,22241,30987],"class_list":{"0":"post-223005","1":"post","2":"type-post","3":"status-publish","4":"format-standard","5":"has-post-thumbnail","7":"category-salud","8":"tag-adultos","9":"tag-amenaza","10":"tag-anos","11":"tag-apenas","12":"tag-biofarmaceutica","13":"tag-cabo","14":"tag-cada","15":"tag-compania","16":"tag-conocimiento","17":"tag-covid","18":"tag-cronicas","19":"tag-datos","20":"tag-encuesta","21":"tag-enfermedades","22":"tag-es","23":"tag-espana","24":"tag-existen","25":"tag-falta","26":"tag-frente","27":"tag-gripe","28":"tag-gsk","29":"tag-ha","30":"tag-health","31":"tag-impacto","32":"tag-incomprendida","33":"tag-internacional","34":"tag-llevado","35":"tag-mantiene","36":"tag-mayores","37":"tag-medidas","38":"tag-neumonia","39":"tag-obtenidos","40":"tag-preventivas","41":"tag-que","42":"tag-real","43":"tag-revela","44":"tag-sabe","45":"tag-saben","46":"tag-salud","47":"tag-siglas","48":"tag-significan","49":"tag-solo","50":"tag-spain","51":"tag-subestimada","52":"tag-tan","53":"tag-vrs"},"share_on_mastodon":{"url":"https:\/\/pubeurope.com\/@es\/115507322215702699","error":""},"_links":{"self":[{"href":"https:\/\/www.europesays.com\/es\/wp-json\/wp\/v2\/posts\/223005","targetHints":{"allow":["GET"]}}],"collection":[{"href":"https:\/\/www.europesays.com\/es\/wp-json\/wp\/v2\/posts"}],"about":[{"href":"https:\/\/www.europesays.com\/es\/wp-json\/wp\/v2\/types\/post"}],"author":[{"embeddable":true,"href":"https:\/\/www.europesays.com\/es\/wp-json\/wp\/v2\/users\/2"}],"replies":[{"embeddable":true,"href":"https:\/\/www.europesays.com\/es\/wp-json\/wp\/v2\/comments?post=223005"}],"version-history":[{"count":0,"href":"https:\/\/www.europesays.com\/es\/wp-json\/wp\/v2\/posts\/223005\/revisions"}],"wp:featuredmedia":[{"embeddable":true,"href":"https:\/\/www.europesays.com\/es\/wp-json\/wp\/v2\/media\/223006"}],"wp:attachment":[{"href":"https:\/\/www.europesays.com\/es\/wp-json\/wp\/v2\/media?parent=223005"}],"wp:term":[{"taxonomy":"category","embeddable":true,"href":"https:\/\/www.europesays.com\/es\/wp-json\/wp\/v2\/categories?post=223005"},{"taxonomy":"post_tag","embeddable":true,"href":"https:\/\/www.europesays.com\/es\/wp-json\/wp\/v2\/tags?post=223005"}],"curies":[{"name":"wp","href":"https:\/\/api.w.org\/{rel}","templated":true}]}}