{"id":223021,"date":"2025-11-07T08:05:11","date_gmt":"2025-11-07T08:05:11","guid":{"rendered":"https:\/\/www.europesays.com\/es\/223021\/"},"modified":"2025-11-07T08:05:11","modified_gmt":"2025-11-07T08:05:11","slug":"es-un-fallo-gordisimo-hace-dano-a-la-institucion-y-a-su-propio-hijo","status":"publish","type":"post","link":"https:\/\/www.europesays.com\/es\/223021\/","title":{"rendered":"Es un fallo gord\u00edsimo, hace da\u00f1o a la instituci\u00f3n y a su propio hijo"},"content":{"rendered":"<p><img loading=\"lazy\" decoding=\"async\" src=\"https:\/\/www.europesays.com\/es\/wp-content\/uploads\/2025\/10\/1760450890_434_100x100_informalia-logo.jpg\" itemtype=\"\/\/schema.org\/ImageObject\" itemprop=\"url\" alt=\"Informalia\" width=\"64\" height=\"64\" pinger-seen=\"true\"\/><\/p>\n<p><b>Alba Carrillo <\/b>no tienes pelos en la lengua. Tras regresar de Latinoam\u00e9rica, donde ha participado en la grabaci\u00f3n de Hasta el fin del mundo a d\u00fao con <b>Cristina Cifuentes<\/b>, la ex de Feliciano L\u00f3pez ha dejado entrever la amistad que mantiene con la pol\u00edtica. <\/p>\n<p>\u00ab<b>Siempre pasar\u00e9 el filtro de Cristina Cifuentes, yo la llamar\u00e9 porque tiene buen criterio<\/b>\u00ab, ha manifestado entre risas ante las c\u00e1maras de Europa Press. Asimismo, en su intervenci\u00f3n, la modelo ha opinado sobre Reconciliaci\u00f3n, las memorias de don Juan Carlos, publicadas en Francia el pasado 5 de noviembre.<\/p>\n<p>\u00ab<b>Si realmente lo que quiere es una reconciliaci\u00f3n familiar, creo que el camino es otro. Es un fallo gord\u00edsimo.<\/b> <b>Creo que hace mucho da\u00f1o a la instituci\u00f3n y a su propio hijo<\/b>\u00ab, ha sentenciado.<\/p>\n<p>Alba tambi\u00e9n ha valorado el auge de las memorias en los \u00faltimos meses con publicaciones como la de <b>Mar Flores<\/b>, <b>Isabel Preysler <\/b>o la del propio <b>Juan Carlos I<\/b>. \u00ab<b>Voy a escribir unas memorias porque tengo algunos WhatsApp&#8230;<\/b> Como ahora est\u00e1 de moda poner cartas \u00edntimas de tus ex y de todo, pues yo como en mi \u00e9poca ya hab\u00eda WhatsApp\u00bb, ha bromeado, en referencia a las cartas de <b>Mario Vargas Llosa<\/b> que  public\u00f3 la madre de Tamara Falc\u00f3.<\/p>\n<p>WhatsApp<a href=\"https:\/\/api.whatsapp.com\/send?text=https:\/\/www.eleconomista.es\/informalia\/famosos\/noticias\/13631951\/11\/25\/alba-carrillo-sobre-las-memorias-de-juan-carlos-i-es-un-fallo-gordisimo-hace-dano-a-la-institucion-y-a-su-propio-hijo.html?utm_source%3Dwhatsapp%26utm_medium%3Dshare_button&amp;id=1648118629957_whatsapp\" target=\"_blank\" data-action=\"share\/whatsapp\/share\" aria-label=\"Compartir en Whatsapp\" rel=\"nofollow noopener\"><\/a>Facebook<a id=\"fb-share\" href=\"#\" target=\"_blank\" rel=\"noopener noreferrer\" aria-label=\"Compartir en Facebook\"><\/a>Twitter<a href=\"https:\/\/twitter.com\/share?text=Alba+Carrillo%2C+sobre+las+memorias+de+Juan+Carlos+I%3A+%22Es+un+fallo+gord%C3%ADsimo%2C+hace+da%C3%B1o+a+la+instituci%C3%B3n+y+a+su+propio+hijo%22&amp;url=https:\/\/www.eleconomista.es\/informalia\/famosos\/noticias\/13631951\/11\/25\/alba-carrillo-sobre-las-memorias-de-juan-carlos-i-es-un-fallo-gordisimo-hace-dano-a-la-institucion-y-a-su-propio-hijo.html&amp;via=Informalia&amp;id=1648118839245_twitter\" target=\"_blank\" aria-label=\"Compartir en Twitter\" rel=\"nofollow noopener\"><\/a>Linkedin<a onclick=\"return abrirLinkedin();\" href=\"https:\/\/www.linkedin.com\/shareArticle?text=Alba+Carrillo%2C+sobre+las+memorias+de+Juan+Carlos+I%3A+%22Es+un+fallo+gord%C3%ADsimo%2C+hace+da%C3%B1o+a+la+instituci%C3%B3n+y+a+su+propio+hijo%22&amp;url=https:\/\/www.eleconomista.es\/informalia\/famosos\/noticias\/13631951\/11\/25\/alba-carrillo-sobre-las-memorias-de-juan-carlos-i-es-un-fallo-gordisimo-hace-dano-a-la-institucion-y-a-su-propio-hijo.html&amp;mini=true\" target=\"_blank\" aria-label=\"Compartir en linkedin\" rel=\"nofollow noopener\"><\/a>Beloud<a href=\"https:\/\/beloud.com\/share?text=Alba+Carrillo%2C+sobre+las+memorias+de+Juan+Carlos+I%3A+%22Es+un+fallo+gord%C3%ADsimo%2C+hace+da%C3%B1o+a+la+instituci%C3%B3n+y+a+su+propio+hijo%22&amp;url=https:\/\/www.eleconomista.es\/informalia\/famosos\/noticias\/13631951\/11\/25\/alba-carrillo-sobre-las-memorias-de-juan-carlos-i-es-un-fallo-gordisimo-hace-dano-a-la-institucion-y-a-su-propio-hijo.html&amp;via=Informalia&amp;id=1648118839245_beloud\" target=\"_blank\" aria-label=\"Compartir en beloud\" rel=\"nofollow noopener\"><\/a>Bluesky<a href=\"https:\/\/bsky.app\/intent\/compose?text=https:\/\/bsky.app\/intent\/compose?text=https:\/\/www.eleconomista.es\/informalia\/famosos\/noticias\/13631951\/11\/25\/alba-carrillo-sobre-las-memorias-de-juan-carlos-i-es-un-fallo-gordisimo-hace-dano-a-la-institucion-y-a-su-propio-hijo.html&amp;url=https:\/\/www.eleconomista.es\/informalia\/famosos\/noticias\/13631951\/11\/25\/alba-carrillo-sobre-las-memorias-de-juan-carlos-i-es-un-fallo-gordisimo-hace-dano-a-la-institucion-y-a-su-propio-hijo.html&amp;via=elEconomistaes&amp;id=1648118839245_bluesky\" target=\"_blank\" aria-label=\"Compartir en bluesky\" rel=\"nofollow noopener\"><\/a><\/p>\n<p><script async src=\"https:\/\/platform.twitter.com\/widgets.js\" charset=\"utf-8\"><\/script><\/p>\n","protected":false},"excerpt":{"rendered":"Alba Carrillo no tienes pelos en la lengua. Tras regresar de Latinoam\u00e9rica, donde ha participado en la grabaci\u00f3n&hellip;\n","protected":false},"author":2,"featured_media":223022,"comment_status":"","ping_status":"","sticky":false,"template":"","format":"standard","meta":{"footnotes":""},"categories":[174],"tags":[255,146,147,25,24,256,260,23],"class_list":{"0":"post-223021","1":"post","2":"type-post","3":"status-publish","4":"format-standard","5":"has-post-thumbnail","7":"category-famosos","8":"tag-celebrities","9":"tag-entertainment","10":"tag-entretenimiento","11":"tag-es","12":"tag-espana","13":"tag-famosos","14":"tag-gente","15":"tag-spain"},"share_on_mastodon":{"url":"https:\/\/pubeurope.com\/@es\/115507385338688561","error":""},"_links":{"self":[{"href":"https:\/\/www.europesays.com\/es\/wp-json\/wp\/v2\/posts\/223021","targetHints":{"allow":["GET"]}}],"collection":[{"href":"https:\/\/www.europesays.com\/es\/wp-json\/wp\/v2\/posts"}],"about":[{"href":"https:\/\/www.europesays.com\/es\/wp-json\/wp\/v2\/types\/post"}],"author":[{"embeddable":true,"href":"https:\/\/www.europesays.com\/es\/wp-json\/wp\/v2\/users\/2"}],"replies":[{"embeddable":true,"href":"https:\/\/www.europesays.com\/es\/wp-json\/wp\/v2\/comments?post=223021"}],"version-history":[{"count":0,"href":"https:\/\/www.europesays.com\/es\/wp-json\/wp\/v2\/posts\/223021\/revisions"}],"wp:featuredmedia":[{"embeddable":true,"href":"https:\/\/www.europesays.com\/es\/wp-json\/wp\/v2\/media\/223022"}],"wp:attachment":[{"href":"https:\/\/www.europesays.com\/es\/wp-json\/wp\/v2\/media?parent=223021"}],"wp:term":[{"taxonomy":"category","embeddable":true,"href":"https:\/\/www.europesays.com\/es\/wp-json\/wp\/v2\/categories?post=223021"},{"taxonomy":"post_tag","embeddable":true,"href":"https:\/\/www.europesays.com\/es\/wp-json\/wp\/v2\/tags?post=223021"}],"curies":[{"name":"wp","href":"https:\/\/api.w.org\/{rel}","templated":true}]}}