{"id":223055,"date":"2025-11-07T08:32:16","date_gmt":"2025-11-07T08:32:16","guid":{"rendered":"https:\/\/www.europesays.com\/es\/223055\/"},"modified":"2025-11-07T08:32:16","modified_gmt":"2025-11-07T08:32:16","slug":"ariana-grande-pide-a-sus-fans-brasilenos-que-no-le-deseen-el-mal-jenesaispop-com","status":"publish","type":"post","link":"https:\/\/www.europesays.com\/es\/223055\/","title":{"rendered":"Ariana Grande pide a sus fans brasile\u00f1os que no le \u00abdeseen el mal\u00bb \u2013 jenesaispop.com"},"content":{"rendered":"<p>Ariana Grande ten\u00eda previsto asistir este martes 4 de noviembre al estreno de \u2018<a href=\"https:\/\/jenesaispop.com\/2024\/12\/02\/487649\/wicked-pelicula-critica\/\" rel=\"nofollow noopener\" target=\"_blank\">Wicked 2: For Good<\/a>\u2018 en R\u00edo de Janeiro, donde iba a acompa\u00f1ar a sus compa\u00f1eros de reparto Cynthia Erivo y el recientemente nombrado el hombre m\u00e1s sexy del mundo, Jonathan Bailey. \u2018Wicked 2: For Good\u2019 tendr\u00eda all\u00ed su primera presentaci\u00f3n internacional, antes de llegar a otras ciudades como Par\u00eds y Singapur.<\/p>\n<p>Sin embargo, el viaje de Ariana a Brasil no ha podido complicarse m\u00e1s. Tras un primer vuelo retrasado durante 16 horas, el segundo fue cancelado despu\u00e9s de que todos los pasajeros tuvieran que desembarcar por un problema de seguridad y mantenimiento. El vuelo se reprogram\u00f3 para las 11 de la ma\u00f1ana del d\u00eda siguiente, lo que hac\u00eda imposible que la cantante llegara al evento a tiempo.<\/p>\n<p>A trav\u00e9s de Instagram, Ariana ha explicado que ella y su equipo exploraron todas las opciones posibles, incluido el alquiler de un avi\u00f3n privado, para el que no iban a poder obtener a tiempo los permisos necesarios. A pesar de ello, muchos fans han expresado su decepci\u00f3n con mensajes de odio y amenazas en redes sociales, lo que ha llevado a la autora de \u2018<a href=\"https:\/\/jenesaispop.com\/2024\/03\/11\/471882\/ariana-grande-eternal-sunshine\/\" rel=\"nofollow noopener\" target=\"_blank\">eternal sunshine<\/a>\u2018 (2024) a publicar un nuevo comunicado pidiendo calma y empat\u00eda.<\/p>\n<p>\u201cPor favor, no nos dese\u00e9is ning\u00fan mal\u201d, ha escrito Grande. \u201cHemos hecho todo lo posible y os prometo que nadie est\u00e1 m\u00e1s molesta que yo, de verdad. Entiendo vuestro enfado pero, por favor, no nos des\u00e9is mal ni pens\u00e9is que no lo hemos intentado\u2026 No hab\u00eda otro momento en el que pudiera viajar y estos planes estaban organizados desde hace meses\u00bb. <\/p>\n<p>Ariana ha a\u00f1adido que, por razones de agenda, no iba a poder volar d\u00edas antes: \u00abTermin\u00e9 de grabar otra pel\u00edcula el d\u00eda 31 y trabaj\u00e9 todo el d\u00eda el 1 y el 2 tambi\u00e9n, igual que Jonny, Cyn y Jon, que han estado trabajando. Todos ten\u00edamos previsto volar el mismo d\u00eda. Simplemente ha ocurrido que este avi\u00f3n ha tenido un problema de seguridad, y ya he explicado por qu\u00e9 ha sido imposible encontrar otra opci\u00f3n\u2026 He estado esperando este momento durante un a\u00f1o\u2026 as\u00ed que, por favor, sabed lo decepcionada que estoy\u201d. \u00bfQui\u00e9n quiere fans cuando tienes\u2026 esto?<\/p>\n","protected":false},"excerpt":{"rendered":"Ariana Grande ten\u00eda previsto asistir este martes 4 de noviembre al estreno de \u2018Wicked 2: For Good\u2018 en&hellip;\n","protected":false},"author":2,"featured_media":223056,"comment_status":"","ping_status":"","sticky":false,"template":"","format":"standard","meta":{"footnotes":""},"categories":[170],"tags":[30465,146,147,25,24,184,185,23],"class_list":{"0":"post-223055","1":"post","2":"type-post","3":"status-publish","4":"format-standard","5":"has-post-thumbnail","7":"category-musica","8":"tag-ariana-grande","9":"tag-entertainment","10":"tag-entretenimiento","11":"tag-es","12":"tag-espana","13":"tag-music","14":"tag-musica","15":"tag-spain"},"share_on_mastodon":{"url":"https:\/\/pubeurope.com\/@es\/115507491233851590","error":""},"_links":{"self":[{"href":"https:\/\/www.europesays.com\/es\/wp-json\/wp\/v2\/posts\/223055","targetHints":{"allow":["GET"]}}],"collection":[{"href":"https:\/\/www.europesays.com\/es\/wp-json\/wp\/v2\/posts"}],"about":[{"href":"https:\/\/www.europesays.com\/es\/wp-json\/wp\/v2\/types\/post"}],"author":[{"embeddable":true,"href":"https:\/\/www.europesays.com\/es\/wp-json\/wp\/v2\/users\/2"}],"replies":[{"embeddable":true,"href":"https:\/\/www.europesays.com\/es\/wp-json\/wp\/v2\/comments?post=223055"}],"version-history":[{"count":0,"href":"https:\/\/www.europesays.com\/es\/wp-json\/wp\/v2\/posts\/223055\/revisions"}],"wp:featuredmedia":[{"embeddable":true,"href":"https:\/\/www.europesays.com\/es\/wp-json\/wp\/v2\/media\/223056"}],"wp:attachment":[{"href":"https:\/\/www.europesays.com\/es\/wp-json\/wp\/v2\/media?parent=223055"}],"wp:term":[{"taxonomy":"category","embeddable":true,"href":"https:\/\/www.europesays.com\/es\/wp-json\/wp\/v2\/categories?post=223055"},{"taxonomy":"post_tag","embeddable":true,"href":"https:\/\/www.europesays.com\/es\/wp-json\/wp\/v2\/tags?post=223055"}],"curies":[{"name":"wp","href":"https:\/\/api.w.org\/{rel}","templated":true}]}}