{"id":223105,"date":"2025-11-07T09:14:11","date_gmt":"2025-11-07T09:14:11","guid":{"rendered":"https:\/\/www.europesays.com\/es\/223105\/"},"modified":"2025-11-07T09:14:11","modified_gmt":"2025-11-07T09:14:11","slug":"adios-a-gorewear-una-leyenda-que-cuelga-el-maillot-joanseguidor-com","status":"publish","type":"post","link":"https:\/\/www.europesays.com\/es\/223105\/","title":{"rendered":"Adi\u00f3s a Gorewear: una leyenda que cuelga el maillot &#8211; joanseguidor.com"},"content":{"rendered":"<ol>\n<li><a href=\"https:\/\/news.google.com\/rss\/articles\/CBMigwFBVV95cUxPc2hrMGxQWGN0X29pMDRjMG9QaGtmQVR0ZUtjOVRVcjBFYV9nUXZ2cEVGdGlTOXBBX3dyNy1oV0M3THliVlgya1BEWFQyWTMtNFRrdEhNTE5tcFhFdTdaSzc5cXVzX2NobXNKZnV6V29yMjhoV2EwNV9sRFhpNXN2bTlScw?oc=5\" target=\"_blank\" rel=\"nofollow noopener\">Adi\u00f3s a Gorewear: una leyenda que cuelga el maillot<\/a>&nbsp;&nbsp;joanseguidor.com<\/li>\n<li><a href=\"https:\/\/news.google.com\/rss\/articles\/CBMimAFBVV95cUxON1FEbzJ0dm82R0RkaXJ6S1FlYjdLRHRiTlZvcFZ6ZHdScUJhR05qc1dGZUFRTWJWSmlDcnRjUVpqWlZBMTZ2eWFhTjJjTmNqVzRDMGNSSXA0cnNqQ0FFNW5taUI2Tm9jcGtDdlJ3OFdoZ3pMd2pjdG80Yl80ZDRkWXJTWVUyVkhXNngwazRwMW9jdXJHYmJYWA?oc=5\" target=\"_blank\" rel=\"nofollow noopener\">Gore cierra Gorewear tras 40 a\u00f1os: el adi\u00f3s a una marca m\u00edtica del ciclismo<\/a>&nbsp;&nbsp;ESMTB.com<\/li>\n<li><a href=\"https:\/\/news.google.com\/rss\/articles\/CBMiwgFBVV95cUxNcmVMX0U5TldndzVJX0J2UmZOM1ZKWHc5UnVOV3JLbjhfUkZyZ2NMRmotQjA0Mld5Um5HVU9wRGZ4b2ZTOE9rNllVSGdWTG1QdXdBUlh2Vk56STRzU2JNSXNmM1hGckFVNElfQkpvaXI0bE9Hdm5yUUVKTmwzeERWaWVjMDdpQXpUdWIwUUlweDEzZ1U5eW5fMTlmdzdtaEtCSTNRR3JqQ2VPTk95eGl0Q0Q5dEkxMENnajBVWnJlV1RNQQ?oc=5\" target=\"_blank\" rel=\"nofollow noopener\">Gorewear se encamina al cierre: Gore comunica a los comercios el fin de su divisi\u00f3n de ropa ciclista<\/a>&nbsp;&nbsp;TodoMountainBike<\/li>\n<li><a href=\"https:\/\/news.google.com\/rss\/articles\/CBMilAFBVV95cUxORFpBbG5PLVduZEdKVjJrd01tS2g2THotN1hYNTdqWHo5WXJpX25qZ0FxSHM1dWdIeHB6SG9pNldvV0pnWnBxeWNnMjNPejFJNUVMS1RIZ0VzM0xEQkNPWTdNenFEQUJrbnR1aHdXTEZzeUxEV2NBWHlDc3lmZFBMVVg2UXA3NDJac2k0WDJISlNUWlhy?oc=5\" target=\"_blank\" rel=\"nofollow noopener\">GOREWEAR dice adi\u00f3s: la marca de ropa de running y ciclismo se despide tras 40 a\u00f1os<\/a>&nbsp;&nbsp;La Bolsa del Corredor<\/li>\n<li><a href=\"https:\/\/news.google.com\/rss\/articles\/CBMiiwFBVV95cUxQZEF5ZExTZFdOZGJubFhtVHlHM2s2LWdXZ1R5a1cyaWZ6Mjhsb1BUdnB5VHRVX2tvTlRsdVJuZWx6WkZ0ZHZ3LTZmemNySXRQa0JyTGZyQ3FvRTZnV3dtZVV6SWJBUUFWX0lpMWVqejlFVi1UVFRZaExZODlnREtIOXhNa3d2VjlNbXVZ?oc=5\" target=\"_blank\" rel=\"nofollow noopener\">Gorewear cierra tras 40 a\u00f1os de historia: el fin de una era en la ropa ciclista t\u00e9cnica<\/a>&nbsp;&nbsp;Brujulabike.com<\/li>\n<\/ol>\n","protected":false},"excerpt":{"rendered":"Adi\u00f3s a Gorewear: una leyenda que cuelga el maillot&nbsp;&nbsp;joanseguidor.com Gore cierra Gorewear tras 40 a\u00f1os: el adi\u00f3s a&hellip;\n","protected":false},"author":2,"featured_media":223106,"comment_status":"","ping_status":"","sticky":false,"template":"","format":"standard","meta":{"footnotes":""},"categories":[273],"tags":[313,312,168,25,24,2548,59166,23,167],"class_list":{"0":"post-223105","1":"post","2":"type-post","3":"status-publish","4":"format-standard","5":"has-post-thumbnail","7":"category-ciclismo","8":"tag-ciclismo","9":"tag-cycling","10":"tag-deportes","11":"tag-es","12":"tag-espana","13":"tag-featured","14":"tag-gorewear","15":"tag-spain","16":"tag-sports"},"share_on_mastodon":{"url":"https:\/\/pubeurope.com\/@es\/115507656292056914","error":""},"_links":{"self":[{"href":"https:\/\/www.europesays.com\/es\/wp-json\/wp\/v2\/posts\/223105","targetHints":{"allow":["GET"]}}],"collection":[{"href":"https:\/\/www.europesays.com\/es\/wp-json\/wp\/v2\/posts"}],"about":[{"href":"https:\/\/www.europesays.com\/es\/wp-json\/wp\/v2\/types\/post"}],"author":[{"embeddable":true,"href":"https:\/\/www.europesays.com\/es\/wp-json\/wp\/v2\/users\/2"}],"replies":[{"embeddable":true,"href":"https:\/\/www.europesays.com\/es\/wp-json\/wp\/v2\/comments?post=223105"}],"version-history":[{"count":0,"href":"https:\/\/www.europesays.com\/es\/wp-json\/wp\/v2\/posts\/223105\/revisions"}],"wp:featuredmedia":[{"embeddable":true,"href":"https:\/\/www.europesays.com\/es\/wp-json\/wp\/v2\/media\/223106"}],"wp:attachment":[{"href":"https:\/\/www.europesays.com\/es\/wp-json\/wp\/v2\/media?parent=223105"}],"wp:term":[{"taxonomy":"category","embeddable":true,"href":"https:\/\/www.europesays.com\/es\/wp-json\/wp\/v2\/categories?post=223105"},{"taxonomy":"post_tag","embeddable":true,"href":"https:\/\/www.europesays.com\/es\/wp-json\/wp\/v2\/tags?post=223105"}],"curies":[{"name":"wp","href":"https:\/\/api.w.org\/{rel}","templated":true}]}}