{"id":223119,"date":"2025-11-07T09:26:20","date_gmt":"2025-11-07T09:26:20","guid":{"rendered":"https:\/\/www.europesays.com\/es\/223119\/"},"modified":"2025-11-07T09:26:20","modified_gmt":"2025-11-07T09:26:20","slug":"muere-a-los-41-anos-la-ilustradora-amaia-arrazola-autora-de-wabi-sabi-y-totoro-y-yo","status":"publish","type":"post","link":"https:\/\/www.europesays.com\/es\/223119\/","title":{"rendered":"Muere a los 41 a\u00f1os la ilustradora Amaia Arrazola, autora de &#8216;Wabi Sabi&#8217; y &#8216;Totoro y yo&#8217;"},"content":{"rendered":"<p class=\"paragraph\">La ilustradora vasca<b> Amaia Arrazola,<\/b> autora de t\u00edtulos como <b>&#8216;Waba Sabi&#8217; o &#8216;Totoro y yo&#8217;,<\/b> as\u00ed como de murales de gran formato, ha fallecido en Barcelona a los 41 a\u00f1os, seg\u00fan han informado a EFE fuentes pr\u00f3ximas a la artista visual.<\/p>\n<p class=\"paragraph\">Nacida en Vitoria en 1984, estudi\u00f3 Publicidad y Relaciones P\u00fablicas en la Universidad Complutense de Madrid, trabajando, posteriormente, como directora de arte en el sector publicitario.<\/p>\n<p class=\"paragraph\">En el a\u00f1o 2010 recal\u00f3 en Barcelona, donde inici\u00f3 una carrera como <b>ilustradora profesional &#8216;freelance<\/b>&#8216; y llev\u00f3 a cabo proyectos en diferentes \u00e1mbitos, desde trabajos para diferentes marcas como Uniqlo y Nike a obras para la Universidad de Barcelona, el Ayuntamiento de Barcelona o la Diputaci\u00f3n Foral de Vizcaya.<\/p>\n<p class=\"paragraph\">La publicaci\u00f3n en 2018 de &#8216;Waba Sabi&#8217;, de Lunwerg Editores, supuso un cambio en su carrera, una obra que nacida tras obtener una beca art\u00edstica en Paradise Air, en Matsudo (Jap\u00f3n), y la experiencia que vivi\u00f3 en el pa\u00eds asi\u00e1tico.<\/p>\n<p class=\"paragraph\">Tambi\u00e9n firm\u00f3 otra obra como &#8216;Totoro y yo&#8217;, en 2022, relacionada con las pel\u00edculas del japon\u00e9s Hayao Miyazaki.<\/p>\n<p class=\"paragraph\">&#8216;El meteorito&#8217; es otra de sus obras, publicada por Lunwerg, y, anteriormente, firm\u00f3 &#8216;Peque\u00f1a y Grande, Audrey Hepburn&#8217; (Editorial Alba), as\u00ed como diferentes t\u00edtulos dirigidos a lectores infantiles, como &#8216;Buenas noches, Sim\u00f3n&#8217; (Flamboyant).<\/p>\n<p class=\"paragraph\">Durante a\u00f1os, Amaia Arrazola<b> viaj\u00f3 a festivales de arte urbano y ha sido autora de grandes murales,<\/b> como el que present\u00f3 en diciembre del a\u00f1o pasado en el distrito de Gr\u00e0cia, donde resid\u00eda, en la valla perimetral de las obras del Mercado de la Abacer\u00eda.<\/p>\n<p class=\"paragraph\">Su objetivo era reflejar la identidad de Gr\u00e0cia y embellecer el entorno de las obras para generar expectativa e ilusi\u00f3n entre los vecinos de cara al retorno del mercado.<\/p>\n<p class=\"paragraph\">Este a\u00f1o, realiz\u00f3 un mural para el nuevo espect\u00e1culo &#8216;Alegr\u00eda&#8217;, del Cirque du Soleil, y en marzo de 2023 su propuesta &#8216;Contra el olvido&#8217; gan\u00f3 el concurso p\u00fablico del programa &#8216;Compartiendo Muros&#8217;, del Ayuntamiento de Madrid, con un mural previsto para la fachada de la Biblioteca P\u00fablica del Pozo del T\u00edo Raimundo, en Vallecas.<\/p>\n<p class=\"paragraph\">En este mural quiso homenajear a las &#8216;Sinsombrero&#8217;, un grupo de mujeres, poetas, novelistas, fil\u00f3sofas, pintoras y artistas que durante los a\u00f1os veinte del siglo pasado ocuparon el espacio p\u00fablico libremente.<\/p>\n","protected":false},"excerpt":{"rendered":"La ilustradora vasca Amaia Arrazola, autora de t\u00edtulos como &#8216;Waba Sabi&#8217; o &#8216;Totoro y yo&#8217;, as\u00ed como de&hellip;\n","protected":false},"author":2,"featured_media":223120,"comment_status":"","ping_status":"","sticky":false,"template":"","format":"standard","meta":{"footnotes":""},"categories":[91],"tags":[19890,19674,988,146,147,25,24,51287,8938,23],"class_list":{"0":"post-223119","1":"post","2":"type-post","3":"status-publish","4":"format-standard","5":"has-post-thumbnail","7":"category-entretenimiento","8":"tag-19890","9":"tag-amaia","10":"tag-anos","11":"tag-entertainment","12":"tag-entretenimiento","13":"tag-es","14":"tag-espana","15":"tag-ilustradora","16":"tag-muere","17":"tag-spain"},"share_on_mastodon":{"url":"https:\/\/pubeurope.com\/@es\/115507703508682888","error":""},"_links":{"self":[{"href":"https:\/\/www.europesays.com\/es\/wp-json\/wp\/v2\/posts\/223119","targetHints":{"allow":["GET"]}}],"collection":[{"href":"https:\/\/www.europesays.com\/es\/wp-json\/wp\/v2\/posts"}],"about":[{"href":"https:\/\/www.europesays.com\/es\/wp-json\/wp\/v2\/types\/post"}],"author":[{"embeddable":true,"href":"https:\/\/www.europesays.com\/es\/wp-json\/wp\/v2\/users\/2"}],"replies":[{"embeddable":true,"href":"https:\/\/www.europesays.com\/es\/wp-json\/wp\/v2\/comments?post=223119"}],"version-history":[{"count":0,"href":"https:\/\/www.europesays.com\/es\/wp-json\/wp\/v2\/posts\/223119\/revisions"}],"wp:featuredmedia":[{"embeddable":true,"href":"https:\/\/www.europesays.com\/es\/wp-json\/wp\/v2\/media\/223120"}],"wp:attachment":[{"href":"https:\/\/www.europesays.com\/es\/wp-json\/wp\/v2\/media?parent=223119"}],"wp:term":[{"taxonomy":"category","embeddable":true,"href":"https:\/\/www.europesays.com\/es\/wp-json\/wp\/v2\/categories?post=223119"},{"taxonomy":"post_tag","embeddable":true,"href":"https:\/\/www.europesays.com\/es\/wp-json\/wp\/v2\/tags?post=223119"}],"curies":[{"name":"wp","href":"https:\/\/api.w.org\/{rel}","templated":true}]}}