{"id":223168,"date":"2025-11-07T10:04:08","date_gmt":"2025-11-07T10:04:08","guid":{"rendered":"https:\/\/www.europesays.com\/es\/223168\/"},"modified":"2025-11-07T10:04:08","modified_gmt":"2025-11-07T10:04:08","slug":"entre-dos-tierras-un-autografo-y-el-futuro-de-la-comunidad-valenciana","status":"publish","type":"post","link":"https:\/\/www.europesays.com\/es\/223168\/","title":{"rendered":"Entre dos tierras, un aut\u00f3grafo y el futuro de la Comunidad Valenciana"},"content":{"rendered":"<p class=\"c-paragraph\">En 1986, un ni\u00f1o de 10 a\u00f1os <b>le pidi\u00f3 un aut\u00f3grafo y termin\u00f3 tomando un refresco<\/b> con el entonces pr\u00edncipe de Asturias, que recib\u00eda su instrucci\u00f3n militar en Zaragoza. Pero entonces nadie pod\u00eda imaginar que, casi cuatro d\u00e9cadas despu\u00e9s, ambos se reunir\u00edan en los <a href=\"https:\/\/www.20minutos.es\/tags\/temas\/premios-20minutos.html\" title=\"Premios 20Minutos\" rel=\"nofollow noopener\" target=\"_blank\">Premios &#8217;20minutos&#8217;<\/a> que se celebraron este jueves por la tarde en el Teatro Real de Madrid.\u00a0<\/p>\n<p class=\"c-paragraph\">Ese ni\u00f1o ahora es <b>el director de esta casa, Jes\u00fas Morales<\/b>. Y, pese a todos los a\u00f1os que han pasado, este jueves pudo mostrarle el papelito firmado (y convenientemente plastificado por una madre previsora) a un <a href=\"https:\/\/www.20minutos.es\/tags\/personas\/rey-felipe-vi.html\" title=\"Rey Felipe VI\" rel=\"nofollow noopener\" target=\"_blank\">Felipe VI<\/a> que lo recibi\u00f3 entre risas y que, minutos despu\u00e9s, recogi\u00f3 el guante y brome\u00f3 con que rememorar el episodio \u2013\u00bb<a href=\"https:\/\/www.20minutos.es\/nacional\/un-autografo-rey-se-cuela-los-premios-20minutos-monarca-agradece-detalle-reconozco-mi-letra_6734781_0.html\" title=\"Un aut\u00f3grafo del rey de hace 35 a\u00f1os se cuela en los Premios &#039;20minutos&#039; y el monarca agradece el &quot;detalle&quot;: &quot;Reconozco mi letra&quot;\" rel=\"nofollow noopener\" target=\"_blank\">reconozco mi letra y mi firma de entonces<\/a>\u00ab, admiti\u00f3\u2013 le hac\u00eda sentirse \u00abun poco mayor\u00bb. \u00abPero bueno, gracias por ese detalle y espero que haya m\u00e1s oportunidades de invitarle a algo\u00bb, le agradeci\u00f3.\u00a0<\/p>\n<p class=\"c-paragraph\">\u00abUsted no solo me firm\u00f3 un aut\u00f3grafo, sino que me pregunt\u00f3 qu\u00e9 estudiaba, por mi familia e incluso <b>me invit\u00f3 a un refresco<\/b>\u00ab, explic\u00f3 por su parte Morales. Y esa fue una muestra temprana de lo que el rey \u00abha demostrado en todos estos a\u00f1os\u00bb: esa \u00abpreocupaci\u00f3n por las inquietudes ciudadanas, una premisa sobre la que tambi\u00e9n se asienta la filosof\u00eda de <b>20minutos<\/b>\u00ab, argument\u00f3.\u00a0<\/p>\n<p class=\"c-paragraph\">La gala, en la que tambi\u00e9n estuvieron presentes los ministros <a href=\"https:\/\/www.20minutos.es\/tags\/personas\/pilar-alegria.html\" title=\"Pilar Alegr\u00eda\" rel=\"nofollow noopener\" target=\"_blank\">Pilar Alegr\u00eda<\/a> y <a href=\"https:\/\/www.20minutos.es\/tags\/personas\/fernando-grande-marlaska.html\" title=\"Fernando Grande-Marlaska\" rel=\"nofollow noopener\" target=\"_blank\">Fernando Grande-Marlaska<\/a>, comenz\u00f3 con una emotiva versi\u00f3n al piano de la <b>canci\u00f3n Entre dos tierras,<\/b> de los zaragozanos H\u00e9roes del Silencio, y con una <a href=\"https:\/\/www.20minutos.es\/nacional\/asi-ha-sido-entrada-rey-los-premios-20minutos-ovacion-vitores-felipe-vi_6734734_0.html\" title=\"As\u00ed ha sido la entrada del rey a los Premios &#039;20minutos&#039;: ovaci\u00f3n y v\u00edtores a Felipe VI\" rel=\"nofollow noopener\" target=\"_blank\">larga ovaci\u00f3n al rey<\/a> a su entrada al sal\u00f3n. Y entre esas dos tierras, la Zaragoza que es la cuna del grupo Henneo y la Madrid en la que se asienta la redacci\u00f3n central de <b>20minutos<\/b>, tambi\u00e9n hubo ocasi\u00f3n para rendir homenaje a las v\u00edctimas de la guerra en Ucrania o para escuchar la defensa que realiz\u00f3 el jefe del Estado del periodismo como <a href=\"https:\/\/www.20minutos.es\/nacional\/rey-los-premios-20minutos-habeis-demostrado-que-periodismo-hecho-con-vocacion-es-esencial-para-entender-mundo_6734757_0.html\" title=\"El rey, en los Premios &#039;20minutos&#039;: &quot;Hab\u00e9is demostrado que el periodismo hecho con vocaci\u00f3n es esencial para entender el mundo&quot;\" rel=\"nofollow noopener\" target=\"_blank\">\u00abuna herramienta esencial para entender el mundo en el que vivimos\u00bb<\/a>.\u00a0<\/p>\n<p class=\"c-paragraph\">No obstante, estando presentes tantas autoridades pol\u00edticas, era inevitable que en el evento tambi\u00e9n <b>se colase la actualidad<\/b>. Ocurri\u00f3 en el c\u00f3ctel posterior a la entrega de premios, cuando la alcaldesa de Valencia, Mar\u00eda Jos\u00e9 Catal\u00e1, mantuvo una larga y animada conversaci\u00f3n mano a mano con el presidente nacional de su partido, <a href=\"https:\/\/www.20minutos.es\/tags\/personas\/alberto-nunez-feijoo.html\" title=\"Alberto N\u00fa\u00f1ez Feij\u00f3o\" rel=\"nofollow noopener\" target=\"_blank\">Alberto N\u00fa\u00f1ez Feij\u00f3o<\/a>, en un rinc\u00f3n de uno los salones anexos del Teatro Real donde tuvo lugar la recepci\u00f3n y la celebraci\u00f3n. El contenido de esa conversaci\u00f3n solo lo conocen ellos. Pero lo cierto es que Catal\u00e1 \u2013presente en la gala para recibir el premio Ciudad 2025 en representaci\u00f3n del Ayuntamiento de Valencia\u2013 es una de las dirigentes de las que se ha hablado para <a href=\"https:\/\/www.20minutos.es\/comunidad-valenciana\/carlos-mazon-dimite-cometi-errores-los-reconozco-voy-vivir-con-ellos-toda-mi-vida_6663930_0.html\" title=\"Dimite Carlos Maz\u00f3n: &quot;Comet\u00ed errores, los reconozco y voy a vivir con ellos toda mi vida&quot;\" rel=\"nofollow noopener\" target=\"_blank\">suceder a Carlos Maz\u00f3n al frente de la Generalitat Valenciana<\/a>, siempre y cuando el PP alcance un acuerdo con Vox para evitar las elecciones anticipadas.\u00a0<\/p>\n<p class=\"c-paragraph\">Pero si por algo estuvo presente Valencia fue por el recuerdo que tuvo el rey Felipe VI hacia <b>las m\u00e1s de 200 personas que perdieron la vida el a\u00f1o pasado durante la DANA<\/b> que sacudi\u00f3 la provincia el pasado a\u00f1o. Los asistentes dedicaron uno de los aplausos m\u00e1s largos a las v\u00edctimas. Y Catal\u00e1 asegur\u00f3 que \u00ab<a href=\"https:\/\/www.20minutos.es\/nacional\/alcaldesa-valencia-las-victimas-dana-no-hay-ni-un-solo-dia-que-no-tengamos-presente-su-dolor_6734774_0.html\" title=\"La alcaldesa de Valencia, a las v\u00edctimas de la DANA: &quot;No hay ni un solo d\u00eda en que no tengamos presente su dolor&quot;\" rel=\"nofollow noopener\" target=\"_blank\">no hay un solo d\u00eda en que los responsables p\u00fablicos no tengamos presente su dolor<\/a>\u00ab.<\/p>\n","protected":false},"excerpt":{"rendered":"En 1986, un ni\u00f1o de 10 a\u00f1os le pidi\u00f3 un aut\u00f3grafo y termin\u00f3 tomando un refresco con el&hellip;\n","protected":false},"author":2,"featured_media":223169,"comment_status":"","ping_status":"","sticky":false,"template":"","format":"standard","meta":{"footnotes":""},"categories":[174],"tags":[4248,255,59175,146,147,25,24,256,4417,1264,532,23],"class_list":{"0":"post-223168","1":"post","2":"type-post","3":"status-publish","4":"format-standard","5":"has-post-thumbnail","7":"category-famosos","8":"tag-4248","9":"tag-celebrities","10":"tag-contracronica","11":"tag-entertainment","12":"tag-entretenimiento","13":"tag-es","14":"tag-espana","15":"tag-famosos","16":"tag-los","17":"tag-minutos","18":"tag-premios","19":"tag-spain"},"share_on_mastodon":{"url":"https:\/\/pubeurope.com\/@es\/115507853027383022","error":""},"_links":{"self":[{"href":"https:\/\/www.europesays.com\/es\/wp-json\/wp\/v2\/posts\/223168","targetHints":{"allow":["GET"]}}],"collection":[{"href":"https:\/\/www.europesays.com\/es\/wp-json\/wp\/v2\/posts"}],"about":[{"href":"https:\/\/www.europesays.com\/es\/wp-json\/wp\/v2\/types\/post"}],"author":[{"embeddable":true,"href":"https:\/\/www.europesays.com\/es\/wp-json\/wp\/v2\/users\/2"}],"replies":[{"embeddable":true,"href":"https:\/\/www.europesays.com\/es\/wp-json\/wp\/v2\/comments?post=223168"}],"version-history":[{"count":0,"href":"https:\/\/www.europesays.com\/es\/wp-json\/wp\/v2\/posts\/223168\/revisions"}],"wp:featuredmedia":[{"embeddable":true,"href":"https:\/\/www.europesays.com\/es\/wp-json\/wp\/v2\/media\/223169"}],"wp:attachment":[{"href":"https:\/\/www.europesays.com\/es\/wp-json\/wp\/v2\/media?parent=223168"}],"wp:term":[{"taxonomy":"category","embeddable":true,"href":"https:\/\/www.europesays.com\/es\/wp-json\/wp\/v2\/categories?post=223168"},{"taxonomy":"post_tag","embeddable":true,"href":"https:\/\/www.europesays.com\/es\/wp-json\/wp\/v2\/tags?post=223168"}],"curies":[{"name":"wp","href":"https:\/\/api.w.org\/{rel}","templated":true}]}}