{"id":223182,"date":"2025-11-07T10:15:11","date_gmt":"2025-11-07T10:15:11","guid":{"rendered":"https:\/\/www.europesays.com\/es\/223182\/"},"modified":"2025-11-07T10:15:11","modified_gmt":"2025-11-07T10:15:11","slug":"el-consejo-de-seguridad-de-la-onu-retira-las-sanciones-contra-el-presidente-interino-de-siria","status":"publish","type":"post","link":"https:\/\/www.europesays.com\/es\/223182\/","title":{"rendered":"El Consejo de Seguridad de la ONU retira las sanciones contra el presidente interino de Siria"},"content":{"rendered":"<p>\n  Por&amp;nbsp<b>Euronews<\/b>\n<\/p>\n<p>\n                    Publicado                 07\/11\/2025 &#8211; 9:36 CET<br \/>\n                \u2022Ultima actualizaci\u00f3n<br \/>\n                                     9:38\n                                        <\/p>\n<p>El Consejo de Seguridad de la ONU ha levantado las sanciones que hab\u00eda impuesto al actual presidente interino de Siria, Ahmed al Shara, quien realizar\u00e1 la pr\u00f3xima semana <strong>su segundo viaje a Estados Unidos<\/strong> este a\u00f1o. <\/p>\n<p>Se dirigi\u00f3 por primera vez a <a href=\"https:\/\/es.euronews.com\/tag\/asamblea-general-de-las-naciones-unidas\" rel=\"nofollow noopener\" target=\"_blank\">la Asamblea General de la ONU<\/a>, en septiembre, y ahora ser\u00e1 recibido por <strong>Donald Trump<\/strong>, el lunes. En su reuni\u00f3n del jueves, el Consejo de Seguridad <strong>tambi\u00e9n levant\u00f3 las medidas punitivas<\/strong> que hab\u00eda impuesto a\u00f1os atr\u00e1s al actual ministro del Interior de Siria, <strong>Anas Kattab<\/strong>.<\/p>\n<p>Al Shara era el l\u00edder de una milicia islamista vinculada a Al Qaeda, conocida como Hayat Tahrir al Sham (HTS), que <strong>encabez\u00f3 a los rebeldes que derrocaron al presidente Bashar al Asad<\/strong> en diciembre, tras casi 14 a\u00f1os de sangrienta guerra civil. La HTS <a href=\"https:\/\/es.euronews.com\/2025\/07\/08\/eeuu-retira-la-designacion-de-terrorista-a-hts-el-grupo-sirio-que-ha-tomado-el-control-est\" rel=\"nofollow noopener\" target=\"_blank\">fue retirada de la lista de organizaciones terroristas<\/a> de Estados Unidos en julio.<\/p>\n<p>El presidente estadounidense ha elogiado repetidamente al nuevo liderazgo de Siria, del que afirma que <strong>est\u00e1 logrando avances significativos<\/strong> para superar las dificultades sociales y econ\u00f3micas derivadas del cambio de poder. Como si esperara generar confianza, <a href=\"https:\/\/es.euronews.com\/2025\/07\/01\/donald-trump-firma-una-orden-ejecutiva-para-levantar-las-sanciones-de-eeuu-a-siria\" rel=\"nofollow noopener\" target=\"_blank\">Estados Unidos comenz\u00f3 a levantar las sanciones contra Siria<\/a> en enero de este a\u00f1o. <a href=\"https:\/\/es.euronews.com\/my-europe\/2025\/05\/20\/la-ue-sigue-a-estados-unidos-y-levanta-varias-sanciones-economicas-a-siria\" rel=\"nofollow noopener\" target=\"_blank\">La Uni\u00f3n Europea decidi\u00f3 hacer lo mismo<\/a> en mayo.<\/p>\n<p>El presidente interino de Siria tambi\u00e9n <strong>mantuvo conversaciones con Vladimir Putin<\/strong> a mediados de octubre, pocos d\u00edas despu\u00e9s de las primeras elecciones parlamentarias sirias tras el cambio de poder.<\/p>\n","protected":false},"excerpt":{"rendered":"Por&amp;nbspEuronews Publicado 07\/11\/2025 &#8211; 9:36 CET \u2022Ultima actualizaci\u00f3n 9:38 El Consejo de Seguridad de la ONU ha levantado&hellip;\n","protected":false},"author":2,"featured_media":223183,"comment_status":"","ping_status":"","sticky":false,"template":"","format":"standard","meta":{"footnotes":""},"categories":[42],"tags":[47154,59179,17,18,352,629,13,14,11,61,62,63,64,19,20,9,10,15,16,732,32787,12,21,22,65,66,67],"class_list":{"0":"post-223182","1":"post","2":"type-post","3":"status-publish","4":"format-standard","5":"has-post-thumbnail","7":"category-internacional","8":"tag-ahmed-al-shara","9":"tag-bashar-al-assad","10":"tag-breaking-news","11":"tag-breakingnews","12":"tag-donald-trump","13":"tag-estados-unidos","14":"tag-featured-news","15":"tag-featurednews","16":"tag-headlines","17":"tag-internacional","18":"tag-international","19":"tag-international-news","20":"tag-internationalnews","21":"tag-latest-news","22":"tag-latestnews","23":"tag-news","24":"tag-noticias","25":"tag-noticias-destacadas","26":"tag-noticiasdestacadas","27":"tag-onu","28":"tag-siria","29":"tag-titulares","30":"tag-ultimas-noticias","31":"tag-ultimasnoticias","32":"tag-world","33":"tag-world-news","34":"tag-worldnews"},"share_on_mastodon":{"url":"https:\/\/pubeurope.com\/@es\/115507896160864638","error":""},"_links":{"self":[{"href":"https:\/\/www.europesays.com\/es\/wp-json\/wp\/v2\/posts\/223182","targetHints":{"allow":["GET"]}}],"collection":[{"href":"https:\/\/www.europesays.com\/es\/wp-json\/wp\/v2\/posts"}],"about":[{"href":"https:\/\/www.europesays.com\/es\/wp-json\/wp\/v2\/types\/post"}],"author":[{"embeddable":true,"href":"https:\/\/www.europesays.com\/es\/wp-json\/wp\/v2\/users\/2"}],"replies":[{"embeddable":true,"href":"https:\/\/www.europesays.com\/es\/wp-json\/wp\/v2\/comments?post=223182"}],"version-history":[{"count":0,"href":"https:\/\/www.europesays.com\/es\/wp-json\/wp\/v2\/posts\/223182\/revisions"}],"wp:featuredmedia":[{"embeddable":true,"href":"https:\/\/www.europesays.com\/es\/wp-json\/wp\/v2\/media\/223183"}],"wp:attachment":[{"href":"https:\/\/www.europesays.com\/es\/wp-json\/wp\/v2\/media?parent=223182"}],"wp:term":[{"taxonomy":"category","embeddable":true,"href":"https:\/\/www.europesays.com\/es\/wp-json\/wp\/v2\/categories?post=223182"},{"taxonomy":"post_tag","embeddable":true,"href":"https:\/\/www.europesays.com\/es\/wp-json\/wp\/v2\/tags?post=223182"}],"curies":[{"name":"wp","href":"https:\/\/api.w.org\/{rel}","templated":true}]}}