{"id":223184,"date":"2025-11-07T10:16:10","date_gmt":"2025-11-07T10:16:10","guid":{"rendered":"https:\/\/www.europesays.com\/es\/223184\/"},"modified":"2025-11-07T10:16:10","modified_gmt":"2025-11-07T10:16:10","slug":"el-boe-publica-el-cese-de-mazon-sin-el-habitual-agradecimiento-a-los-servicios-prestados-espana","status":"publish","type":"post","link":"https:\/\/www.europesays.com\/es\/223184\/","title":{"rendered":"El BOE publica el cese de Maz\u00f3n sin el habitual agradecimiento \u201ca los servicios prestados\u201d | Espa\u00f1a"},"content":{"rendered":"<p class=\"\">El Bolet\u00edn Oficial del Estado (BOE) ha publicado este viernes el cese a petici\u00f3n propia de Carlos Maz\u00f3n como president de la Generalitat Valenciana, tras <a href=\"https:\/\/elpais.com\/espana\/comunidad-valenciana\/2025-11-03\/mazon-anuncia-su-dimision-y-apela-a-vox-para-pactar-un-presidente-interino-de-la-generalitat-ya-no-puedo-mas.html\" target=\"_self\" rel=\"nofollow noopener\" title=\"https:\/\/elpais.com\/espana\/comunidad-valenciana\/2025-11-03\/mazon-anuncia-su-dimision-y-apela-a-vox-para-pactar-un-presidente-interino-de-la-generalitat-ya-no-puedo-mas.html\">su dimisi\u00f3n el pasado lunes<\/a>, pero sin que se incluya el habitual \u201cagradecimiento a los servicios prestados\u201d. La retirada de esta f\u00f3rmula ha sido una decisi\u00f3n expresa del Gobierno, algo inusual que solo ha ocurrido en casos como los de los expresidentes catalanes Carles Puigdemont o Artur Mas. <\/p>\n<p class=\"\">\u201cVengo en declarar el cese, a petici\u00f3n propia, de don Carlos Maz\u00f3n Guixot como President de la Generalitat Valenciana\u201d, reza el <a href=\"https:\/\/www.boe.es\/boe\/dias\/2025\/11\/07\/\" target=\"_self\" rel=\"nofollow noopener\" title=\"https:\/\/www.boe.es\/boe\/dias\/2025\/11\/07\/\">real decreto 1025\/2025<\/a>, con fecha del 5 de noviembre, firmado por el Rey Felipe VI y por el presidente del Gobierno, Pedro S\u00e1nchez.. Fuentes de la Generalitat, sin embargo, aseguraron el martes que el cese solo se publicar\u00eda en el BOE una vez se produjera la elecci\u00f3n de su sustituto por las Cortes Valencianas, en virtud de la Ley del Gobieno valenciano de 1983, como sucedi\u00f3 en el caso de Francisco Camps en 2011. El real decreto del cese publicado en el BOE lalude a \u201clo dispuesto en el art\u00edculo 27 del Estatuto de Autonom\u00eda de la Comunidad Valenciana\u201d.<\/p>\n<p><img decoding=\"auto\" class=\"_re lazyload a_m-h\" height=\"262\"  width=\"414\"  src=\"https:\/\/www.europesays.com\/es\/wp-content\/uploads\/2025\/11\/RBVPWRR7JVCVTBG2WYLMO472WI.jpg\" loading=\"lazy\"\/>Anuncio del cese de Carlos Maz\u00f3n publicado en el BOE el 7 de noviembre de 2025.<\/p>\n<p class=\"\">Maz\u00f3n dimiti\u00f3 el lunes, despu\u00e9s de que se cumpliera el <a href=\"https:\/\/elpais.com\/videos\/2025-10-29\/el-homenaje-a-las-victimas-de-la-dana-en-ocho-momentos-desde-los-gritos-contra-mazon-a-la-emocion-de-los-reyes.html\" target=\"_self\" rel=\"nofollow noopener\" title=\"https:\/\/elpais.com\/videos\/2025-10-29\/el-homenaje-a-las-victimas-de-la-dana-en-ocho-momentos-desde-los-gritos-contra-mazon-a-la-emocion-de-los-reyes.html\">primer aniversario de la cat\u00e1strofe <\/a>de la dana, que dej\u00f3 229 muertos en la provicnia de Valencia. El desencandenante de la renuncia fue el funeral de Estado, celebrado en Valencia el pasado 29 de octubre, en memoria de las v\u00edctimas de la dana del a\u00f1o anterior, que se llev\u00f3 la vida de 229 personas en la provincia de Valencia. Buena parte de los familiares de las v\u00edctimas lo recibieron a gritos de \u201casesinos\u201d, sinverg\u00fcenza y cobarde\u201d y lo despidieron pidiendo su dimisi\u00f3n\u00bb. <\/p>\n<p class=\"\">Maz\u00f3n seguir\u00e1 como presidente en funciones hasta la elecci\u00f3n de su sustituto en las Cortes Valencianas, que deber\u00e1 ser negociado entre PP y Vox. Los populares cuentan con 40 diputados y la mayor\u00eda en el parlamento se sit\u00faa en 50 sorbe un total de 99. Vox tiene 13 esca\u00f1os; el PSPV-PSOE, 31 y Comprom\u00eds, 15. <\/p>\n<p class=\"\">El partido de Santiago Abascal ha confirmado que esas conversaciones est\u00e1n a punto de arrancar. Una vez que Maz\u00f3n ha formalizado su renuncia, se ha abierto un plazo de 12 d\u00edas para que los grupos parlamentarios presenten candidato a la investidura. El plazo concluye el 19 de noviembre.<\/p>\n","protected":false},"excerpt":{"rendered":"El Bolet\u00edn Oficial del Estado (BOE) ha publicado este viernes el cese a petici\u00f3n propia de Carlos Maz\u00f3n&hellip;\n","protected":false},"author":2,"featured_media":223185,"comment_status":"","ping_status":"","sticky":false,"template":"","format":"standard","meta":{"footnotes":""},"categories":[8],"tags":[8035,17,18,2007,12137,242,10831,25,24,13,14,582,11,4274,19,20,9,10,15,16,956,23,12,21,22],"class_list":{"0":"post-223184","1":"post","2":"type-post","3":"status-publish","4":"format-standard","5":"has-post-thumbnail","7":"category-espana","8":"tag-boe","9":"tag-breaking-news","10":"tag-breakingnews","11":"tag-carlos-mazon","12":"tag-catastrofes","13":"tag-comunidad-valenciana","14":"tag-dimisiones-politicas","15":"tag-es","16":"tag-espana","17":"tag-featured-news","18":"tag-featurednews","19":"tag-gobierno","20":"tag-headlines","21":"tag-inundaciones-dana-octubre-2024","22":"tag-latest-news","23":"tag-latestnews","24":"tag-news","25":"tag-noticias","26":"tag-noticias-destacadas","27":"tag-noticiasdestacadas","28":"tag-pp","29":"tag-spain","30":"tag-titulares","31":"tag-ultimas-noticias","32":"tag-ultimasnoticias"},"share_on_mastodon":{"url":"","error":""},"_links":{"self":[{"href":"https:\/\/www.europesays.com\/es\/wp-json\/wp\/v2\/posts\/223184","targetHints":{"allow":["GET"]}}],"collection":[{"href":"https:\/\/www.europesays.com\/es\/wp-json\/wp\/v2\/posts"}],"about":[{"href":"https:\/\/www.europesays.com\/es\/wp-json\/wp\/v2\/types\/post"}],"author":[{"embeddable":true,"href":"https:\/\/www.europesays.com\/es\/wp-json\/wp\/v2\/users\/2"}],"replies":[{"embeddable":true,"href":"https:\/\/www.europesays.com\/es\/wp-json\/wp\/v2\/comments?post=223184"}],"version-history":[{"count":0,"href":"https:\/\/www.europesays.com\/es\/wp-json\/wp\/v2\/posts\/223184\/revisions"}],"wp:featuredmedia":[{"embeddable":true,"href":"https:\/\/www.europesays.com\/es\/wp-json\/wp\/v2\/media\/223185"}],"wp:attachment":[{"href":"https:\/\/www.europesays.com\/es\/wp-json\/wp\/v2\/media?parent=223184"}],"wp:term":[{"taxonomy":"category","embeddable":true,"href":"https:\/\/www.europesays.com\/es\/wp-json\/wp\/v2\/categories?post=223184"},{"taxonomy":"post_tag","embeddable":true,"href":"https:\/\/www.europesays.com\/es\/wp-json\/wp\/v2\/tags?post=223184"}],"curies":[{"name":"wp","href":"https:\/\/api.w.org\/{rel}","templated":true}]}}