{"id":223186,"date":"2025-11-07T10:17:08","date_gmt":"2025-11-07T10:17:08","guid":{"rendered":"https:\/\/www.europesays.com\/es\/223186\/"},"modified":"2025-11-07T10:17:08","modified_gmt":"2025-11-07T10:17:08","slug":"ciencia-innovacion-y-universidades-lanza-un-concurso-escolar-para-poner-nombre-a-ocho-satelites-de-la-constelacion-atlantica","status":"publish","type":"post","link":"https:\/\/www.europesays.com\/es\/223186\/","title":{"rendered":"Ciencia, Innovaci\u00f3n y Universidades lanza un concurso escolar para poner nombre a ocho sat\u00e9lites de la Constelaci\u00f3n Atl\u00e1ntica"},"content":{"rendered":"<p class=\"main-image\">&#13; <img decoding=\"async\" alt=\"La ministra junto al astronauta\" title=\"La ministra junto al astronauta\" src=\"https:\/\/www.europesays.com\/es\/wp-content\/uploads\/2025\/11\/071125-morat-concurso-satelites.jpg\"\/>&#13;La ministra de Ciencia, Innovaci\u00f3n y Universidades, Diana Morant, junto al astronauta Pablo \u00c1lvarez.&#13;&#13;<\/p>\n<p>El Ministerio de Ciencia, Innovaci\u00f3n y Universidades (MICIU), a trav\u00e9s de la Agencia Espacial Espa\u00f1ola (AEE), ha lanzado hoy el concurso escolar \u00abPon nombre a un sat\u00e9lite de la Constelaci\u00f3n Atl\u00e1ntica\u00bb. Se trata de una iniciativa dise\u00f1ada para fomentar el inter\u00e9s por la ciencia y la tecnolog\u00eda espacial entre los j\u00f3venes, invit\u00e1ndolos a poner nombre a uno de los ocho sat\u00e9lites que Espa\u00f1a aportar\u00e1 a este proyecto estrat\u00e9gico que impulsa en colaboraci\u00f3n con Portugal.<\/p>\n<p>Con motivo del lanzamiento de este concurso, la ministra de Ciencia, Innovaci\u00f3n y Universidades, Diana Morant, y Pablo \u00c1lvarez, el primer astronauta espa\u00f1ol del siglo XXI, han compartido un <a href=\"https:\/\/youtu.be\/R7SyrXQ6K8M\" onclick=\"javascript:GoogleTrackEvent(&#039;True&#039;,&#039;Contenido&#039;,&#039;Click&#039;,&#039;[https:\/\/www.lamoncloa.gob.es\/serviciosdeprensa\/notasprensa\/ciencia-innovacion-universidades\/Paginas\/2025\/071125-morat-concurso-satelites.aspx] v\u00eddeo. [https:\/\/youtu.be\/R7SyrXQ6K8M]&#039;);\" rel=\"nofollow noopener\" target=\"_blank\">v\u00eddeo<\/a> en sus redes sociales para explicar detalles sobre c\u00f3mo participar.<\/p>\n<p>En concreto, podr\u00e1n participar estudiantes que cursen desde 4\u00ba de Educaci\u00f3n Primaria hasta 4\u00ba de Educaci\u00f3n Secundaria Obligatoria (ESO) en cualquier centro educativo p\u00fablico del territorio espa\u00f1ol, con el fin de promover la participaci\u00f3n del alumnado de la red educativa p\u00fablica y contribuir a la igualdad de oportunidades y al acceso equitativo a programas STEM.<\/p>\n<p>Las propuestas ganadoras recibir\u00e1n un reconocimiento oficial por su propuesta que consistir\u00e1 en:<\/p>\n<ul>\n<li>Asignaci\u00f3n del nombre propuesta al sat\u00e9lite correspondiente de la Constelaci\u00f3n Atl\u00e1ntica.<\/li>\n<li>Certificado de reconocimiento como autor o autora del nombre seleccionado.<\/li>\n<\/ul>\n<p>Tambi\u00e9n habr\u00e1 menciones honor\u00edficas para las propuestas finalistas destacadas, con diplomas de reconocimiento y materiales divulgativos o did\u00e1cticos relacionados con el espacio.<\/p>\n<p>Una propuesta por estudiante<\/p>\n<p>La participaci\u00f3n ser\u00e1 individual. Cada estudiante podr\u00e1 enviar una \u00fanica propuesta de nombre para uno de los ocho sat\u00e9lites.<\/p>\n<p>La propuesta deber\u00e1 incluir una breve descripci\u00f3n (m\u00e1ximo 250 palabras) explicando el significado del nombre, su inspiraci\u00f3n y c\u00f3mo se relaciona con los objetivos de los sat\u00e9lites (como la observaci\u00f3n de la Tierra, la sostenibilidad o la biodiversidad). Opcionalmente, podr\u00e1 incluirse una ilustraci\u00f3n, collage o infograf\u00eda (en formato JPG, PNG o PDF, con un tama\u00f1o m\u00e1ximo de 5MB).<\/p>\n<p>Plazo y presentaci\u00f3n<\/p>\n<p>El plazo para la presentaci\u00f3n de propuestas comienza hoy, 7 de noviembre, y finalizar\u00e1 el 28 de noviembre de 2025.<\/p>\n<p>Las candidaturas deber\u00e1n enviarse exclusivamente a trav\u00e9s del <a href=\"https:\/\/www.aee.gob.es\/Destacados\/concurso-atlantica.html\" onclick=\"javascript:GoogleTrackEvent(&#039;True&#039;,&#039;Contenido&#039;,&#039;Click&#039;,&#039;[https:\/\/www.lamoncloa.gob.es\/serviciosdeprensa\/notasprensa\/ciencia-innovacion-universidades\/Paginas\/2025\/071125-morat-concurso-satelites.aspx] formulario online disponible en la web oficial de la Agencia Espacial Espa\u00f1ola. [https:\/\/www.aee.gob.es\/Destacados\/concurso-atlantica.html]&#039;);\" rel=\"nofollow noopener\" target=\"_blank\">formulario online disponible en la web oficial de la Agencia Espacial Espa\u00f1ola<\/a>.<\/p>\n<p>La Constelaci\u00f3n Atl\u00e1ntica<\/p>\n<p>La Constelaci\u00f3n Atl\u00e1ntica es un programa hispano-portugu\u00e9s, que consiste en el lanzamiento al espacio de un total de 16 sat\u00e9lites (8 por parte de Espa\u00f1a y 8 por parte de Portugal). Estos enviar\u00e1n informaci\u00f3n clave para prevenir inundaciones, incendios forestales, sequ\u00edas y olas de calor cada vez m\u00e1s agresivas, y nos ayudar\u00e1n a mejorar nuestra capacidad de reacci\u00f3n ante estas emergencias.<\/p>\n","protected":false},"excerpt":{"rendered":"&#13; &#13;La ministra de Ciencia, Innovaci\u00f3n y Universidades, Diana Morant, junto al astronauta Pablo \u00c1lvarez.&#13;&#13; El Ministerio de&hellip;\n","protected":false},"author":2,"featured_media":223187,"comment_status":"","ping_status":"","sticky":false,"template":"","format":"standard","meta":{"footnotes":""},"categories":[5],"tags":[517,17,18,119,25,24,13,14,11,59180,19,20,9,10,15,16,2330,23,12,21,22],"class_list":{"0":"post-223186","1":"post","2":"type-post","3":"status-publish","4":"format-standard","5":"has-post-thumbnail","7":"category-titulares","8":"tag-actualidad","9":"tag-breaking-news","10":"tag-breakingnews","11":"tag-ciencia","12":"tag-es","13":"tag-espana","14":"tag-featured-news","15":"tag-featurednews","16":"tag-headlines","17":"tag-innovacion-y-universidades","18":"tag-latest-news","19":"tag-latestnews","20":"tag-news","21":"tag-noticias","22":"tag-noticias-destacadas","23":"tag-noticiasdestacadas","24":"tag-prensa","25":"tag-spain","26":"tag-titulares","27":"tag-ultimas-noticias","28":"tag-ultimasnoticias"},"share_on_mastodon":{"url":"https:\/\/pubeurope.com\/@es\/115507904251685967","error":""},"_links":{"self":[{"href":"https:\/\/www.europesays.com\/es\/wp-json\/wp\/v2\/posts\/223186","targetHints":{"allow":["GET"]}}],"collection":[{"href":"https:\/\/www.europesays.com\/es\/wp-json\/wp\/v2\/posts"}],"about":[{"href":"https:\/\/www.europesays.com\/es\/wp-json\/wp\/v2\/types\/post"}],"author":[{"embeddable":true,"href":"https:\/\/www.europesays.com\/es\/wp-json\/wp\/v2\/users\/2"}],"replies":[{"embeddable":true,"href":"https:\/\/www.europesays.com\/es\/wp-json\/wp\/v2\/comments?post=223186"}],"version-history":[{"count":0,"href":"https:\/\/www.europesays.com\/es\/wp-json\/wp\/v2\/posts\/223186\/revisions"}],"wp:featuredmedia":[{"embeddable":true,"href":"https:\/\/www.europesays.com\/es\/wp-json\/wp\/v2\/media\/223187"}],"wp:attachment":[{"href":"https:\/\/www.europesays.com\/es\/wp-json\/wp\/v2\/media?parent=223186"}],"wp:term":[{"taxonomy":"category","embeddable":true,"href":"https:\/\/www.europesays.com\/es\/wp-json\/wp\/v2\/categories?post=223186"},{"taxonomy":"post_tag","embeddable":true,"href":"https:\/\/www.europesays.com\/es\/wp-json\/wp\/v2\/tags?post=223186"}],"curies":[{"name":"wp","href":"https:\/\/api.w.org\/{rel}","templated":true}]}}