{"id":223194,"date":"2025-11-07T10:27:17","date_gmt":"2025-11-07T10:27:17","guid":{"rendered":"https:\/\/www.europesays.com\/es\/223194\/"},"modified":"2025-11-07T10:27:17","modified_gmt":"2025-11-07T10:27:17","slug":"pablo-motos-supervivientes-querer-y-veronica-echegui-nominados-en-los-premios-iris-2025-de-la-academia-de-tv","status":"publish","type":"post","link":"https:\/\/www.europesays.com\/es\/223194\/","title":{"rendered":"Pablo Motos, &#8216;Supervivientes&#8217;, &#8216;Querer&#8217; y Ver\u00f3nica Echegui, nominados en los Premios Iris 2025 de la Academia de TV"},"content":{"rendered":"<p class=\"article-text\">\n        La <strong>Academia de la Televisi\u00f3n<\/strong> ha hecho p\u00fablico este jueves, 6 de noviembre, las nominaciones a los <strong>Premios Iris 2025<\/strong>. Desde la madrile\u00f1a Plaza de Callao, Xuso Jones y Ana Brito han sido los encargados de anunciar la lista completa de candidatos a los <strong>20 galardones<\/strong>. El organismo reconoce as\u00ed a los mejores presentadores y presentadoras, programas, series y coberturas informativas, adem\u00e1s de los actores y actrices m\u00e1s representativos de la temporada.\n    <\/p>\n<p>    <a href=\"https:\/\/www.eldiario.es\/vertele\/noticias\/revuelta-bambu-producciones-grandes-triunfadores-premios-iris-2024-academia-tv_1_11964731.html\" data-mrf-recirculation=\"saber-mas\" data-dl-event=\"saber-mas\" rel=\"nofollow noopener\" target=\"_blank\"><\/p>\n<p class=\"know-more__title\">&#8216;La Revuelta&#8217; y Bamb\u00fa Producciones, grandes triunfadores de los Premios Iris 2024 de la Academia de TV<\/p>\n<p>            <img decoding=\"async\" class=\"lazy\" loading=\"lazy\" data-src=\"https:\/\/static.eldiario.es\/clip\/7789ae0f-99f1-4554-a8ea-bfe49fd4bb1b_16-9-aspect-ratio_default_0.jpg\" src=\"data:image\/svg+xml,%3Csvg xmlns=\" http:=\"\" viewbox=\"0 0 880 495\" alt=\"'La Revuelta' y Bamb\u00fa Producciones, grandes triunfadores de los Premios Iris 2024 de la Academia de TV\"\/><\/p>\n<p>                        <\/a><\/p>\n<p class=\"article-text\">\n        <strong>El Hormiguero<\/strong> (Antena 3 TV), <strong>First Dates <\/strong>(Cuatro), <strong>Late Xou <\/strong>(La 1 de TVE y RTVE Play), <strong>Supervivientes <\/strong>(Telecinco), <strong>The Floor<\/strong> (La 1 de TVE y RTVE Play) y <strong>Tu cara me suena <\/strong>(Antena 3 TV) son los nominados a Mejor programa de entretenimiento.\n    <\/p>\n<p class=\"article-text\">\n        <strong>El D\u00eda Despu\u00e9s<\/strong> (Movistar Plus +), <strong>El Programa de Ana Rosa <\/strong>(Telecinco), <strong>Espejo P\u00fablico<\/strong>, cobertura incendios en Espa\u00f1a (Antena 3 TV) y <strong>La hora de La 1<\/strong> (La 1 y Canal 24 Horas), <strong>laSexta Xplica<\/strong> (laSexta) y <strong>Y ahora Sonsoles<\/strong> (Antena 3 TV) son los nominados a <strong>Mejor programa de actualidad<\/strong>.\n    <\/p>\n<p class=\"article-text\">\n        <strong>El Gran Wyoming<\/strong> por El Intermedio (laSexta), <strong>Marc Gir\u00f3<\/strong> por Late Xou (La 1 de TVE y RTVE Play),<strong> Miguel \u00c1ngel Mu\u00f1oz<\/strong> por Pek\u00edn Express. Objetivo Angkor (HBO Max), <strong>Pablo Motos <\/strong>por El Hormiguero (Antena 3 TV),<strong> Paula V\u00e1zquez<\/strong> por Bake Off (La 1 de TVE) y <strong>Sandra Barneda<\/strong> por La isla de las tentaciones (Telecinco) son los nominados a <strong>Mejor presentador o presentadora de programas de entretenimiento<\/strong>.\n    <\/p>\n<p class=\"article-text\">\n        <strong>Adela Gonz\u00e1lez<\/strong> por Ma\u00f1aneros 360 (La 1 de TVE y RTVE Play), <strong>Ana Pastor <\/strong>por El objetivo de Ana Pastor (laSexta), <strong>Ana Terradillos <\/strong>por La Mirada Cr\u00edtica (Telecinco), <strong>Jos\u00e9 Luis P\u00e9rez<\/strong> por El Cascabel (TRECE), <strong>Susanna Griso <\/strong>por Espejo P\u00fablico (Antena 3 TV) y <strong>Susana Guasch<\/strong> por Noche de Champions y Europa Leage (Movistar Plus+) son los nominados a <strong>Mejor presentador o presentadora de programas de actualidad<\/strong>.\n    <\/p>\n<p>            <img decoding=\"async\" class=\"lazy\" loading=\"lazy\" data-src=\"https:\/\/static.eldiario.es\/clip\/aab77de6-a92e-430f-9835-ce911d3ac1fa_16-9-discover-aspect-ratio_default_0.jpg\" src=\"data:image\/svg+xml,%3Csvg xmlns=\" http:=\"\" viewbox=\"0 0 1200 675\" alt=\"Adela Gonz\u00e1lez en 'Ma\u00f1aneros 360'\"\/><\/p>\n<p class=\"article-text\">\n        Ana Jota Mart\u00edn, Zaida Serrano-Piedecasas y Mar\u00eda Rubio por<strong> Pek\u00edn Express: Objetivo Angkor<\/strong> (HBO Max), Ana Mar\u00eda Bordas, Antonio Losada, Jos\u00e9 Mar\u00eda Payueta y Ana Ruiz por <strong>Eurovisi\u00f3n Junior 2024<\/strong> (La1, RTVE Play, YVA, UER), \u00c1ngeles Villamar\u00edn y David Barriga por <strong>La isla de las tentaciones 8<\/strong> (Telecinco), Bruno Pena, Patricia Flores y Jos\u00e9 Luis Mata por <strong>The Floor<\/strong> (La 1 de TVE), David Cardona, \u00c1ngeles Villamar\u00edn, V\u00edctor Rubio y Manuel V\u00e1zquez Casas por <strong>Supervivientes <\/strong>(Telecinco) y Jorge Salvador y Jorge Ventosa por<strong> El Desaf\u00edo <\/strong>(Antena 3 TV) son los nominados a <strong>Mejor producci\u00f3n de entretenimiento<\/strong>.\n    <\/p>\n<p class=\"article-text\">\n        <strong>Aqu\u00ed se hace <\/strong>(Telemadrid), <strong>Control de fronteras: Espa\u00f1a<\/strong> (DMAX), <strong>Generaci\u00f3n Click <\/strong>(ETB2, Prime Video, Movistar Plus+ y TVC), <strong>Las voces de la radio <\/strong>(Movistar Plus+), <strong>Lo de \u00c9vole<\/strong> (laSexta) y <strong>\u00d3rbita Laika<\/strong> (La 2 de TVE y RTVE Play) son los nominados a <strong>Mejor programa divulgativo<\/strong>.\n    <\/p>\n<p class=\"article-text\">\n        <strong>Alaska Revelada<\/strong> (Movistar Plus+),<strong> El incendio del Windsor<\/strong> (Cuatro), <strong>El loco. Los silencios de Quintero<\/strong> (RTVE Play), <strong>Infiltrada en el B\u00fanker<\/strong> (Prime Video), <strong>La red<\/strong> (laSexta) y <strong>Los Williams <\/strong>(Netflix, Primeran) son los nominados a <strong>Mejor programa documental<\/strong>.\n    <\/p>\n<p class=\"article-text\">\n        <strong>Agus y Lui, churros y Crafts<\/strong> (Clan), <strong>Equipo Planeta<\/strong> (Castilla La-Mancha Media), Irabazi Arte (ETB1), <strong>Jotalent Zagales<\/strong> (Arag\u00f3n TV), <strong>La casa de los retos<\/strong> (Boing) y <strong>Tik Tak Factory<\/strong> (SX3, Canal Infantil de TV3) son los nominados a <strong>Mejor programa infantil<\/strong>.\n    <\/p>\n<p class=\"article-text\">\n        David F. Rivas por <strong>El Hormiguero<\/strong> (Antena 3 TV), Iv\u00e1n Prado y Vicente Pe\u00f1a por <strong>La isla de las tentaciones<\/strong> (Telecinco), Iv\u00e1n Prado, Vicente Pe\u00f1a y Ricardo D\u00edaz por <strong>Supervivientes <\/strong>(Telecinco), Joana Garc\u00eda y Noelia Esteban por <strong>The Floor <\/strong>(La 1 de TVE y RTVE Play), Juan Carlos Carrasco y Luis Cach\u00f3n por<strong> <\/strong><strong>Masterchef 12+1<\/strong> (La 1 de TVE) y Juan Gregorio Rodr\u00edguez por El Desaf\u00edo (Antena 3 TV) son los nominados a <strong>Mejor realizaci\u00f3n<\/strong>.\n    <\/p>\n<p class=\"article-text\">\n        Andreu Buenafuente, David Martos y Ver\u00f3nica D\u00edaz por <strong>Futuro Imperfecto<\/strong> (La1 de TVE y RTVE Play), \u00c1ngel Lude\u00f1a y David Linares por <strong>Supervivientes <\/strong>(Telecinco), Carles Porta por Crims (TV3 y 3Cat), Laia Vidal y Tinet Rubira por <strong>Tu cara me suena<\/strong> (Antena 3 TV), Meritxell Estruch por <strong>La isla de las tentaciones<\/strong> (Telecinco) y Santi Villas, Marc Gir\u00f3 y Rebeca Rodr\u00edguez por <strong>Late Xou<\/strong> (La 1 de TVE y RTVE Play) son los nominados a<strong> Mejor direcci\u00f3n de programas<\/strong>.\n    <\/p>\n<p>            <img decoding=\"async\" class=\"lazy\" loading=\"lazy\" data-src=\"https:\/\/static.eldiario.es\/clip\/394d0ba9-3da3-478b-9b21-60f331d81e3a_16-9-discover-aspect-ratio_default_0.jpg\" src=\"data:image\/svg+xml,%3Csvg xmlns=\" http:=\"\" viewbox=\"0 0 1200 675\" alt=\"Marc Gir\u00f3 en su 'Late Xou' de RTVE\"\/><\/p>\n<p class=\"article-text\">\n        Berto Romero, Rafael Barcel\u00f3, J\u00falia Cot, Jordi L\u00f3pez, Mohamed El Boutrouki por <strong>El Consultorio de Berto<\/strong> (Movistar Plus+), Carlos Otero y \u00c1ngeles Meneses por <strong>MasterChef 12+1<\/strong> (La 1 de TVE y RTVE Play), David Navas y Edu Garc\u00eda Eyo por El Intermedio (laSexta) y el equipo de guionistas de Supervivientes por <strong>Supervivientes <\/strong>(Telecinco), Laura Llopis, Fernando Acevedo, Sergio Gonz\u00e1lez, Daniel Fontecha, Cristina Correa, Juan del Val, Mar\u00eda Dab\u00e1n, Alberto Sierra, Juan Ib\u00e1\u00f1ez, Dami\u00e1n Moll\u00e1, Julia Alcocer, Jordi Molt\u00f3, Miguel Garde\u00f1es, Juan Herrera, Antonio Tejerina por <strong>El Hormiguero<\/strong> (Antena 3 TV) y Ram\u00f3n Pardina, Leticia Fer\u00e1ndez, Bea Esos, Rafel Barcel\u00f3, Joan Grau, Javier Rueda, Juanli de Paolis, Ra\u00fal Cimas, Gabriel Garc\u00eda-Soto, Adri Romero y J\u00f9lia Cot por <strong>Futuro Imperfecto<\/strong> (La 1 de TVE y RTVE Play) son los nominados a <strong>Mejor guion de entretenimiento<\/strong>.\n    <\/p>\n<p class=\"article-text\">\n        <strong>Alejandra Andrade<\/strong> por Fuera de Cobertura (Cuatro), <strong>Enrique Obrero<\/strong> por Informativos Telecinco Fin de Semana (Telecinco), <strong>Ester Bertan <\/strong>por Tot es mou (3 Cat), <strong>Isma Ju\u00e1rez<\/strong> por El Intermedio (laSexta), <strong>Jalis de la Serna<\/strong> por Apatrullando (laSexta) y <strong>Marc<\/strong> <strong>Camdelacreu <\/strong>por corresponsal Jerusal\u00e9n Telediario (La 1 de TVE, RTVE Play, Canal 24 Horas) son los nominados a <strong>Mejor reportero<\/strong>.\n    <\/p>\n<p>    <strong>Los nominados a los Premios Iris en Informativos<\/strong><\/p>\n<p class=\"article-text\">\n        <strong>Alba Lago <\/strong>por Noticias Cuatro 14h (Cuatro), Alejandra Herranz por Telediario 1\u00aa Edici\u00f3n (La 1 de TVE y RTVE Play), <strong>Mar\u00eda Casado<\/strong> por Informativos Telecinco Fin de Semana (Telecinco), <strong>Rodrigo Bl\u00e1zquez<\/strong> por laSexta Noticias 20h (laSexta), <strong>Sandra Golpe <\/strong>por Antena 3 Noticias 1 (Antena 3 TV) y <strong>Vicente Vall\u00e9s <\/strong>por Antena 3 Noticias 2 (Antena 3 TV) son los nominados a <strong>Mejor presentador o presentadora de informativos<\/strong>.\n    <\/p>\n<p class=\"article-text\">\n        <strong>Antena 3 Noticias <\/strong><strong>Cobertura de la DANA <\/strong>(Antena 3 TV), <strong>Apag\u00f3n informativo de RTVE<\/strong> (El segundo informativo m\u00e1s largo de la historia) (La 1 de TVE, RTVE Play y y Canal 24H), <strong>Arag\u00f3n Noticias 1<\/strong> (Arag\u00f3n TV), <strong>laSexta Noticias<\/strong><strong> Cobertura de la DANA <\/strong>(laSexta), <strong>Noticias Cuatro Fin de Semana<\/strong> (Cuatro) y <strong>Telenot\u00edcies Vespre<\/strong> (TV3) son los nominados a <strong>Mejor informativo<\/strong>.\n    <\/p>\n<p>    <strong>Los nominados a los Premios Iris en Ficci\u00f3n<\/strong><\/p>\n<p class=\"article-text\">\n        <strong>\u00c1ngela <\/strong>(Antena 3 TV), <strong>Dos Tumbas<\/strong> (Netflix), <strong>La Favorita 1922<\/strong> (Telecinco), <strong>Querer <\/strong>(Movistar Plus+),<strong> Su Majestad<\/strong> (Prime Video) y <strong>Yo, adicto<\/strong> (Disney+) son las nominadas a <strong>Mejor ficci\u00f3n<\/strong>.\n    <\/p>\n<p class=\"article-text\">\n        <strong>Daniel Grao<\/strong> por \u00c1ngela (Antena 3), David Verdaguer por El Mar Invisible (TV3, 3Cat, Disney +), <strong>Luis Fern\u00e1ndez <\/strong>por La Favorita 1922 (Telecinco), <strong>Miguel Bernadeau<\/strong> por Querer (Movistar Plus+), <strong>Oriol Pla<\/strong> por Yo, adicto (Disney Plus+) y<strong> Pedro Casablanc<\/strong> por Querer (Movistar Plus+) son los nominados a <strong>Mejor actor<\/strong>.\n    <\/p>\n<p class=\"article-text\">\n        <strong>Anna Castillo<\/strong> por Su Majestad (Prime Video),<strong> Candela Pe\u00f1a<\/strong> por Furia (HBO Max), <strong>Carmen Machi <\/strong>por Celeste (Movistar Plus+), <strong>Nagore Aranburu <\/strong>por Querer (Movistar Plus+), <strong>Ver\u00f3nica Echegui<\/strong> por A muerte (Apple TV+) y<strong> Ver\u00f3nica S\u00e1nchez<\/strong> por La Favorita 1922 (Telecinco) son las nominadas a <strong>Mejor actriz<\/strong>.\n    <\/p>\n<p>            <img decoding=\"async\" class=\"lazy\" loading=\"lazy\" data-src=\"https:\/\/static.eldiario.es\/clip\/e89fe0a8-06c5-4291-9746-aceb9628ce26_16-9-discover-aspect-ratio_default_0.jpg\" src=\"data:image\/svg+xml,%3Csvg xmlns=\" http:=\"\" viewbox=\"0 0 1200 675\" alt=\"Ver\u00f3nica Echegui en 'A Muerte'\"\/><\/p>\n<p class=\"article-text\">\n        Alauda Ruiz de Az\u00faa por <strong>Querer <\/strong>(Movistar Plus+), Elena Trap\u00e9 por Celeste (Movistar Plus+), Enrique Urbizu por <strong>Cuando nadie nos ve<\/strong> (HBO Max), F\u00e9lix Sabroso por <strong>Furia<\/strong> (HBO Max), Javier Ferreiro por <strong>Mariliendre <\/strong>(atresplayer) y Kike Ma\u00edllo por <strong>Dos tumbas <\/strong>(Netflix) son los nominados a <strong>Mejor direcci\u00f3n de ficci\u00f3n Antonio Mercero<\/strong>.\n    <\/p>\n<p class=\"article-text\">\n        Espe Garc\u00eda por <strong>Mariliendre <\/strong>(atresplayer), Jos\u00e9 Mar\u00eda Irisarri, Gonzalo Sagard\u00eda, Santiago de la Rica, Valentina Pozzoli y Rodrigo Sope\u00f1a por <strong>Atasco 2<\/strong> (Prime Video), Laura Fern\u00e1ndez Espeso, Alejandro Fl\u00f3rez, Javier M\u00e9ndez, Borja Cobeaga, Nahikari Ipiales y Carlos Apolinario por <strong>Su Majestad<\/strong> (Prime Video), Ram\u00f3n Campos y Ghislain Barrois por <strong>La Favorita 1922<\/strong> (Telecinco), Sof\u00eda F\u00e1bregas, Aitor Gabilondo, Laura Rubirola Sala, Javier Giner y Javier Pascual por <strong>Yo, Adicto<\/strong> (Disney+) y Susana Herreras, Fran Ara\u00fajo, Juan Moreno y Koldo Zuazua por <strong>Querer <\/strong>(Movistar Plus+) son los nominados a <strong>Mejor producci\u00f3n de ficci\u00f3n<\/strong>.\n    <\/p>\n<p>    <a href=\"https:\/\/www.eldiario.es\/vertele\/noticias\/noemi-galera-ot-2025-tinho-lucia-aclara-pasado-desmayo-obligacion-protegerles-videos_1_12743395.html\" data-mrf-recirculation=\"saber-mas-abajo\" data-dl-event=\"saber-mas-abajo\" rel=\"nofollow noopener\" target=\"_blank\"><\/p>\n<p class=\"know-more__title\">Noem\u00ed Galera nos aclara qu\u00e9 ha pasado con Tinho y Luc\u00eda antes del desmayo en &#8216;OT 2025&#8217;: \u201cEs mi obligaci\u00f3n protegerlos\u201d<\/p>\n<p>            <img decoding=\"async\" class=\"lazy\" loading=\"lazy\" data-src=\"https:\/\/static.eldiario.es\/clip\/dce356ec-5433-4207-b592-492798bea700_16-9-aspect-ratio_default_0.jpg\" src=\"data:image\/svg+xml,%3Csvg xmlns=\" http:=\"\" viewbox=\"0 0 880 495\" alt=\"Noem\u00ed Galera nos aclara qu\u00e9 ha pasado con Tinho y Luc\u00eda antes del desmayo en 'OT 2025': &quot;Es mi obligaci\u00f3n protegerlos&quot;\"\/><\/p>\n<p>                        <\/a><\/p>\n<p class=\"article-text\">\n        Agust\u00edn Mart\u00ednez, Jorge D\u00edaz y Antonio Mercero por<strong> Dos Tumbas<\/strong> (Netflix), Alauda Ruiz de Az\u00faa, Eduard Sola y J\u00falia de Paz por <strong>Querer <\/strong>(Movistar Plus+), Borja Cobeaga, Diego San Jos\u00e9 y Jos\u00e9 Antonio P\u00e9rez Ledo por <strong>Su Majestad<\/strong> (Prime Video), Javier Ferreiro y Paloma Rando por <strong>Mariliendre <\/strong>(atresplayer), Javier Giner, Jorge Gil, Alba Carballal y Aitor Gabilondo por <strong>Yo, adicto<\/strong> (Disney+) y Pepe Coira y Fran Ara\u00fajo por <strong>La canci\u00f3n<\/strong> (Movistar Plus+) son los nominados a <strong>Mejor guion de ficci\u00f3n<\/strong>.\n    <\/p>\n","protected":false},"excerpt":{"rendered":"La Academia de la Televisi\u00f3n ha hecho p\u00fablico este jueves, 6 de noviembre, las nominaciones a los Premios&hellip;\n","protected":false},"author":2,"featured_media":223195,"comment_status":"","ping_status":"","sticky":false,"template":"","format":"standard","meta":{"footnotes":""},"categories":[174],"tags":[45,923,255,28379,146,147,25,24,256,59181,13882,23219,618,532,23,3947,214,27036],"class_list":{"0":"post-223194","1":"post","2":"type-post","3":"status-publish","4":"format-standard","5":"has-post-thumbnail","7":"category-famosos","8":"tag-45","9":"tag-academia","10":"tag-celebrities","11":"tag-echegui","12":"tag-entertainment","13":"tag-entretenimiento","14":"tag-es","15":"tag-espana","16":"tag-famosos","17":"tag-iris","18":"tag-motos","19":"tag-nominados","20":"tag-pablo","21":"tag-premios","22":"tag-spain","23":"tag-supervivientes","24":"tag-tv","25":"tag-veronica"},"share_on_mastodon":{"url":"https:\/\/pubeurope.com\/@es\/115507943400201118","error":""},"_links":{"self":[{"href":"https:\/\/www.europesays.com\/es\/wp-json\/wp\/v2\/posts\/223194","targetHints":{"allow":["GET"]}}],"collection":[{"href":"https:\/\/www.europesays.com\/es\/wp-json\/wp\/v2\/posts"}],"about":[{"href":"https:\/\/www.europesays.com\/es\/wp-json\/wp\/v2\/types\/post"}],"author":[{"embeddable":true,"href":"https:\/\/www.europesays.com\/es\/wp-json\/wp\/v2\/users\/2"}],"replies":[{"embeddable":true,"href":"https:\/\/www.europesays.com\/es\/wp-json\/wp\/v2\/comments?post=223194"}],"version-history":[{"count":0,"href":"https:\/\/www.europesays.com\/es\/wp-json\/wp\/v2\/posts\/223194\/revisions"}],"wp:featuredmedia":[{"embeddable":true,"href":"https:\/\/www.europesays.com\/es\/wp-json\/wp\/v2\/media\/223195"}],"wp:attachment":[{"href":"https:\/\/www.europesays.com\/es\/wp-json\/wp\/v2\/media?parent=223194"}],"wp:term":[{"taxonomy":"category","embeddable":true,"href":"https:\/\/www.europesays.com\/es\/wp-json\/wp\/v2\/categories?post=223194"},{"taxonomy":"post_tag","embeddable":true,"href":"https:\/\/www.europesays.com\/es\/wp-json\/wp\/v2\/tags?post=223194"}],"curies":[{"name":"wp","href":"https:\/\/api.w.org\/{rel}","templated":true}]}}