{"id":223217,"date":"2025-11-07T10:49:10","date_gmt":"2025-11-07T10:49:10","guid":{"rendered":"https:\/\/www.europesays.com\/es\/223217\/"},"modified":"2025-11-07T10:49:10","modified_gmt":"2025-11-07T10:49:10","slug":"el-oviedo-femenino-cae-con-orgullo-en-la-copa-de-la-reina-ante-el-sevilla-y-con-ambientazo-en-el-tartiere","status":"publish","type":"post","link":"https:\/\/www.europesays.com\/es\/223217\/","title":{"rendered":"El Oviedo Femenino cae con orgullo en la Copa de la Reina ante el Sevilla y con ambientazo en el Tartiere"},"content":{"rendered":"<p class=\"ft-text ft-helper-closenews\">El <strong>Real Oviedo Femenino se despidi\u00f3 de la Copa de la Reina con la cabeza muy alta. <\/strong>El conjunto carbay\u00f3n cay\u00f3 (2-3) ante el <strong>Sevilla Femenino<\/strong>, de la m\u00e1xima categor\u00eda, en un Carlos Tartiere que present\u00f3 una notable entrada \u2013<strong>con m\u00e1s de 2.700 espectadores<\/strong>\u2013 y un ambiente de los que hacen afici\u00f3n. Fue el tercer partido copero del curso para las azules, que previamente hab\u00edan eliminado al Villalonga (0-6) y al Sporting (0-1), y el primero para las sevillistas, que <strong>sellaron su billete a los octavos de final con mucho m\u00e1s sufrimiento del que se imaginaban.<\/strong><\/p>\n<p>\n\t\t\t\t\t<strong>0-1<\/strong>, min. 22: Rosa M.; <strong>0-2<\/strong>, min. 59: Alba Cerrato; <strong>1-2<\/strong>, min. 69: Stephannie; <strong>2-2<\/strong>, min. 91: Eva Lois; <strong>2-3<\/strong>, min. 97: Andrea \u00c1lvarez.\n\t\t\t\t<\/p>\n<p class=\"ft-helper-fontSize-body-M--small ft-helper-fontColor-primary ft-helper-hide-md\"><strong>Alineaci\u00f3n Real Oviedo <\/strong><\/p>\n<p class=\"ft-helper-fontSize-body-M\">Saray; Marina M., Eva Lois, Stephannie; Sheila, Sheila C., Villadeamigo, Hahnel, L. Pascual; R. Mbapp\u00e9, Vera Rico.<\/p>\n<p class=\"ft-helper-fontSize-body-M--small ft-helper-fontColor-primary\">\n\t\t\t\t\t\t\t\t<strong>CAMBIOS<\/strong>\n\t\t\t\t\t\t\t<\/p>\n<p class=\"ft-helper-fontSize-body-M\">Nati Cano por Sheila, min. 62. Gema Gin\u00e9s por Vera Rico, min. 62. Nerea L. por Sheila C., min. 62. Ana de Teresa por Hahnel, min. 72. Laurina por R. Mbapp\u00e9, min. 77.<\/p>\n<p class=\"ft-helper-fontSize-body-M--small ft-helper-fontColor-primary ft-helper-hide-md\"><strong>Alineaci\u00f3n Sevilla<\/strong><\/p>\n<p class=\"ft-helper-fontSize-body-M\">Cheza; Alba L\u00f3pez, Iris Arnaiz, Alice M., Esther M.; Alicia, Chantal, Rosa M.; F. Kanteh, Alba Cerrato, Wifi.<\/p>\n<p class=\"ft-helper-fontSize-body-M--small ft-helper-fontColor-primary\">\n\t\t\t\t\t\t\t\t<strong>CAMBIOS<\/strong>\n\t\t\t\t\t\t\t<\/p>\n<p class=\"ft-helper-fontSize-body-M\">Millaray Cort\u00e9s por Alicia, min. 64. Andrea \u00c1lvarez por Wifi, min. 71.<\/p>\n<p>\n\t\t\t\t\t\tYlenia S\u00e1nchez (Catalu\u00f1a). Amonest\u00f3 a las locales Sheila, R. Mbapp\u00e9 y Eva Lois, y a las visitantes Alice M. y Alba L\u00f3pez.\n\t\t\t\t\t<\/p>\n<p>\n\t\t\t\t\t\t<strong>Carlos Tartiere<\/strong>: 2.750 espectadores.\n\t\t\t\t\t<\/p>\n<p class=\"ft-text\">El encuentro comenz\u00f3 con ritmo y sin complejos por parte del Oviedo, que pese a la diferencia de categor\u00eda plant\u00f3 cara en los primeros compases. Sin embargo, la calidad del conjunto sevillista -entrenado por David Losada y con la presencia en el once de las asturianas Mar\u00eda Cheza (portera) e Iris Arnaiz (capitana), ambas formadas en el Oviedo Moderno- acab\u00f3 marcando la diferencia. En el minuto 22, <strong>Rosa M\u00e1rquez adelant\u00f3 a las andaluzas con un lanzamiento de falta lateral que roz\u00f3 Saray<\/strong>, pero acab\u00f3 col\u00e1ndose en la porter\u00eda. Antes, la colegiada Ylenia S\u00e1nchez, del Comit\u00e9 Catal\u00e1n, hab\u00eda mostrado la primera amarilla a la central visitante Alice M., seguida de otras a la local Sheila y a la sevillista Alba L\u00f3pez.<\/p>\n<p class=\"ft-text\">El Oviedo Femenino, dirigido por Andrea Su\u00e1rez, mantuvo el pulso en la primera mitad, pero en la reanudaci\u00f3n <strong>sufri\u00f3 con las contras del Sevilla<\/strong>. En el minuto 59, <strong>una r\u00e1pida acci\u00f3n entre Rosa M\u00e1rquez y Alba Cerrato termin\u00f3 con el segundo tanto visitante, dejando al equipo local contra las cuerdas.<\/strong><\/p>\n<p>Reacci\u00f3n con orgullo azul<\/p>\n<p class=\"ft-text\">Lejos de rendirse, el conjunto carbay\u00f3n sigui\u00f3 intent\u00e1ndolo. Vera Rico lo prob\u00f3 poco despu\u00e9s del segundo gol y Saray mantuvo vivo al equipo con una gran parada a disparo de Andrea \u00c1lvarez. Cuando el duelo parec\u00eda camino de languidecer ya sentenciado, <strong>el Tartiere estall\u00f3 con el golazo de Stephannie Blanco, <\/strong>que transform\u00f3 con potencia y maestr\u00eda una falta en el minuto 70. Imposible para la portera asturiana Cheza. No se qued\u00f3 ah\u00ed la reacci\u00f3n azul, y las carbayonas estaban dispuestas a pelearlo hasta el final. Lleg\u00f3 el premio cuando comenzaban los minutos de descuento: <strong>Eva Lois aprovech\u00f3 en el primer palo un saque de esquina para igualar el marcador y poner el estadio patas arriba.<\/strong><\/p>\n<p class=\"ft-text\">El sue\u00f1o de ara\u00f1ar una pr\u00f3rroga, alcanzado ahora y que minutos antes parec\u00eda imposible, se esfum\u00f3, sin embargo, demasiado pronto. El f\u00fatbol se puso su traje m\u00e1s cruel para castigar a las azules. Apenas unos minutos despu\u00e9s, cuando la \u00e1rbitra poco menos que se estaba llevando el silbato a la boca para decretar el final, <strong>un c\u00f3rner acab\u00f3 con el gol definitivo del Sevilla<\/strong>, anotado de cabeza por Andrea \u00c1lvarez, que cerr\u00f3 el partido y el pase a octavos del conjunto hispalense cuando se hab\u00edan sobrepasado ya los siete minutos de descuento ense\u00f1ados en la tablilla.<\/p>\n<p data-close=\"closedContent\" class=\"subscribeHideForDisplay\">Suscr\u00edbete para seguir leyendo<\/p>\n","protected":false},"excerpt":{"rendered":"El Real Oviedo Femenino se despidi\u00f3 de la Copa de la Reina con la cabeza muy alta. El&hellip;\n","protected":false},"author":2,"featured_media":223218,"comment_status":"","ping_status":"","sticky":false,"template":"","format":"standard","meta":{"footnotes":""},"categories":[268],"tags":[10722,2493,44786,168,25,24,4649,280,282,5602,1796,3302,1171,281,23,167],"class_list":{"0":"post-223217","1":"post","2":"type-post","3":"status-publish","4":"format-standard","5":"has-post-thumbnail","7":"category-futbol","8":"tag-cae","9":"tag-copa","10":"tag-copa-de-la-reina","11":"tag-deportes","12":"tag-es","13":"tag-espana","14":"tag-femenino","15":"tag-football","16":"tag-futbol","17":"tag-orgullo","18":"tag-oviedo","19":"tag-real-oviedo","20":"tag-sevilla","21":"tag-soccer","22":"tag-spain","23":"tag-sports"},"share_on_mastodon":{"url":"https:\/\/pubeurope.com\/@es\/115508030027840162","error":""},"_links":{"self":[{"href":"https:\/\/www.europesays.com\/es\/wp-json\/wp\/v2\/posts\/223217","targetHints":{"allow":["GET"]}}],"collection":[{"href":"https:\/\/www.europesays.com\/es\/wp-json\/wp\/v2\/posts"}],"about":[{"href":"https:\/\/www.europesays.com\/es\/wp-json\/wp\/v2\/types\/post"}],"author":[{"embeddable":true,"href":"https:\/\/www.europesays.com\/es\/wp-json\/wp\/v2\/users\/2"}],"replies":[{"embeddable":true,"href":"https:\/\/www.europesays.com\/es\/wp-json\/wp\/v2\/comments?post=223217"}],"version-history":[{"count":0,"href":"https:\/\/www.europesays.com\/es\/wp-json\/wp\/v2\/posts\/223217\/revisions"}],"wp:featuredmedia":[{"embeddable":true,"href":"https:\/\/www.europesays.com\/es\/wp-json\/wp\/v2\/media\/223218"}],"wp:attachment":[{"href":"https:\/\/www.europesays.com\/es\/wp-json\/wp\/v2\/media?parent=223217"}],"wp:term":[{"taxonomy":"category","embeddable":true,"href":"https:\/\/www.europesays.com\/es\/wp-json\/wp\/v2\/categories?post=223217"},{"taxonomy":"post_tag","embeddable":true,"href":"https:\/\/www.europesays.com\/es\/wp-json\/wp\/v2\/tags?post=223217"}],"curies":[{"name":"wp","href":"https:\/\/api.w.org\/{rel}","templated":true}]}}